{"id":5472,"date":"2014-07-19T10:12:53","date_gmt":"2014-07-19T07:12:53","guid":{"rendered":"http:\/\/www.sana.sy\/tr\/?p=5472"},"modified":"2014-07-19T12:04:46","modified_gmt":"2014-07-19T09:04:46","slug":"5472","status":"publish","type":"post","link":"https:\/\/archive.sana.sy\/tr\/?p=5472","title":{"rendered":"Ordunun Operasyonlar\u0131 Taviz Vermeden S\u00fcrd\u00fcr\u00fcl\u00fcyor"},"content":{"rendered":"<p>\u0130LLER \u2013 Kahraman ordu birliklerimiz, Siyonizm ve Suriye\u2019ye d\u00fc\u015fman b\u00fct\u00fcn g\u00fc\u00e7lerin \u00e7\u0131karlar\u0131n\u0131 savunmak amac\u0131yla \u00fclke topraklar\u0131n\u0131 tahrip eden halk\u0131m\u0131z\u0131n can\u0131na ve mal\u0131na kasteden silahl\u0131 ter\u00f6r gruplar\u0131na kar\u015f\u0131 operasyonlar\u0131n\u0131 hi\u00e7bir taviz vermeden s\u00fcrd\u00fcr\u00fcyorlar.<\/p>\n<p><span style=\"color: #0000ff\">\u0130dlib K\u0131rsal\u0131nda Onlarca Ter\u00f6rist \u00d6ld\u00fcr\u00fcld\u00fc<\/span><\/p>\n<p>Vatan koruyucular\u0131 ordu birliklerimiz \u0130dlib k\u0131rsal\u0131n\u0131n Kefar Necd, Bsamis ve Nahliye b\u00f6lgelerinin yan\u0131 s\u0131ra Cebel el Arbain ve Ebu el Duhur Havaliman\u0131 civarlar\u0131nda ter\u00f6ristlerin k\u00fcmelenme yerleri ve ara\u00e7lar\u0131n\u0131 nitelikli operasyonlarla hedef ald\u0131.<\/p>\n<p>Operasyonlarda aralar\u0131nda az\u0131l\u0131 eleba\u015flar\u0131 ve yabanc\u0131lar\u0131n bulundu\u011fu onlarca ter\u00f6rist \u00f6l\u00fc yaral\u0131 d\u00fc\u015f\u00fcr\u00fcl\u00fcrken, ara\u00e7 ve cephanelikleri de imha edildi.<\/p>\n<p><span style=\"color: #0000ff\">Kunaytra K\u0131rsal\u0131nda G\u00fcvenli B\u00f6lgelere S\u0131zmalar\u0131 Engellendi<\/span><\/p>\n<p>Askeri bir kaynak; Kunaytra K\u0131rsal\u0131n\u0131n Mecdulya k\u00f6y\u00fcnden Kemmune Hastanesi y\u00f6n\u00fcnde s\u0131zmaya \u00e7al\u0131\u015fan silahl\u0131 ter\u00f6ristler ile kahraman birliklerimiz aras\u0131nda meydana gelen \u00e7at\u0131\u015fmada ter\u00f6ristlerin b\u00fcy\u00fck \u00e7o\u011funlu\u011funun \u00f6l\u00fc ve yaral\u0131 d\u00fc\u015f\u00fcr\u00fcld\u00fc\u011f\u00fcn\u00fc ifade etti.<\/p>\n<p>Kunaytra K\u0131rsal\u0131n\u0131n el Acraf B\u00f6lgesi, Avfaniye K\u00f6y\u00fc ve Kahtaniye Beldesinde bulunan ter\u00f6r yuvalar\u0131n\u0131 hedef alan operasyonlar\u0131n s\u00fcrd\u00fc\u011f\u00fcne i\u015faret eden kaynak; buralarda meydana gelen \u00e7at\u0131\u015fmalarda onlarca ter\u00f6ristin \u00f6l\u00fc ve yaral\u0131 olarak ele ge\u00e7irildi\u011fini belirtti.<\/p>\n<p><span style=\"color: #0000ff\">Hama K\u0131rsal\u0131nda Bir Ter\u00f6r Grubu Tamamen Bertaraf Edildi<\/span><\/p>\n<p>Kahraman birliklerimizin Hama K\u0131rsal\u0131n\u0131n Mork Beldesinde d\u00fczenledikleri nitelikli operasyonlar \u00e7er\u00e7evesinde meydana gelen \u00e7at\u0131\u015fmada silahl\u0131 bir ter\u00f6r grubunun tamamen bertaraf edildi\u011fine de\u011finen kaynak \u00e7at\u0131\u015fmada bir eleba\u015f\u0131n\u0131n da \u00f6ld\u00fcr\u00fcld\u00fc\u011f\u00fcn\u00fcn alt\u0131n\u0131 \u00e7izdi.<\/p>\n<p><span style=\"color: #0000ff\">Dera ve K\u0131rsal\u0131nda Onlarca Ter\u00f6rist \u00d6ld\u00fcr\u00fcld\u00fc<\/span><\/p>\n<p>Dera ve K\u0131rsal\u0131nda ter\u00f6rle m\u00fccadelenin h\u0131z kesmeden devam etti\u011fine dikkat \u00e7eken kaynak; Dera\u2019da Postane binas\u0131, el \u00d6meri Camisi ve Meteoroloji Kurumu yak\u0131nlar\u0131nda meydana gelen \u00e7at\u0131\u015fmalarda \u00e7ok say\u0131da ter\u00f6ristin \u00f6l\u00fc ve yaral\u0131 d\u00fc\u015f\u00fcr\u00fcld\u00fc\u011f\u00fcn\u00fc belirtti.<\/p>\n<p>Ayr\u0131ca Dera\u2019da ter\u00f6ristlere ait 7 ara\u00e7 ve 3 motosikletin yok edildi\u011fine de\u011finen kaynak; Busra el \u015eam Kentinin Bat\u0131 Meydan\u0131nda d\u00fczenlenen bir operasyonda 18 ter\u00f6ristin \u00f6ld\u00fcr\u00fcld\u00fc\u011f\u00fcn\u00fc onlarcas\u0131n\u0131n da yaral\u0131 olarak ele ge\u00e7irildi\u011fini beyan etti.<\/p>\n<p>Dera K\u0131rsal\u0131n\u0131n Semlin Beldesinde bulunan bir ter\u00f6r yuvas\u0131n\u0131n, i\u00e7indeki silah ve m\u00fchimmatla birlikte yok edildi\u011fini dile getiren kaynak; ayr\u0131ca meydana gelen \u00e7at\u0131\u015fmada burada bulunan b\u00fct\u00fcn ter\u00f6ristlerin \u00f6ld\u00fcr\u00fcld\u00fc\u011f\u00fcn\u00fc ibraz etti.<\/p>\n<p><span style=\"color: #0000ff\">Halep\u2019te Bir Operasyonda 50 Ter\u00f6rist \u00d6ld\u00fcr\u00fcld\u00fc<\/span><\/p>\n<p>Kahraman birliklerimizin Halep ve K\u0131rsal\u0131n\u0131n Cdeyde, Hara, Kefer Hamra, Heriytan, Maraa, Nanaiye, Serakib, \u015eeyh Sait, Bostan el Ba\u015fa, Merce, el \u0130nzarat, \u015eeyh Lutfi, Han el Asel, Ancara, Heyyan, Cub el Safa, Mansura, Zerba, \u015eear ve \u015ekayif belde ve b\u00f6lgelerinde ter\u00f6re kar\u015f\u0131 operasyonlar\u0131n s\u00fcrd\u00fc\u011f\u00fcne de\u011finen kaynak; buralarda ter\u00f6ristlere b\u00fcy\u00fck kay\u0131plar verdirildi\u011fini aktard\u0131.<\/p>\n<p>Kahraman birliklerimizin Halep\u2019te \u015eeyh Sait Semtinde d\u00fczenledikleri nitelikli bir operasyon sonucunda ter\u00f6ristlerin toplanma merkezini yok etti\u011fini dile getiren kaynak ayr\u0131ca burada aralar\u0131nda az\u0131l\u0131 eleba\u015flar\u0131 da bulunan 50 ter\u00f6ristin \u00f6l\u00fc d\u00fc\u015f\u00fcr\u00fcld\u00fc\u011f\u00fcn\u00fc onlarca ter\u00f6ristin de yaral\u0131 olarak ele ge\u00e7irildi\u011fini belirtti.<\/p>\n<p><span style=\"color: #0000ff\">Homs K\u0131rsal\u0131nda Ter\u00f6ristlere Be\u015feri ve Lojistik Kay\u0131plar Verdirildi<\/span><\/p>\n<p>Kahraman ordu birliklerimizin Homs K\u0131rsal\u0131n\u0131n Um \u015eer\u015fuh, Vadi el Kahf ve Hirbet Siyha b\u00f6lgelerinde bir\u00e7ok ter\u00f6r yuvas\u0131n\u0131 hedef ald\u0131klar\u0131n\u0131 ifade eden kaynak; buralarda da ter\u00f6ristlere b\u00fcy\u00fck be\u015feri ve lojistik kay\u0131plar verdirildi\u011finin alt\u0131n\u0131 \u00e7izdi.<\/p>\n","protected":false},"excerpt":{"rendered":"<p>\u0130LLER \u2013 Kahraman ordu birliklerimiz, Siyonizm ve Suriye\u2019ye d\u00fc\u015fman b\u00fct\u00fcn g\u00fc\u00e7lerin \u00e7\u0131karlar\u0131n\u0131 savunmak amac\u0131yla \u00fclke topraklar\u0131n\u0131 tahrip eden halk\u0131m\u0131z\u0131n can\u0131na ve mal\u0131na kasteden silahl\u0131 ter\u00f6r gruplar\u0131na kar\u015f\u0131 operasyonlar\u0131n\u0131 hi\u00e7bir taviz vermeden s\u00fcrd\u00fcr\u00fcyorlar. \u0130dlib K\u0131rsal\u0131nda Onlarca Ter\u00f6rist \u00d6ld\u00fcr\u00fcld\u00fc Vatan koruyucular\u0131 ordu birliklerimiz \u0130dlib k\u0131rsal\u0131n\u0131n Kefar Necd, Bsamis ve Nahliye b\u00f6lgelerinin yan\u0131 s\u0131ra Cebel el Arbain ve &hellip;<\/p>\n","protected":false},"author":1,"featured_media":5473,"comment_status":"closed","ping_status":"closed","sticky":false,"template":"","format":"standard","meta":{"footnotes":""},"categories":[575],"tags":[1193],"class_list":["post-5472","post","type-post","status-publish","format-standard","has-post-thumbnail","","category-olaylar-ve-gercekler","tag-ordunun-operasyonlari-taviz-vermeden-surduruluyor"],"_links":{"self":[{"href":"https:\/\/archive.sana.sy\/tr\/index.php?rest_route=\/wp\/v2\/posts\/5472","targetHints":{"allow":["GET"]}}],"collection":[{"href":"https:\/\/archive.sana.sy\/tr\/index.php?rest_route=\/wp\/v2\/posts"}],"about":[{"href":"https:\/\/archive.sana.sy\/tr\/index.php?rest_route=\/wp\/v2\/types\/post"}],"author":[{"embeddable":true,"href":"https:\/\/archive.sana.sy\/tr\/index.php?rest_route=\/wp\/v2\/users\/1"}],"replies":[{"embeddable":true,"href":"https:\/\/archive.sana.sy\/tr\/index.php?rest_route=%2Fwp%2Fv2%2Fcomments&post=5472"}],"version-history":[{"count":0,"href":"https:\/\/archive.sana.sy\/tr\/index.php?rest_route=\/wp\/v2\/posts\/5472\/revisions"}],"wp:featuredmedia":[{"embeddable":true,"href":"https:\/\/archive.sana.sy\/tr\/index.php?rest_route=\/wp\/v2\/media\/5473"}],"wp:attachment":[{"href":"https:\/\/archive.sana.sy\/tr\/index.php?rest_route=%2Fwp%2Fv2%2Fmedia&parent=5472"}],"wp:term":[{"taxonomy":"category","embeddable":true,"href":"https:\/\/archive.sana.sy\/tr\/index.php?rest_route=%2Fwp%2Fv2%2Fcategories&post=5472"},{"taxonomy":"post_tag","embeddable":true,"href":"https:\/\/archive.sana.sy\/tr\/index.php?rest_route=%2Fwp%2Fv2%2Ftags&post=5472"}],"curies":[{"name":"wp","href":"https:\/\/api.w.org\/{rel}","templated":true}]}}