{"id":54738,"date":"2015-12-08T19:41:24","date_gmt":"2015-12-08T17:41:24","guid":{"rendered":"http:\/\/www.sana.sy\/tr\/?p=54738"},"modified":"2015-12-09T16:54:40","modified_gmt":"2015-12-09T14:54:40","slug":"cokuluslu-teror-cetelere-yonelik-operasyonlar-hiz-kesmeden-devam-ediyor-3","status":"publish","type":"post","link":"https:\/\/archive.sana.sy\/tr\/?p=54738","title":{"rendered":"\u00c7okuluslu Ter\u00f6r \u00c7etelere Y\u00f6nelik Operasyonlar H\u0131z Kesmeden Devam Ediyor (video)"},"content":{"rendered":"<p>\u0130LLER \u2013 Vatan koruyucular\u0131 ordu birliklerimiz \u00e7okuluslu ter\u00f6r \u00e7etelere kar\u015f\u0131 operasyonlar\u0131n\u0131 h\u0131z kesmeden s\u00fcrd\u00fcr\u00fcp yeni ba\u015far\u0131lara imza atarken bug\u00fcn muhtelif b\u00f6lgelerde say\u0131 ve ara\u00e7lar\u0131yla a\u011f\u0131r kay\u0131plara u\u011fratt\u0131.<\/p>\n<p><span style=\"color: #0000ff\">HALEP:<\/span><\/p>\n<p>SANA muhabirine a\u00e7\u0131klama yapan askeri bir kaynak; ordu birliklerimizin Halep k\u0131rsal\u0131nda katil Erdo\u011fan rejiminin destekledi\u011fi I\u015e\u0130D, Nusra Cephesi ve di\u011fer \u00f6rg\u00fctlere kar\u015f\u0131 operasyonlar\u0131n\u0131 s\u00fcrd\u00fcr\u00fcrken; il k\u0131rsal\u0131n\u0131n do\u011fusu \u015earbea, Crof ve Hmiyme\u2019nin do\u011fusunda I\u015e\u0130D\u2019in siper ve ara\u00e7lar\u0131n\u0131 imha ederek bir\u00e7ok ter\u00f6risti \u00f6l\u00fc ve yaral\u0131 d\u00fc\u015f\u00fcrd\u00fcklerini ifade etti.<\/p>\n<p>Hava g\u00fc\u00e7lerimizin Halep k\u0131rsal\u0131n\u0131n do\u011fusu Resm el Abd, Hzaze ve Tel Ey\u00fcp b\u00f6lgelerinde I\u015e\u0130D\u2019in toplanma yerleri ve merkezlerini hedef ald\u0131klar\u0131n\u0131 belirten kaynak; ter\u00f6ristleri say\u0131 ve te\u00e7hizatlar\u0131yla a\u011f\u0131r kay\u0131plara u\u011fratt\u0131klar\u0131n\u0131 aktard\u0131.<\/p>\n<p>Kaynak; Halep Kentinin Leyramun, Beni Zeyd, Naenai, Kerm el Daeda ve el \u0130mran semtlerinde ise ordu birliklerimizin radikal ter\u00f6r \u00e7etelere y\u00f6nelik nitelikli operasyonlar\u0131nda buralarda da \u00e7ok say\u0131da ter\u00f6risti su\u00e7 edatlar\u0131yla birlikte yok ettiklerini s\u00f6yledi.<\/p>\n<p>Kaynak; ordu birliklerimizin Halep Kentinin yakla\u015f\u0131k 10 km bat\u0131s\u0131na d\u00fc\u015fen Mansura K\u00f6y\u00fcnde ter\u00f6ristlerin siper ve karargahlar\u0131n\u0131 muhtevalar\u0131yla birlikte imha ettiklerini belirtti.<\/p>\n<p>Bu arada ter\u00f6r \u00e7eteleri medya ara\u00e7lar\u0131nda aralar\u0131nda tehlikeli isimlerin bulundu\u011fu bir\u00e7ok ter\u00f6ristin \u00f6ld\u00fcr\u00fcld\u00fc\u011f\u00fcn\u00fc itiraf etti.<\/p>\n<p>Ak\u015fam saatlerinde askeri kaynak SANA muhabirine a\u00e7\u0131klamas\u0131nda; ordu birliklerimizin Halep k\u0131rsal\u0131n\u0131n do\u011fusu Neccara ve Beycan k\u00f6ylerinde bir\u00e7ok ter\u00f6risti \u00f6ld\u00fcr\u00fcrken a\u011f\u0131r makineli silahlarla donat\u0131lm\u0131\u015f ara\u00e7lar\u0131n\u0131 imha etmelerine e\u015f zamanl\u0131 olarak il k\u0131rsal\u0131n\u0131n g\u00fcneyi Tel H\u0131diye B\u00f6lgesinde ter\u00f6ristlerin yuva ve karargahlar\u0131n\u0131 muhtevalar\u0131yla birlikte tahrip ettiklerini s\u00f6yledi.<\/p>\n<p>https:\/\/www.youtube.com\/watch?v=4asb0fk973E<\/p>\n<p><span style=\"color: #0000ff\">HOMS:<\/span><\/p>\n<p>\u00d6te yandan hava g\u00fc\u00e7lerimiz Homs Kentinin yakla\u015f\u0131k 82 km g\u00fcneydo\u011fusuna d\u00fc\u015fen Karyeteyn ve Do\u011fu Hazm b\u00f6lgelerinde I\u015e\u0130D ter\u00f6r \u00f6rg\u00fct\u00fcne ait yuva ve destek hatlar\u0131n\u0131 yo\u011fun ate\u015fe tutmalar\u0131yla ter\u00f6rist ve cephane ta\u015f\u0131yan ara\u00e7 ve karargahlar\u0131n\u0131 tamamen tahrip etti.<\/p>\n<p>G\u00fcn i\u00e7inde a\u00e7\u0131klama yapan bir kaynak; hava g\u00fc\u00e7lerimizin Homs k\u0131rsal\u0131n\u0131n do\u011fusu Tedmur Kentinin bat\u0131s\u0131na d\u00fc\u015fen Bayyarat \u00a0B\u00f6lgesinde I\u015e\u0130D\u2019in siper ve karargahlar\u0131n\u0131 hedef almalar\u0131yla \u00e7ok say\u0131da ter\u00f6risti \u00f6l\u00fc ve yaral\u0131 d\u00fc\u015f\u00fcr\u00fcp ara\u00e7, silah ve m\u00fchimmatlar\u0131n\u0131 imha ettiklerini belirtti.<\/p>\n<p><span style=\"color: #0000ff\">\u0130DL\u0130B:<\/span><\/p>\n<p>Hava g\u00fc\u00e7lerimizden destek alan ordu birliklerimiz Vahhabi \u00c2l Suud ve ihvanc\u0131 Erdo\u011fan rejimlerine ba\u011fl\u0131 \u2018Fetih Ordusu\u2019na tabi \u00e7etelere y\u00f6nelik operasyonlar\u0131n\u0131 s\u00fcrd\u00fcr\u00fcrken; geneli I\u015e\u0130D, Nusra Cephesi ve \u2018\u0130zze Tabur ve T\u00fcmenleri Toplulu\u011fu\u2019na tabi \u00e7ok say\u0131da ter\u00f6risti \u00f6l\u00fc ve yaral\u0131 d\u00fc\u015f\u00fcrd\u00fc.<\/p>\n<p>Ordu birliklerimiz \u0130dlib k\u0131rsal\u0131 Han \u015eeyhun Kentinde Nusra Cephesinin yuva ve k\u00fcmelenme yerlerini hedef alarak 4 ter\u00f6risti \u00f6ld\u00fcrmelerine e\u015f zamanl\u0131 olarak Cisre\u015f\u015fu\u011fur Kenti ve Naciye Beldesinde aralar\u0131nda tehlikeli isimlerin bulundu\u011fu 13 ter\u00f6risti \u00f6ld\u00fcrd\u00fc.<\/p>\n<p>\u0130dlib k\u0131rsal\u0131n\u0131n g\u00fcneyi Temania Beldesinde de ordu birliklerimiz ter\u00f6ristlerin bir karargah\u0131na kar\u015f\u0131 operasyonda 3 ter\u00f6risti \u00f6ld\u00fcr\u00fcp havzalar\u0131nda bulunan silah ve m\u00fchimmat\u0131 tahrip etti.<\/p>\n<p><span style=\"color: #0000ff\">HAMA:<\/span><\/p>\n<p>Di\u011fer yandan Hama Kentinin yakla\u015f\u0131k 38 km kuzeyine d\u00fc\u015fen Kefar Zeyta beldesinde \u2018Ahrar el \u015eam \u0130slami Hareketi\u2019ne tabi yuva ve k\u00fcmelenme yerlerine y\u00f6nelik operasyonlar ger\u00e7ekle\u015ftiren ordu birliklerimiz; en az 10 ter\u00f6risti \u00f6ld\u00fcr\u00fcp silah ve m\u00fchimmat\u0131 ta\u015f\u0131yan 3 arac\u0131n\u0131 tamam\u0131yla imha etti.<\/p>\n<p>Hama iline tabi Selemiye k\u0131rsal\u0131n\u0131n do\u011fusu Ebu Hanaya K\u00f6y\u00fcn\u00fcn civar\u0131nda da ordu birliklerimiz ter\u00f6ristlerin 2 arac\u0131 y\u00fckleriyle birlikte tahrip etmelerine e\u015f zamanl\u0131 olarak il k\u0131rsal\u0131n\u0131n kuzeybat\u0131s\u0131 Karkor Beldesinde \u2018Fatihin T\u00fcmeni\u2019ne tabi iki ter\u00f6risti \u00f6ld\u00fcr\u00fcp silah depolar\u0131 imha etti.<\/p>\n<p>G\u00fcn\u00fcn ilerleyen saatlerinde a\u00e7\u0131klama yapan bir kaynak; ordu birliklerimizin Hama k\u0131rsal\u0131 Latamina Beldesi ve Do\u011fu Lahaya K\u00f6y\u00fcnde \u2018\u0130zze Tabur ve T\u00fcmenleri Toplulu\u011fu\u2019 ve \u2018Cund el Aksa\u2019na ait a\u011f\u0131r makineli silahlarla donat\u0131lm\u0131\u015f iki arac\u0131 imha ederek aralar\u0131nda Ahmet \u0130brahim el Musa bir ter\u00f6r eleba\u015f\u0131n\u0131n bulundu\u011fu 12 ter\u00f6risti \u00f6ld\u00fcrd\u00fcklerini s\u00f6yledi.<\/p>\n<p>Bu arada Hava g\u00fc\u00e7lerimizin Hama k\u0131rsal\u0131n\u0131n kuzeydo\u011fusu Latamina, Kefar Zeyta ve Kefar Nebbuda b\u00f6lgelerinde ter\u00f6ristlerin yuva ve hareket eksenlerini hava operasyonlar\u0131 ger\u00e7ekle\u015ftirdiklerini s\u00f6yleyen kaynak; buralarda da \u00e7ok say\u0131da ter\u00f6risti \u00f6l\u00fc ve yaral\u0131 d\u00fc\u015f\u00fcr\u00fcp a\u011f\u0131r makineli silahlarla donat\u0131lm\u0131\u015f ara\u00e7lar\u0131na ilaveten silah ve m\u00fchimmatlar\u0131n\u0131 yok ettiklerini aktard\u0131.<\/p>\n<p><span style=\"color: #0000ff\">DERA:<\/span><\/p>\n<p>Dera ve k\u0131rsal\u0131nda \u0130srail\u2019den destek alan Nusra Cephesinin bir toplanma yerini imha eden ordu birliklerimiz; il k\u0131rsal\u0131n\u0131n kuzeybat\u0131s\u0131 Gezlan \u00c7iftlikleri kuzeydo\u011fusunda radikal ter\u00f6ristlerin saflar\u0131nda a\u011f\u0131r kay\u0131plara yol a\u00e7t\u0131.<\/p>\n<p>Dera Kentinin yakla\u015f\u0131k 5 km kuzeyine d\u00fc\u015fen Etman Beldesinde de ordu birliklerimiz ter\u00f6r \u00e7etelerin mevki ve ara\u00e7lar\u0131n\u0131 imha etmeleri sonucunda buralarda da bir\u00e7ok ter\u00f6risti \u00f6l\u00fc ve yaral\u0131 d\u00fc\u015f\u00fcrd\u00fc.<\/p>\n<p>M.M. &#8211; R.H.<\/p>\n","protected":false},"excerpt":{"rendered":"<p>\u0130LLER \u2013 Vatan koruyucular\u0131 ordu birliklerimiz \u00e7okuluslu ter\u00f6r \u00e7etelere kar\u015f\u0131 operasyonlar\u0131n\u0131 h\u0131z kesmeden s\u00fcrd\u00fcr\u00fcp yeni ba\u015far\u0131lara imza atarken bug\u00fcn muhtelif b\u00f6lgelerde say\u0131 ve ara\u00e7lar\u0131yla a\u011f\u0131r kay\u0131plara u\u011fratt\u0131. HALEP: SANA muhabirine a\u00e7\u0131klama yapan askeri bir kaynak; ordu birliklerimizin Halep k\u0131rsal\u0131nda katil Erdo\u011fan rejiminin destekledi\u011fi I\u015e\u0130D, Nusra Cephesi ve di\u011fer \u00f6rg\u00fctlere kar\u015f\u0131 operasyonlar\u0131n\u0131 s\u00fcrd\u00fcr\u00fcrken; il k\u0131rsal\u0131n\u0131n do\u011fusu &hellip;<\/p>\n","protected":false},"author":1,"featured_media":54740,"comment_status":"closed","ping_status":"closed","sticky":false,"template":"","format":"standard","meta":{"footnotes":""},"categories":[575],"tags":[18025],"class_list":["post-54738","post","type-post","status-publish","format-standard","has-post-thumbnail","","category-olaylar-ve-gercekler","tag-cokuluslu-teror-cetelere-yonelik-operasyonlar-hiz-kesmeden-devam-ediyor"],"_links":{"self":[{"href":"https:\/\/archive.sana.sy\/tr\/index.php?rest_route=\/wp\/v2\/posts\/54738","targetHints":{"allow":["GET"]}}],"collection":[{"href":"https:\/\/archive.sana.sy\/tr\/index.php?rest_route=\/wp\/v2\/posts"}],"about":[{"href":"https:\/\/archive.sana.sy\/tr\/index.php?rest_route=\/wp\/v2\/types\/post"}],"author":[{"embeddable":true,"href":"https:\/\/archive.sana.sy\/tr\/index.php?rest_route=\/wp\/v2\/users\/1"}],"replies":[{"embeddable":true,"href":"https:\/\/archive.sana.sy\/tr\/index.php?rest_route=%2Fwp%2Fv2%2Fcomments&post=54738"}],"version-history":[{"count":0,"href":"https:\/\/archive.sana.sy\/tr\/index.php?rest_route=\/wp\/v2\/posts\/54738\/revisions"}],"wp:featuredmedia":[{"embeddable":true,"href":"https:\/\/archive.sana.sy\/tr\/index.php?rest_route=\/wp\/v2\/media\/54740"}],"wp:attachment":[{"href":"https:\/\/archive.sana.sy\/tr\/index.php?rest_route=%2Fwp%2Fv2%2Fmedia&parent=54738"}],"wp:term":[{"taxonomy":"category","embeddable":true,"href":"https:\/\/archive.sana.sy\/tr\/index.php?rest_route=%2Fwp%2Fv2%2Fcategories&post=54738"},{"taxonomy":"post_tag","embeddable":true,"href":"https:\/\/archive.sana.sy\/tr\/index.php?rest_route=%2Fwp%2Fv2%2Ftags&post=54738"}],"curies":[{"name":"wp","href":"https:\/\/api.w.org\/{rel}","templated":true}]}}