{"id":54747,"date":"2015-12-08T19:46:33","date_gmt":"2015-12-08T17:46:33","guid":{"rendered":"http:\/\/www.sana.sy\/tr\/?p=54747"},"modified":"2015-12-09T16:11:50","modified_gmt":"2015-12-09T14:11:50","slug":"samin-muhtelif-guvenli-bolgelere-yeni-saldirilar","status":"publish","type":"post","link":"https:\/\/archive.sana.sy\/tr\/?p=54747","title":{"rendered":"Yine Savunmas\u0131z \u0130nsanlara Sald\u0131rd\u0131lar"},"content":{"rendered":"<p>\u015eAM \u2013 \u2018Il\u0131ml\u0131 muhalifler\u2019 olarak adland\u0131r\u0131lan ve Vahhabi \u00c2l Suud rejiminden destek alan \u2018\u0130slam Ordusu\u2019na tabi \u00e7eteler savunmas\u0131z insanlar\u0131 ve g\u00fcvenli alanlar\u0131 f\u00fczelerle hedef almay\u0131 s\u00fcrd\u00fcrd\u00fc.<\/p>\n<p>\u015eam Emniyet M\u00fcd\u00fcrl\u00fc\u011f\u00fcnde bir kaynak SANA muhabirine a\u00e7\u0131klamas\u0131nda; ter\u00f6ristlerin f\u0131rlatt\u0131\u011f\u0131 bir\u00e7ok f\u00fczenin ba\u015fkent \u015eam\u2019\u0131n Bab Tuma, Muhittin ve el Adavi semtlerine ek olarak Feyha Spor Salonu ve Abbasiler Stadyumu civar\u0131na d\u00fc\u015fmeleri sonucunda 7 vatanda\u015f\u0131n yaraland\u0131\u011f\u0131n\u0131; \u00f6zel ve kamu m\u00fclklerde b\u00fcy\u00fck maddi hasar\u0131n olu\u015ftu\u011funu ifade etti.<\/p>\n<p>M.M.<\/p>\n","protected":false},"excerpt":{"rendered":"<p>\u015eAM \u2013 \u2018Il\u0131ml\u0131 muhalifler\u2019 olarak adland\u0131r\u0131lan ve Vahhabi \u00c2l Suud rejiminden destek alan \u2018\u0130slam Ordusu\u2019na tabi \u00e7eteler savunmas\u0131z insanlar\u0131 ve g\u00fcvenli alanlar\u0131 f\u00fczelerle hedef almay\u0131 s\u00fcrd\u00fcrd\u00fc. \u015eam Emniyet M\u00fcd\u00fcrl\u00fc\u011f\u00fcnde bir kaynak SANA muhabirine a\u00e7\u0131klamas\u0131nda; ter\u00f6ristlerin f\u0131rlatt\u0131\u011f\u0131 bir\u00e7ok f\u00fczenin ba\u015fkent \u015eam\u2019\u0131n Bab Tuma, Muhittin ve el Adavi semtlerine ek olarak Feyha Spor Salonu ve Abbasiler Stadyumu &hellip;<\/p>\n","protected":false},"author":1,"featured_media":54748,"comment_status":"closed","ping_status":"closed","sticky":false,"template":"","format":"standard","meta":{"footnotes":""},"categories":[575],"tags":[18026],"class_list":["post-54747","post","type-post","status-publish","format-standard","has-post-thumbnail","","category-olaylar-ve-gercekler","tag-samin-muhtelif-guvenli-bolgelere-yeni-saldirilar"],"_links":{"self":[{"href":"https:\/\/archive.sana.sy\/tr\/index.php?rest_route=\/wp\/v2\/posts\/54747","targetHints":{"allow":["GET"]}}],"collection":[{"href":"https:\/\/archive.sana.sy\/tr\/index.php?rest_route=\/wp\/v2\/posts"}],"about":[{"href":"https:\/\/archive.sana.sy\/tr\/index.php?rest_route=\/wp\/v2\/types\/post"}],"author":[{"embeddable":true,"href":"https:\/\/archive.sana.sy\/tr\/index.php?rest_route=\/wp\/v2\/users\/1"}],"replies":[{"embeddable":true,"href":"https:\/\/archive.sana.sy\/tr\/index.php?rest_route=%2Fwp%2Fv2%2Fcomments&post=54747"}],"version-history":[{"count":0,"href":"https:\/\/archive.sana.sy\/tr\/index.php?rest_route=\/wp\/v2\/posts\/54747\/revisions"}],"wp:featuredmedia":[{"embeddable":true,"href":"https:\/\/archive.sana.sy\/tr\/index.php?rest_route=\/wp\/v2\/media\/54748"}],"wp:attachment":[{"href":"https:\/\/archive.sana.sy\/tr\/index.php?rest_route=%2Fwp%2Fv2%2Fmedia&parent=54747"}],"wp:term":[{"taxonomy":"category","embeddable":true,"href":"https:\/\/archive.sana.sy\/tr\/index.php?rest_route=%2Fwp%2Fv2%2Fcategories&post=54747"},{"taxonomy":"post_tag","embeddable":true,"href":"https:\/\/archive.sana.sy\/tr\/index.php?rest_route=%2Fwp%2Fv2%2Ftags&post=54747"}],"curies":[{"name":"wp","href":"https:\/\/api.w.org\/{rel}","templated":true}]}}