{"id":5477,"date":"2014-07-18T16:21:14","date_gmt":"2014-07-18T13:21:14","guid":{"rendered":"http:\/\/www.sana.sy\/tr\/?p=5477"},"modified":"2014-07-20T10:35:12","modified_gmt":"2014-07-20T07:35:12","slug":"esaret-altinda-meydan-okudular","status":"publish","type":"post","link":"https:\/\/archive.sana.sy\/tr\/?p=5477","title":{"rendered":"Esaret Alt\u0131nda Meydan Okudular"},"content":{"rendered":"<p>GOLAN \u2013 \u0130srail i\u015fgali alt\u0131ndaki Golan tepelerinden i\u015fgal hapishanelerinde bulunan esir yurtta\u015flar\u0131m\u0131z direni\u015f ve meydan okumada Cumhurba\u015fkan\u0131 Be\u015f\u015far el Esad ve anavatana desteklerini belirtirken; Suriye&#8217;nin ter\u00f6re kar\u015f\u0131 sava\u015f\u0131nda mutlak bir zafer kazanaca\u011f\u0131n\u0131 vurgulad\u0131lar.<\/p>\n<p>\u0130\u015fgal alt\u0131ndaki Filistin topraklar\u0131ndaki \u015eattah Hapishanesinde bulunan Golanl\u0131 esirlerimiz yay\u0131nlad\u0131klar\u0131 beyanda; \u2018Direni\u015f ve Araplar\u0131n \u015fahdamar\u0131 ve y\u00fcre\u011fi\u2019 olarak nitelendirdikleri anavatan Suriye&#8217;yi selamlad\u0131lar. Suriye&#8217;nin g\u00fc\u00e7l\u00fc ve onurlu bir devlet kalaca\u011f\u0131n\u0131n ifade edildi\u011fi beyanda; t\u00fcm zorluklara, hainlere, tekfircilere ve destek\u00e7ilerine kar\u015f\u0131 meydan okumaya, milletin ve insanl\u0131\u011f\u0131n hakl\u0131 davalar\u0131n\u0131 desteklemeye devam edece\u011fi ifade edildi.<\/p>\n<p>Ordu ve silahl\u0131 kuvvetlerimizin \u015fehitlerine ilaveten yurtsever olmalar\u0131 haricinde hi\u00e7bir g\u00fcnahlar\u0131 olmayan sivil \u015fehitleri sayg\u0131yla selamlayan Golanl\u0131 esirler; tekfirci ve hain ter\u00f6r \u00e7eteleriyle birlikte onlar\u0131 destekleyen rejimleri \u015fiddetle k\u0131nad\u0131lar.<\/p>\n<p>\u0130\u015fgal hapishanelerinden despotluk ve dayatmalara kar\u015f\u0131 meydan okuduklar\u0131n\u0131 ifade eden esirler; vatan ve liderine desteklerinin alt\u0131n\u0131 bir kez daha \u00e7izdiler.<\/p>\n","protected":false},"excerpt":{"rendered":"<p>GOLAN \u2013 \u0130srail i\u015fgali alt\u0131ndaki Golan tepelerinden i\u015fgal hapishanelerinde bulunan esir yurtta\u015flar\u0131m\u0131z direni\u015f ve meydan okumada Cumhurba\u015fkan\u0131 Be\u015f\u015far el Esad ve anavatana desteklerini belirtirken; Suriye&#8217;nin ter\u00f6re kar\u015f\u0131 sava\u015f\u0131nda mutlak bir zafer kazanaca\u011f\u0131n\u0131 vurgulad\u0131lar. \u0130\u015fgal alt\u0131ndaki Filistin topraklar\u0131ndaki \u015eattah Hapishanesinde bulunan Golanl\u0131 esirlerimiz yay\u0131nlad\u0131klar\u0131 beyanda; \u2018Direni\u015f ve Araplar\u0131n \u015fahdamar\u0131 ve y\u00fcre\u011fi\u2019 olarak nitelendirdikleri anavatan Suriye&#8217;yi selamlad\u0131lar. &hellip;<\/p>\n","protected":false},"author":1,"featured_media":5478,"comment_status":"closed","ping_status":"closed","sticky":false,"template":"","format":"standard","meta":{"footnotes":""},"categories":[479,447,478],"tags":[1192],"class_list":["post-5477","post","type-post","status-publish","format-standard","has-post-thumbnail","","category-haberler-yerel","category-politika","category-yerel","tag-esaret-altinda-meydan-okudular"],"_links":{"self":[{"href":"https:\/\/archive.sana.sy\/tr\/index.php?rest_route=\/wp\/v2\/posts\/5477","targetHints":{"allow":["GET"]}}],"collection":[{"href":"https:\/\/archive.sana.sy\/tr\/index.php?rest_route=\/wp\/v2\/posts"}],"about":[{"href":"https:\/\/archive.sana.sy\/tr\/index.php?rest_route=\/wp\/v2\/types\/post"}],"author":[{"embeddable":true,"href":"https:\/\/archive.sana.sy\/tr\/index.php?rest_route=\/wp\/v2\/users\/1"}],"replies":[{"embeddable":true,"href":"https:\/\/archive.sana.sy\/tr\/index.php?rest_route=%2Fwp%2Fv2%2Fcomments&post=5477"}],"version-history":[{"count":0,"href":"https:\/\/archive.sana.sy\/tr\/index.php?rest_route=\/wp\/v2\/posts\/5477\/revisions"}],"wp:featuredmedia":[{"embeddable":true,"href":"https:\/\/archive.sana.sy\/tr\/index.php?rest_route=\/wp\/v2\/media\/5478"}],"wp:attachment":[{"href":"https:\/\/archive.sana.sy\/tr\/index.php?rest_route=%2Fwp%2Fv2%2Fmedia&parent=5477"}],"wp:term":[{"taxonomy":"category","embeddable":true,"href":"https:\/\/archive.sana.sy\/tr\/index.php?rest_route=%2Fwp%2Fv2%2Fcategories&post=5477"},{"taxonomy":"post_tag","embeddable":true,"href":"https:\/\/archive.sana.sy\/tr\/index.php?rest_route=%2Fwp%2Fv2%2Ftags&post=5477"}],"curies":[{"name":"wp","href":"https:\/\/api.w.org\/{rel}","templated":true}]}}