{"id":54771,"date":"2015-12-09T13:47:32","date_gmt":"2015-12-09T11:47:32","guid":{"rendered":"http:\/\/www.sana.sy\/tr\/?p=54771"},"modified":"2015-12-09T13:47:32","modified_gmt":"2015-12-09T11:47:32","slug":"toplanti-new-yorkta-degil-viyanada-olmali","status":"publish","type":"post","link":"https:\/\/archive.sana.sy\/tr\/?p=54771","title":{"rendered":"Toplant\u0131 New York\u2019ta De\u011fil, Viyana\u2019da Olmal\u0131"},"content":{"rendered":"<p>NEW YORK \u2013 Rusya&#8217;n\u0131n BM\u2019deki Daimi temsilcisi Witaly Churkin Rusya&#8217;n\u0131n, Suriye&#8217;ye ili\u015fkin yap\u0131lmas\u0131 beklenen toplant\u0131n\u0131n New York\u2019ta de\u011fil de daha \u00f6nceleri oldu\u011fu gibi Viyana\u2019da yap\u0131lmas\u0131n\u0131 istedi\u011fini belirtti.<\/p>\n<p>Churkin bug\u00fcn bas\u0131na yapt\u0131\u011f\u0131 ve Rus Tass Ajans\u0131n\u0131n aktard\u0131\u011f\u0131 bas\u0131n a\u00e7\u0131klamalar\u0131nda; Viyana&#8217;da daha \u00f6nce yap\u0131lan toplant\u0131lar\u0131n yeni turunun Viyana\u2019da devam etmesi gerekti\u011fini ifade ederken, bu toplant\u0131lar\u0131n bu ay\u0131n 18\u2019inde olmas\u0131n\u0131 belirlemek i\u00e7in hen\u00fcz zaman\u0131n erken oldu\u011funu s\u00f6yledi. Daha \u00f6nce yap\u0131lan toplant\u0131larda \u00fcst\u00fcne anla\u015f\u0131lan noktalar\u0131 hayata ge\u00e7irmeden yeni toplant\u0131 d\u00fczenlemenin Viyana s\u00fcrecine zarar verece\u011fine dikkat \u00e7eken Churkin; son toplant\u0131da \u00fcst\u00fcne var\u0131lan noktalar\u0131 hat\u0131rlatt\u0131. Churkin bu toplant\u0131larda Suriye&#8217;de mevcut ter\u00f6r \u00f6rg\u00fctlerin ortak bir listesini olu\u015fturmakla birlikte Suriye h\u00fck\u00fcmetiyle diyaloga oturacak muhaliflerin listesinin de olu\u015fturulmas\u0131 gerekti\u011fini ifade etti.<\/p>\n<p>Churkin toplant\u0131larda s\u00f6z ve teorilerden ziyade prati\u011fin \u00f6nemli oldu\u011funu, \u00fcst\u00fcne anla\u015f\u0131lan noktalar\u0131 hayata ge\u00e7irmeden yeni bir toplant\u0131 d\u00fczenlemenin yarar getiremeyece\u011fi gibi zarar\u0131 olaca\u011f\u0131n\u0131 s\u00f6yledi.<\/p>\n<p>Rusya&#8217;n\u0131n G\u00fcvenlik Konseyinde ter\u00f6rle m\u00fccadele ve ilgili kararlar\u0131n hayata ge\u00e7irilmesinde etkin olacak yeni bir tasar\u0131 haz\u0131rlad\u0131\u011f\u0131na dikkat \u00e7eken Churkin; bu ay\u0131n 18\u2019inde tamamlanmas\u0131 beklenen s\u00f6z konusu tasar\u0131da I\u015e\u0130D\u2019in Kaide \u00f6rg\u00fct\u00fcnden ba\u011f\u0131ms\u0131z olarak yapt\u0131r\u0131mlar uygulanan ter\u00f6r \u00f6rg\u00fctleri listesine al\u0131naca\u011f\u0131n\u0131 s\u00f6yledi.<\/p>\n","protected":false},"excerpt":{"rendered":"<p>NEW YORK \u2013 Rusya&#8217;n\u0131n BM\u2019deki Daimi temsilcisi Witaly Churkin Rusya&#8217;n\u0131n, Suriye&#8217;ye ili\u015fkin yap\u0131lmas\u0131 beklenen toplant\u0131n\u0131n New York\u2019ta de\u011fil de daha \u00f6nceleri oldu\u011fu gibi Viyana\u2019da yap\u0131lmas\u0131n\u0131 istedi\u011fini belirtti. Churkin bug\u00fcn bas\u0131na yapt\u0131\u011f\u0131 ve Rus Tass Ajans\u0131n\u0131n aktard\u0131\u011f\u0131 bas\u0131n a\u00e7\u0131klamalar\u0131nda; Viyana&#8217;da daha \u00f6nce yap\u0131lan toplant\u0131lar\u0131n yeni turunun Viyana\u2019da devam etmesi gerekti\u011fini ifade ederken, bu toplant\u0131lar\u0131n bu ay\u0131n &hellip;<\/p>\n","protected":false},"author":1,"featured_media":54799,"comment_status":"closed","ping_status":"closed","sticky":false,"template":"","format":"standard","meta":{"footnotes":""},"categories":[458,459,17988],"tags":[18036],"class_list":["post-54771","post","type-post","status-publish","format-standard","has-post-thumbnail","","category-dunya1","category-haberler-arap-uluslararasi-politika","category-son-haberler","tag-rusyanin-bmdeki-daimi-temsilcisi-witaly-churkin"],"_links":{"self":[{"href":"https:\/\/archive.sana.sy\/tr\/index.php?rest_route=\/wp\/v2\/posts\/54771","targetHints":{"allow":["GET"]}}],"collection":[{"href":"https:\/\/archive.sana.sy\/tr\/index.php?rest_route=\/wp\/v2\/posts"}],"about":[{"href":"https:\/\/archive.sana.sy\/tr\/index.php?rest_route=\/wp\/v2\/types\/post"}],"author":[{"embeddable":true,"href":"https:\/\/archive.sana.sy\/tr\/index.php?rest_route=\/wp\/v2\/users\/1"}],"replies":[{"embeddable":true,"href":"https:\/\/archive.sana.sy\/tr\/index.php?rest_route=%2Fwp%2Fv2%2Fcomments&post=54771"}],"version-history":[{"count":0,"href":"https:\/\/archive.sana.sy\/tr\/index.php?rest_route=\/wp\/v2\/posts\/54771\/revisions"}],"wp:featuredmedia":[{"embeddable":true,"href":"https:\/\/archive.sana.sy\/tr\/index.php?rest_route=\/wp\/v2\/media\/54799"}],"wp:attachment":[{"href":"https:\/\/archive.sana.sy\/tr\/index.php?rest_route=%2Fwp%2Fv2%2Fmedia&parent=54771"}],"wp:term":[{"taxonomy":"category","embeddable":true,"href":"https:\/\/archive.sana.sy\/tr\/index.php?rest_route=%2Fwp%2Fv2%2Fcategories&post=54771"},{"taxonomy":"post_tag","embeddable":true,"href":"https:\/\/archive.sana.sy\/tr\/index.php?rest_route=%2Fwp%2Fv2%2Ftags&post=54771"}],"curies":[{"name":"wp","href":"https:\/\/api.w.org\/{rel}","templated":true}]}}