{"id":54797,"date":"2015-12-09T12:20:12","date_gmt":"2015-12-09T10:20:12","guid":{"rendered":"http:\/\/www.sana.sy\/tr\/?p=54797"},"modified":"2015-12-09T14:26:57","modified_gmt":"2015-12-09T12:26:57","slug":"yurtsever-yurtici-muhalif-gucler-konferansi-bugun-bircok-muhalif-guc-ve-partinin-katilimiyla-yurticindeki-ses-slogani-altinda-samdaki-sheraton-otelinde-calismalarina-basladi","status":"publish","type":"post","link":"https:\/\/archive.sana.sy\/tr\/?p=54797","title":{"rendered":"Yurtsever yurti\u00e7i muhalif g\u00fc\u00e7ler konferans\u0131 bug\u00fcn bir\u00e7ok muhalif g\u00fc\u00e7 ve partinin kat\u0131l\u0131m\u0131yla \u2018Yurti\u00e7indeki Ses\u2019 slogan\u0131 alt\u0131nda \u015eam\u2019daki Sheraton Otelinde \u00e7al\u0131\u015fmalar\u0131na ba\u015flad\u0131."},"content":{"rendered":"<p>Yurtsever yurti\u00e7i muhalif g\u00fc\u00e7ler konferans\u0131 bug\u00fcn bir\u00e7ok muhalif g\u00fc\u00e7 ve partinin kat\u0131l\u0131m\u0131yla \u2018Yurti\u00e7indeki Ses\u2019 slogan\u0131 alt\u0131nda \u015eam\u2019daki Sheraton Otelinde \u00e7al\u0131\u015fmalar\u0131na ba\u015flad\u0131.<\/p>\n","protected":false},"excerpt":{"rendered":"<p>Yurtsever yurti\u00e7i muhalif g\u00fc\u00e7ler konferans\u0131 bug\u00fcn bir\u00e7ok muhalif g\u00fc\u00e7 ve partinin kat\u0131l\u0131m\u0131yla \u2018Yurti\u00e7indeki Ses\u2019 slogan\u0131 alt\u0131nda \u015eam\u2019daki Sheraton Otelinde \u00e7al\u0131\u015fmalar\u0131na ba\u015flad\u0131.<\/p>\n","protected":false},"author":1,"featured_media":0,"comment_status":"closed","ping_status":"closed","sticky":false,"template":"","format":"standard","meta":{"footnotes":""},"categories":[17991],"tags":[],"class_list":["post-54797","post","type-post","status-publish","format-standard","","category-son-dakika"],"_links":{"self":[{"href":"https:\/\/archive.sana.sy\/tr\/index.php?rest_route=\/wp\/v2\/posts\/54797","targetHints":{"allow":["GET"]}}],"collection":[{"href":"https:\/\/archive.sana.sy\/tr\/index.php?rest_route=\/wp\/v2\/posts"}],"about":[{"href":"https:\/\/archive.sana.sy\/tr\/index.php?rest_route=\/wp\/v2\/types\/post"}],"author":[{"embeddable":true,"href":"https:\/\/archive.sana.sy\/tr\/index.php?rest_route=\/wp\/v2\/users\/1"}],"replies":[{"embeddable":true,"href":"https:\/\/archive.sana.sy\/tr\/index.php?rest_route=%2Fwp%2Fv2%2Fcomments&post=54797"}],"version-history":[{"count":0,"href":"https:\/\/archive.sana.sy\/tr\/index.php?rest_route=\/wp\/v2\/posts\/54797\/revisions"}],"wp:attachment":[{"href":"https:\/\/archive.sana.sy\/tr\/index.php?rest_route=%2Fwp%2Fv2%2Fmedia&parent=54797"}],"wp:term":[{"taxonomy":"category","embeddable":true,"href":"https:\/\/archive.sana.sy\/tr\/index.php?rest_route=%2Fwp%2Fv2%2Fcategories&post=54797"},{"taxonomy":"post_tag","embeddable":true,"href":"https:\/\/archive.sana.sy\/tr\/index.php?rest_route=%2Fwp%2Fv2%2Ftags&post=54797"}],"curies":[{"name":"wp","href":"https:\/\/api.w.org\/{rel}","templated":true}]}}