{"id":54805,"date":"2015-12-09T14:24:08","date_gmt":"2015-12-09T12:24:08","guid":{"rendered":"http:\/\/www.sana.sy\/tr\/?p=54805"},"modified":"2015-12-09T14:24:08","modified_gmt":"2015-12-09T12:24:08","slug":"kore-halkinin-vatanini-bagimsiz-bir-sekilde-birlestirmesine-umutla-bakiyoruz","status":"publish","type":"post","link":"https:\/\/archive.sana.sy\/tr\/?p=54805","title":{"rendered":"Kore Halk\u0131n\u0131n Vatan\u0131n\u0131 Ba\u011f\u0131ms\u0131z Bir \u015eekilde Birle\u015ftirmesine Umutla Bak\u0131yoruz"},"content":{"rendered":"<p>\u015eAM \u2013 Suriye Arap Cumhuriyeti, Demokratik Kore Halk Cumhuriyetinin, Kore Yar\u0131madas\u0131ndaki meselenin bar\u0131\u015f\u00e7\u0131l yollarla \u00e7\u00f6z\u00fclmesi y\u00f6n\u00fcndeki talebini destekledi\u011fini belirtti.<\/p>\n<p>D\u0131\u015fi\u015fleri ve Gurbet\u00e7iler Bakanl\u0131\u011f\u0131 bug\u00fcn yay\u0131nlad\u0131\u011f\u0131 ve SANA\u2019n\u0131n bir n\u00fcshas\u0131n\u0131 ald\u0131\u011f\u0131 resmi beyan\u0131nda; Demokratik Kore\u2019nin Kore Yar\u0131madas\u0131ndaki sorunun siyasi ve bar\u0131\u015f\u00e7\u0131l yollarla \u00e7\u00f6z\u00fclmesi talebinin yan\u0131 s\u0131ra ABD\u2019ye yar\u0131madada sava\u015fa son verip istikrar ve g\u00fcvenli\u011fi sa\u011flay\u0131p taraflar aras\u0131nda g\u00fcveni peki\u015ftirecek bar\u0131\u015f anla\u015fmas\u0131 y\u00f6n\u00fcnde \u00e7aba harcamas\u0131 \u00e7a\u011fr\u0131s\u0131na Suriye&#8217;nin deste\u011fini ifade etti. Suriye&#8217;nin Kore Yar\u0131madas\u0131nda bar\u0131\u015f ve g\u00fcvenli\u011fin sa\u011flanmas\u0131yla birlikte uluslar aras\u0131 d\u00fczeyde g\u00fcvenlik ve bar\u0131\u015f\u0131n sa\u011flanmas\u0131n\u0131 \u00f6ng\u00f6ren BM misak\u0131na \u00f6zeni kapsam\u0131nda Demokratik Kore\u2019nin bu hakl\u0131 ve adil talebine deste\u011fini ifade eden bakanl\u0131k; Kore Yar\u0131madas\u0131ndaki sorunun b\u00f6lge ve d\u00fcnya g\u00fcvenli\u011fini tehdit etti\u011fine i\u015faret etti.<\/p>\n<p>Bakanl\u0131k beyan\u0131nda Suriye&#8217;nin; Kore halk\u0131n\u0131n vatan\u0131n\u0131 herhangi bir yabanc\u0131 m\u00fcdahale olmaks\u0131z\u0131n kendi elleriyle birle\u015ftirmesi ve kendi gelece\u011fini ba\u011f\u0131ms\u0131z bir \u015fekilde yap\u0131land\u0131raca\u011f\u0131 g\u00fcne umutla bakt\u0131\u011f\u0131n\u0131 ifade etti.<\/p>\n","protected":false},"excerpt":{"rendered":"<p>\u015eAM \u2013 Suriye Arap Cumhuriyeti, Demokratik Kore Halk Cumhuriyetinin, Kore Yar\u0131madas\u0131ndaki meselenin bar\u0131\u015f\u00e7\u0131l yollarla \u00e7\u00f6z\u00fclmesi y\u00f6n\u00fcndeki talebini destekledi\u011fini belirtti. D\u0131\u015fi\u015fleri ve Gurbet\u00e7iler Bakanl\u0131\u011f\u0131 bug\u00fcn yay\u0131nlad\u0131\u011f\u0131 ve SANA\u2019n\u0131n bir n\u00fcshas\u0131n\u0131 ald\u0131\u011f\u0131 resmi beyan\u0131nda; Demokratik Kore\u2019nin Kore Yar\u0131madas\u0131ndaki sorunun siyasi ve bar\u0131\u015f\u00e7\u0131l yollarla \u00e7\u00f6z\u00fclmesi talebinin yan\u0131 s\u0131ra ABD\u2019ye yar\u0131madada sava\u015fa son verip istikrar ve g\u00fcvenli\u011fi sa\u011flay\u0131p taraflar &hellip;<\/p>\n","protected":false},"author":1,"featured_media":54806,"comment_status":"closed","ping_status":"closed","sticky":false,"template":"","format":"standard","meta":{"footnotes":""},"categories":[479,17988,478],"tags":[2621],"class_list":["post-54805","post","type-post","status-publish","format-standard","has-post-thumbnail","","category-haberler-yerel","category-son-haberler","category-yerel","tag-disisleri-ve-gurbetciler-bakanligi"],"_links":{"self":[{"href":"https:\/\/archive.sana.sy\/tr\/index.php?rest_route=\/wp\/v2\/posts\/54805","targetHints":{"allow":["GET"]}}],"collection":[{"href":"https:\/\/archive.sana.sy\/tr\/index.php?rest_route=\/wp\/v2\/posts"}],"about":[{"href":"https:\/\/archive.sana.sy\/tr\/index.php?rest_route=\/wp\/v2\/types\/post"}],"author":[{"embeddable":true,"href":"https:\/\/archive.sana.sy\/tr\/index.php?rest_route=\/wp\/v2\/users\/1"}],"replies":[{"embeddable":true,"href":"https:\/\/archive.sana.sy\/tr\/index.php?rest_route=%2Fwp%2Fv2%2Fcomments&post=54805"}],"version-history":[{"count":0,"href":"https:\/\/archive.sana.sy\/tr\/index.php?rest_route=\/wp\/v2\/posts\/54805\/revisions"}],"wp:featuredmedia":[{"embeddable":true,"href":"https:\/\/archive.sana.sy\/tr\/index.php?rest_route=\/wp\/v2\/media\/54806"}],"wp:attachment":[{"href":"https:\/\/archive.sana.sy\/tr\/index.php?rest_route=%2Fwp%2Fv2%2Fmedia&parent=54805"}],"wp:term":[{"taxonomy":"category","embeddable":true,"href":"https:\/\/archive.sana.sy\/tr\/index.php?rest_route=%2Fwp%2Fv2%2Fcategories&post=54805"},{"taxonomy":"post_tag","embeddable":true,"href":"https:\/\/archive.sana.sy\/tr\/index.php?rest_route=%2Fwp%2Fv2%2Ftags&post=54805"}],"curies":[{"name":"wp","href":"https:\/\/api.w.org\/{rel}","templated":true}]}}