{"id":54813,"date":"2015-12-09T15:00:56","date_gmt":"2015-12-09T13:00:56","guid":{"rendered":"http:\/\/www.sana.sy\/tr\/?p=54813"},"modified":"2015-12-09T15:00:56","modified_gmt":"2015-12-09T13:00:56","slug":"rusya-erdogan-ve-rejiminin-yalanini-kanitlamaya-kararli","status":"publish","type":"post","link":"https:\/\/archive.sana.sy\/tr\/?p=54813","title":{"rendered":"Rusya Erdo\u011fan ve Rejiminin Yalan\u0131n\u0131 Kan\u0131tlamaya Kararl\u0131"},"content":{"rendered":"<p>MOSKOVA \u2013 Rusya Ba\u015fkanl\u0131k Saray\u0131 Kremlin; T\u00fcrkiye rejim g\u00fc\u00e7lerinin 24 Kas\u0131m\u2019da Suriye hava sahas\u0131nda d\u00fc\u015f\u00fcrd\u00fckleri Rus sava\u015f u\u00e7a\u011f\u0131 konusunda uluslar aras\u0131 bir soru\u015fturman\u0131n yap\u0131lmas\u0131n\u0131 talep etti\u011fini ve bu y\u00f6nde \u00e7aba harcad\u0131\u011f\u0131n\u0131 belirtti.<\/p>\n<p>Rusya Ba\u015fkan\u0131 Vladimir Putin\u2019in resmi s\u00f6zc\u00fcs\u00fc Dimitry Peskov RT web sitesinin bug\u00fcn aktard\u0131\u011f\u0131 bas\u0131n a\u00e7\u0131klamalar\u0131nda; Rusya Savunma Bakanl\u0131\u011f\u0131n\u0131n soru\u015fturmaya kat\u0131lacak yabanc\u0131 uzmanlara davet g\u00f6nderece\u011fini a\u00e7\u0131klad\u0131.<\/p>\n<p>Ba\u015fkan Putin\u2019in d\u00fcn Savunma Bakan\u0131 Sergey Shoygu ile toplant\u0131s\u0131nda konuya ili\u015fkin gerekli talimatlar\u0131 verdi\u011fini ifade eden Peskov; d\u00fc\u015fen u\u00e7a\u011f\u0131n kara kutusundaki bilgilerin uluslar aras\u0131 uzmanlar\u0131n huzurunda a\u00e7\u0131l\u0131p u\u00e7a\u011f\u0131n d\u00fc\u015fmeden \u00f6nce izledi\u011fi rota ve t\u00fcm bilgilerin de\u011ferlendirilece\u011fini s\u00f6yledi.<\/p>\n<p>Bu arada Kremlin Putin\u2019in bug\u00fcn \u0130ngiltere Ba\u015fbakan\u0131 Devid Cameron ile bulundu\u011fu telefon g\u00f6r\u00fc\u015fmesinde; d\u00fc\u015fen Rus u\u00e7a\u011f\u0131n kara kutusundaki bilgilerin tahliye ve analiz edilmelerine kat\u0131lmalar\u0131 i\u00e7in \u0130ngiliz uzmanlar\u0131 davet etti\u011fini ifade etti.<\/p>\n<p>Kremlin yapt\u0131\u011f\u0131 a\u00e7\u0131klamada Putin ve Cameron\u2019un telefon g\u00f6r\u00fc\u015fmesinde Suriye ve b\u00f6lgedeki son geli\u015fmeleri de\u011ferlendirirlerken I\u015e\u0130D ve di\u011fer ter\u00f6r \u00f6rg\u00fctlerin ta\u015f\u0131d\u0131klar\u0131 tehlike konusunda hemfikir olduklar\u0131n\u0131 belirtti.<\/p>\n","protected":false},"excerpt":{"rendered":"<p>MOSKOVA \u2013 Rusya Ba\u015fkanl\u0131k Saray\u0131 Kremlin; T\u00fcrkiye rejim g\u00fc\u00e7lerinin 24 Kas\u0131m\u2019da Suriye hava sahas\u0131nda d\u00fc\u015f\u00fcrd\u00fckleri Rus sava\u015f u\u00e7a\u011f\u0131 konusunda uluslar aras\u0131 bir soru\u015fturman\u0131n yap\u0131lmas\u0131n\u0131 talep etti\u011fini ve bu y\u00f6nde \u00e7aba harcad\u0131\u011f\u0131n\u0131 belirtti. Rusya Ba\u015fkan\u0131 Vladimir Putin\u2019in resmi s\u00f6zc\u00fcs\u00fc Dimitry Peskov RT web sitesinin bug\u00fcn aktard\u0131\u011f\u0131 bas\u0131n a\u00e7\u0131klamalar\u0131nda; Rusya Savunma Bakanl\u0131\u011f\u0131n\u0131n soru\u015fturmaya kat\u0131lacak yabanc\u0131 uzmanlara davet &hellip;<\/p>\n","protected":false},"author":1,"featured_media":54815,"comment_status":"closed","ping_status":"closed","sticky":false,"template":"","format":"standard","meta":{"footnotes":""},"categories":[17988,2554,2555],"tags":[18042,18041,16667,18040],"class_list":["post-54813","post","type-post","status-publish","format-standard","has-post-thumbnail","","category-son-haberler","category-suriye-ve-dunya","category-suriye-ve-turkiye","tag-dimitry-peskov","tag-dusurulen-rus-ucak","tag-rusya-baskanlik-sarayi-kremlin","tag-rusya-erdogan-ve-rejiminin-yalanini-kanitlamaya-kararli"],"_links":{"self":[{"href":"https:\/\/archive.sana.sy\/tr\/index.php?rest_route=\/wp\/v2\/posts\/54813","targetHints":{"allow":["GET"]}}],"collection":[{"href":"https:\/\/archive.sana.sy\/tr\/index.php?rest_route=\/wp\/v2\/posts"}],"about":[{"href":"https:\/\/archive.sana.sy\/tr\/index.php?rest_route=\/wp\/v2\/types\/post"}],"author":[{"embeddable":true,"href":"https:\/\/archive.sana.sy\/tr\/index.php?rest_route=\/wp\/v2\/users\/1"}],"replies":[{"embeddable":true,"href":"https:\/\/archive.sana.sy\/tr\/index.php?rest_route=%2Fwp%2Fv2%2Fcomments&post=54813"}],"version-history":[{"count":0,"href":"https:\/\/archive.sana.sy\/tr\/index.php?rest_route=\/wp\/v2\/posts\/54813\/revisions"}],"wp:featuredmedia":[{"embeddable":true,"href":"https:\/\/archive.sana.sy\/tr\/index.php?rest_route=\/wp\/v2\/media\/54815"}],"wp:attachment":[{"href":"https:\/\/archive.sana.sy\/tr\/index.php?rest_route=%2Fwp%2Fv2%2Fmedia&parent=54813"}],"wp:term":[{"taxonomy":"category","embeddable":true,"href":"https:\/\/archive.sana.sy\/tr\/index.php?rest_route=%2Fwp%2Fv2%2Fcategories&post=54813"},{"taxonomy":"post_tag","embeddable":true,"href":"https:\/\/archive.sana.sy\/tr\/index.php?rest_route=%2Fwp%2Fv2%2Ftags&post=54813"}],"curies":[{"name":"wp","href":"https:\/\/api.w.org\/{rel}","templated":true}]}}