{"id":5483,"date":"2014-07-19T11:18:51","date_gmt":"2014-07-19T08:18:51","guid":{"rendered":"http:\/\/www.sana.sy\/tr\/?p=5483"},"modified":"2014-07-20T10:41:12","modified_gmt":"2014-07-20T07:41:12","slug":"isgalci-israilin-yeni-saldirilarinda-10-sehit-bilanco-311e-yukseldi","status":"publish","type":"post","link":"https:\/\/archive.sana.sy\/tr\/?p=5483","title":{"rendered":"\u0130\u015fgalci \u0130srail\u2019in Yeni Sald\u0131r\u0131lar\u0131nda 10 \u015eehit Bilan\u00e7o 311\u2019e Y\u00fckseldi"},"content":{"rendered":"<p>GAZZE &#8211; \u0130\u015fgalci \u0130srail\u2019in Gazze Kesimine y\u00f6nelik barbarca sald\u0131r\u0131lar\u0131 12. G\u00fcn\u00fcnde devam ediyor. Kesimin muhtelif b\u00f6lgelerine d\u00fczenledi\u011fi yeni sald\u0131r\u0131larda 15 Filistinlinin \u015fehit d\u00fc\u015fmesine \u00e7ok say\u0131da ki\u015finin de yaralanmas\u0131na yol a\u00e7arken \u015fu ana kadar Filistinli \u015fehitlerin say\u0131s\u0131 311 yaral\u0131lar\u0131n say\u0131s\u0131 ise 2250\u2019yi a\u015fm\u0131\u015f durumda.<\/p>\n<p>Filistin\u2019in BM Temsilcisi \u0130srail\u2019in Gazze\u2019ye Sald\u0131r\u0131lar\u0131n\u0131 K\u0131nayan Bir Karar \u00dcstlenmesi Talebinde Bulundu<\/p>\n<p>\u00c7te yandan Filistin\u2019in Birle\u015fmi\u015f Milletler Temsilcisi Riyad Mansur, \u0130\u015fgalci \u0130srail\u2019in Gazze\u2019ye y\u00f6nelik sald\u0131r\u0131lar\u0131n\u0131n uluslararas\u0131 kanun ilkelerini ihlal etti\u011fini belirterek bu sald\u0131r\u0131lar\u0131 k\u0131nayan bir karar\u0131 \u00fcstlenmeye \u00e7a\u011fr\u0131 yapt\u0131.<\/p>\n<p>Filistinli VEFA haber ajans\u0131 Mansur\u2019un G\u00fcvenlik Konseyinin d\u00fczenledi\u011fi toplant\u0131 \u00f6n\u00fcnde bu sabah yapt\u0131\u011f\u0131 konu\u015fmas\u0131nda, ate\u015fkes \u00e7a\u011fr\u0131s\u0131 ve Gazze Kesimine uygulanan ablukan\u0131n kald\u0131r\u0131lmas\u0131 ve masum sivil halk\u0131n korunmas\u0131na \u00e7a\u011fr\u0131s\u0131n\u0131 yineledi\u011fini s\u00f6yledi.<\/p>\n<p>Mansur, Gazze Kesimindeki sivillerin ac\u0131lar\u0131n\u0131 hafifletmek amac\u0131yla insani yard\u0131mlar\u0131n sunulmas\u0131n\u0131 talep ederek UNRWA\u2019n\u0131n bu zor \u015fartlarda hizmetlerini sunmak i\u00e7in bu ay\u0131n 14\u2019\u00fcnde yapt\u0131\u011f\u0131 \u00e7a\u011fr\u0131ya kulak verilmesi gere\u011fini vurgulad\u0131.<\/p>\n","protected":false},"excerpt":{"rendered":"<p>GAZZE &#8211; \u0130\u015fgalci \u0130srail\u2019in Gazze Kesimine y\u00f6nelik barbarca sald\u0131r\u0131lar\u0131 12. G\u00fcn\u00fcnde devam ediyor. Kesimin muhtelif b\u00f6lgelerine d\u00fczenledi\u011fi yeni sald\u0131r\u0131larda 15 Filistinlinin \u015fehit d\u00fc\u015fmesine \u00e7ok say\u0131da ki\u015finin de yaralanmas\u0131na yol a\u00e7arken \u015fu ana kadar Filistinli \u015fehitlerin say\u0131s\u0131 311 yaral\u0131lar\u0131n say\u0131s\u0131 ise 2250\u2019yi a\u015fm\u0131\u015f durumda. Filistin\u2019in BM Temsilcisi \u0130srail\u2019in Gazze\u2019ye Sald\u0131r\u0131lar\u0131n\u0131 K\u0131nayan Bir Karar \u00dcstlenmesi Talebinde Bulundu &hellip;<\/p>\n","protected":false},"author":1,"featured_media":5484,"comment_status":"closed","ping_status":"closed","sticky":false,"template":"","format":"standard","meta":{"footnotes":""},"categories":[458,459,447],"tags":[1195],"class_list":["post-5483","post","type-post","status-publish","format-standard","has-post-thumbnail","","category-dunya1","category-haberler-arap-uluslararasi-politika","category-politika","tag-isgalci-israilin-yeni-saldirilarinda-10-sehit-bilanco-311e-yukseldi"],"_links":{"self":[{"href":"https:\/\/archive.sana.sy\/tr\/index.php?rest_route=\/wp\/v2\/posts\/5483","targetHints":{"allow":["GET"]}}],"collection":[{"href":"https:\/\/archive.sana.sy\/tr\/index.php?rest_route=\/wp\/v2\/posts"}],"about":[{"href":"https:\/\/archive.sana.sy\/tr\/index.php?rest_route=\/wp\/v2\/types\/post"}],"author":[{"embeddable":true,"href":"https:\/\/archive.sana.sy\/tr\/index.php?rest_route=\/wp\/v2\/users\/1"}],"replies":[{"embeddable":true,"href":"https:\/\/archive.sana.sy\/tr\/index.php?rest_route=%2Fwp%2Fv2%2Fcomments&post=5483"}],"version-history":[{"count":0,"href":"https:\/\/archive.sana.sy\/tr\/index.php?rest_route=\/wp\/v2\/posts\/5483\/revisions"}],"wp:featuredmedia":[{"embeddable":true,"href":"https:\/\/archive.sana.sy\/tr\/index.php?rest_route=\/wp\/v2\/media\/5484"}],"wp:attachment":[{"href":"https:\/\/archive.sana.sy\/tr\/index.php?rest_route=%2Fwp%2Fv2%2Fmedia&parent=5483"}],"wp:term":[{"taxonomy":"category","embeddable":true,"href":"https:\/\/archive.sana.sy\/tr\/index.php?rest_route=%2Fwp%2Fv2%2Fcategories&post=5483"},{"taxonomy":"post_tag","embeddable":true,"href":"https:\/\/archive.sana.sy\/tr\/index.php?rest_route=%2Fwp%2Fv2%2Ftags&post=5483"}],"curies":[{"name":"wp","href":"https:\/\/api.w.org\/{rel}","templated":true}]}}