{"id":54834,"date":"2015-12-09T16:44:41","date_gmt":"2015-12-09T14:44:41","guid":{"rendered":"http:\/\/www.sana.sy\/tr\/?p=54834"},"modified":"2015-12-09T16:44:41","modified_gmt":"2015-12-09T14:44:41","slug":"turkiyedeki-teroristler-rusyanin-guvenligini-tehdit-ediyor","status":"publish","type":"post","link":"https:\/\/archive.sana.sy\/tr\/?p=54834","title":{"rendered":"T\u00fcrkiye&#8217;deki Ter\u00f6ristler Rusya&#8217;n\u0131n G\u00fcvenli\u011fini Tehdit Ediyor"},"content":{"rendered":"<p>MOSKOVA \u2013 Rusya Federal Meclisi Ba\u015fkan\u0131 Valentina Matvienko Rusya&#8217;n\u0131n Suriye&#8217;ye ter\u00f6rist ak\u0131m\u0131na son vermek i\u00e7in Suriye \u2013 T\u00fcrkiye s\u0131n\u0131rlar\u0131n\u0131n kapat\u0131lmas\u0131 y\u00f6n\u00fcndeki uluslar aras\u0131 \u00e7abalarla i\u015fbirli\u011fi i\u00e7inde olmaya haz\u0131r oldu\u011funu belirtti.<\/p>\n<p>Matvienko bug\u00fcn bas\u0131na yapt\u0131\u011f\u0131 ve RT web sitesinin aktard\u0131\u011f\u0131 a\u00e7\u0131klamalar\u0131nda; Suriye \u2013 T\u00fcrkiye s\u0131n\u0131rlar\u0131n\u0131n kapat\u0131lmas\u0131 \u00e7abalar\u0131na Rusya&#8217;n\u0131n ko\u015fulsuz i\u015fbirli\u011fine haz\u0131r oldu\u011funu ifade ederken, Moskova&#8217;n\u0131n bu konuda ilgili taraflarla bir dizi \u00f6neri ve d\u00fc\u015f\u00fcnceyi tart\u0131\u015fmakta oldu\u011funu belirtti.<\/p>\n<p>Rusya g\u00fcvenlik g\u00fc\u00e7lerinin Frans\u0131z, \u00dcrd\u00fcn ve Irak g\u00fcvenlik g\u00fc\u00e7leriyle benzer konularda ortak \u00e7al\u0131\u015fmalarda bulundu\u011funa dikkat \u00e7eken Matvienko; Suriye \u2013 T\u00fcrkiye s\u0131n\u0131rlar\u0131n\u0131n uluslar aras\u0131 g\u00fcndemin ba\u015f\u0131nda yer ald\u0131\u011f\u0131na i\u015faret etti.<\/p>\n<p>Ter\u00f6ristlerin T\u00fcrkiye topraklar\u0131n\u0131 dinlenme ve g\u00fcvenli bar\u0131nak olarak kulland\u0131\u011f\u0131na dikkat \u00e7eken Matvienko; Suriye&#8217;ye rahat bir \u015fekilde girip \u00e7\u0131kan ve T\u00fcrkiye&#8217;den ba\u015fka yerlere ge\u00e7me olana\u011f\u0131 ta\u015f\u0131yan ter\u00f6ristlerin Rusya i\u00e7in ciddi bir tehlike te\u015fkil ettiklerine vurgu yapt\u0131.<\/p>\n<p>Bu arada T\u00fcrkiye&#8217;deki Erdo\u011fan rejimi Suudi Arabistan ve Katar\u2019\u0131n i\u015fbirli\u011fi ile d\u00fcnyan\u0131n muhtelif devletlerinden toplay\u0131p e\u011fitmeleri ve silahlarla donatmalar\u0131 ard\u0131ndan az\u0131l\u0131 tekfirci ve kiral\u0131k ter\u00f6ristleri Suriye&#8217;ye g\u00f6nderiyor.<\/p>\n","protected":false},"excerpt":{"rendered":"<p>MOSKOVA \u2013 Rusya Federal Meclisi Ba\u015fkan\u0131 Valentina Matvienko Rusya&#8217;n\u0131n Suriye&#8217;ye ter\u00f6rist ak\u0131m\u0131na son vermek i\u00e7in Suriye \u2013 T\u00fcrkiye s\u0131n\u0131rlar\u0131n\u0131n kapat\u0131lmas\u0131 y\u00f6n\u00fcndeki uluslar aras\u0131 \u00e7abalarla i\u015fbirli\u011fi i\u00e7inde olmaya haz\u0131r oldu\u011funu belirtti. Matvienko bug\u00fcn bas\u0131na yapt\u0131\u011f\u0131 ve RT web sitesinin aktard\u0131\u011f\u0131 a\u00e7\u0131klamalar\u0131nda; Suriye \u2013 T\u00fcrkiye s\u0131n\u0131rlar\u0131n\u0131n kapat\u0131lmas\u0131 \u00e7abalar\u0131na Rusya&#8217;n\u0131n ko\u015fulsuz i\u015fbirli\u011fine haz\u0131r oldu\u011funu ifade ederken, Moskova&#8217;n\u0131n bu &hellip;<\/p>\n","protected":false},"author":1,"featured_media":54835,"comment_status":"closed","ping_status":"closed","sticky":false,"template":"","format":"standard","meta":{"footnotes":""},"categories":[17988,2554,2555],"tags":[],"class_list":["post-54834","post","type-post","status-publish","format-standard","has-post-thumbnail","","category-son-haberler","category-suriye-ve-dunya","category-suriye-ve-turkiye"],"_links":{"self":[{"href":"https:\/\/archive.sana.sy\/tr\/index.php?rest_route=\/wp\/v2\/posts\/54834","targetHints":{"allow":["GET"]}}],"collection":[{"href":"https:\/\/archive.sana.sy\/tr\/index.php?rest_route=\/wp\/v2\/posts"}],"about":[{"href":"https:\/\/archive.sana.sy\/tr\/index.php?rest_route=\/wp\/v2\/types\/post"}],"author":[{"embeddable":true,"href":"https:\/\/archive.sana.sy\/tr\/index.php?rest_route=\/wp\/v2\/users\/1"}],"replies":[{"embeddable":true,"href":"https:\/\/archive.sana.sy\/tr\/index.php?rest_route=%2Fwp%2Fv2%2Fcomments&post=54834"}],"version-history":[{"count":0,"href":"https:\/\/archive.sana.sy\/tr\/index.php?rest_route=\/wp\/v2\/posts\/54834\/revisions"}],"wp:featuredmedia":[{"embeddable":true,"href":"https:\/\/archive.sana.sy\/tr\/index.php?rest_route=\/wp\/v2\/media\/54835"}],"wp:attachment":[{"href":"https:\/\/archive.sana.sy\/tr\/index.php?rest_route=%2Fwp%2Fv2%2Fmedia&parent=54834"}],"wp:term":[{"taxonomy":"category","embeddable":true,"href":"https:\/\/archive.sana.sy\/tr\/index.php?rest_route=%2Fwp%2Fv2%2Fcategories&post=54834"},{"taxonomy":"post_tag","embeddable":true,"href":"https:\/\/archive.sana.sy\/tr\/index.php?rest_route=%2Fwp%2Fv2%2Ftags&post=54834"}],"curies":[{"name":"wp","href":"https:\/\/api.w.org\/{rel}","templated":true}]}}