{"id":54838,"date":"2015-12-09T18:00:48","date_gmt":"2015-12-09T16:00:48","guid":{"rendered":"http:\/\/www.sana.sy\/tr\/?p=54838"},"modified":"2015-12-10T15:32:24","modified_gmt":"2015-12-10T13:32:24","slug":"vatan-koruyuculari-cokuluslu-terore-karsi-basarilarini-surduruyor-4","status":"publish","type":"post","link":"https:\/\/archive.sana.sy\/tr\/?p=54838","title":{"rendered":"Vatan Koruyucular\u0131 \u00c7okuluslu Ter\u00f6re Kar\u015f\u0131 Ba\u015far\u0131lar\u0131n\u0131 S\u00fcrd\u00fcr\u00fcyor"},"content":{"rendered":"<p>\u0130LLER \u2013 Suriye&#8217;nin muhtelif b\u00f6lgelerinde \u00e7okuluslu ter\u00f6r gruplar\u0131na kar\u015f\u0131 operasyonlar\u0131n\u0131 ba\u015far\u0131yla s\u00fcrd\u00fcren vatan koruyucular\u0131 ordu birliklerimiz \u00e7ok say\u0131da yuva ve ara\u00e7lar\u0131n\u0131 tahrip ederken aralar\u0131nda yabanc\u0131lar\u0131n bulundu\u011fu onlarca ter\u00f6rist etkisiz hale getirdi.<\/p>\n<p><span style=\"color: #0000ff\">LAZK\u0130YE:<\/span><\/p>\n<p>SANA\u2019ya a\u00e7\u0131klama yapan askeri bir kaynak; ordu birliklerimizin Lazkiye k\u0131rsal\u0131n\u0131n kuzeyi Brendi ve Rebia da\u011flar\u0131nda T\u00fcrkiye\u2019de rejim ve daha ba\u015fka taraflardan her t\u00fcrl\u00fc deste\u011fi alan ter\u00f6ristlerden temizleyerek kontrollerine ald\u0131klar\u0131n\u0131 beyan etti.<\/p>\n<p>Ordu birliklerimizin b\u00f6lgenin sarp yap\u0131s\u0131na uygun taktikli operasyonlar\u0131 kulland\u0131klar\u0131n\u0131 aktaran kaynak; ter\u00f6r \u00f6rg\u00fctlerini say\u0131 ve te\u00e7hizatlar\u0131yla a\u011f\u0131r kay\u0131plara u\u011fratt\u0131klar\u0131n\u0131 belirtti.<\/p>\n<p>Kaynak; ordu birliklerimize tabi bomba imha ekiplerinin ter\u00f6ristlerin yok olmadan \u00f6nce iki b\u00f6lgede yerle\u015ftirdikleri bomba d\u00fczenekleri ve may\u0131nlar\u0131 etkisizle\u015ftirdiklerini s\u00f6zlerine ekledi.<\/p>\n<p><span style=\"color: #0000ff\">HOMS:<\/span><\/p>\n<p>\u00d6te yandan askeri kaynak; hava g\u00fc\u00e7lerimizin Homs k\u0131rsal\u0131 Karyeteyn B\u00f6lgesinde I\u015e\u0130D ter\u00f6r \u00f6rg\u00fct\u00fcne ait siper ve karargahlar\u0131n\u0131 hedef almalar\u0131yla aralar\u0131nda yapanc\u0131lar\u0131n bulundu\u011fu \u00e7ok say\u0131da ter\u00f6risti \u00f6l\u00fc ve yaral\u0131 d\u00fc\u015f\u00fcrd\u00fcklerini ifade etti.<\/p>\n<p>G\u00fcn i\u00e7inde a\u00e7\u0131klama yapan bir kaynak; ordu birliklerimizin Homs k\u0131rsal\u0131 Hayyal Da\u011f\u0131n\u0131n kuzeyi Saniyet el Racme\u2019nin kuzeydo\u011fusunda ter\u00f6ristlerin iki z\u0131rhl\u0131 arac\u0131n\u0131 imha etmelerine e\u015f zamanl\u0131 olarak Telbise Kenti el Dervi\u015f garaj\u0131n\u0131n \u00e7evresinde bir dozeri de tahrip ettiklerini aktard\u0131.<\/p>\n<p>M.M.<\/p>\n","protected":false},"excerpt":{"rendered":"<p>\u0130LLER \u2013 Suriye&#8217;nin muhtelif b\u00f6lgelerinde \u00e7okuluslu ter\u00f6r gruplar\u0131na kar\u015f\u0131 operasyonlar\u0131n\u0131 ba\u015far\u0131yla s\u00fcrd\u00fcren vatan koruyucular\u0131 ordu birliklerimiz \u00e7ok say\u0131da yuva ve ara\u00e7lar\u0131n\u0131 tahrip ederken aralar\u0131nda yabanc\u0131lar\u0131n bulundu\u011fu onlarca ter\u00f6rist etkisiz hale getirdi. LAZK\u0130YE: SANA\u2019ya a\u00e7\u0131klama yapan askeri bir kaynak; ordu birliklerimizin Lazkiye k\u0131rsal\u0131n\u0131n kuzeyi Brendi ve Rebia da\u011flar\u0131nda T\u00fcrkiye\u2019de rejim ve daha ba\u015fka taraflardan her t\u00fcrl\u00fc &hellip;<\/p>\n","protected":false},"author":1,"featured_media":54839,"comment_status":"closed","ping_status":"closed","sticky":false,"template":"","format":"standard","meta":{"footnotes":""},"categories":[575],"tags":[663],"class_list":["post-54838","post","type-post","status-publish","format-standard","has-post-thumbnail","","category-olaylar-ve-gercekler","tag-vatan-koruyuculari-cokuluslu-terore-karsi-basarilarini-surduruyor"],"_links":{"self":[{"href":"https:\/\/archive.sana.sy\/tr\/index.php?rest_route=\/wp\/v2\/posts\/54838","targetHints":{"allow":["GET"]}}],"collection":[{"href":"https:\/\/archive.sana.sy\/tr\/index.php?rest_route=\/wp\/v2\/posts"}],"about":[{"href":"https:\/\/archive.sana.sy\/tr\/index.php?rest_route=\/wp\/v2\/types\/post"}],"author":[{"embeddable":true,"href":"https:\/\/archive.sana.sy\/tr\/index.php?rest_route=\/wp\/v2\/users\/1"}],"replies":[{"embeddable":true,"href":"https:\/\/archive.sana.sy\/tr\/index.php?rest_route=%2Fwp%2Fv2%2Fcomments&post=54838"}],"version-history":[{"count":0,"href":"https:\/\/archive.sana.sy\/tr\/index.php?rest_route=\/wp\/v2\/posts\/54838\/revisions"}],"wp:featuredmedia":[{"embeddable":true,"href":"https:\/\/archive.sana.sy\/tr\/index.php?rest_route=\/wp\/v2\/media\/54839"}],"wp:attachment":[{"href":"https:\/\/archive.sana.sy\/tr\/index.php?rest_route=%2Fwp%2Fv2%2Fmedia&parent=54838"}],"wp:term":[{"taxonomy":"category","embeddable":true,"href":"https:\/\/archive.sana.sy\/tr\/index.php?rest_route=%2Fwp%2Fv2%2Fcategories&post=54838"},{"taxonomy":"post_tag","embeddable":true,"href":"https:\/\/archive.sana.sy\/tr\/index.php?rest_route=%2Fwp%2Fv2%2Ftags&post=54838"}],"curies":[{"name":"wp","href":"https:\/\/api.w.org\/{rel}","templated":true}]}}