{"id":54841,"date":"2015-12-09T19:10:48","date_gmt":"2015-12-09T17:10:48","guid":{"rendered":"http:\/\/www.sana.sy\/tr\/?p=54841"},"modified":"2015-12-09T19:20:28","modified_gmt":"2015-12-09T17:20:28","slug":"suriyenin-bmdeki-daimi-temsilcisi-bessar-el-caferi-isidin-suriyeden-caldigi-petrolun-temel-pazarlamacisinin-turkiye-rejimi-oldugunu-belirtterek-tum-bu-yasa-disi-islerin-recep-tayip-erdoganin","status":"publish","type":"post","link":"https:\/\/archive.sana.sy\/tr\/?p=54841","title":{"rendered":"Suriye&#8217;nin BM&#8217;deki Daimi Temsilcisi Be\u015f\u015far el Caferi; I\u015e\u0130D&#8217;in Suriye&#8217;den \u00e7ald\u0131\u011f\u0131 petrol\u00fcn temel pazarlamac\u0131s\u0131n\u0131n T\u00fcrkiye rejimi oldu\u011funu belirterek t\u00fcm bu yasa d\u0131\u015f\u0131 i\u015flerin Recep Tayip Erdo\u011fan&#8217;\u0131n o\u011flu taraf\u0131ndan denetlendi\u011fini vurgulad\u0131.\u200f"},"content":{"rendered":"<p>Suriye&#8217;nin BM&#8217;deki Daimi Temsilcisi Be\u015f\u015far el Caferi; I\u015e\u0130D&#8217;in Suriye&#8217;den \u00e7ald\u0131\u011f\u0131 petrol\u00fcn temel pazarlamac\u0131s\u0131n\u0131n T\u00fcrkiye rejimi oldu\u011funu belirterek t\u00fcm bu yasa d\u0131\u015f\u0131 i\u015flerin Recep Tayip Erdo\u011fan&#8217;\u0131n o\u011flu taraf\u0131ndan denetlendi\u011fini vurgulad\u0131.\u200f<\/p>\n","protected":false},"excerpt":{"rendered":"<p>Suriye&#8217;nin BM&#8217;deki Daimi Temsilcisi Be\u015f\u015far el Caferi; I\u015e\u0130D&#8217;in Suriye&#8217;den \u00e7ald\u0131\u011f\u0131 petrol\u00fcn temel pazarlamac\u0131s\u0131n\u0131n T\u00fcrkiye rejimi oldu\u011funu belirterek t\u00fcm bu yasa d\u0131\u015f\u0131 i\u015flerin Recep Tayip Erdo\u011fan&#8217;\u0131n o\u011flu taraf\u0131ndan denetlendi\u011fini vurgulad\u0131.\u200f<\/p>\n","protected":false},"author":1,"featured_media":0,"comment_status":"closed","ping_status":"closed","sticky":false,"template":"","format":"standard","meta":{"footnotes":""},"categories":[17991],"tags":[],"class_list":["post-54841","post","type-post","status-publish","format-standard","","category-son-dakika"],"_links":{"self":[{"href":"https:\/\/archive.sana.sy\/tr\/index.php?rest_route=\/wp\/v2\/posts\/54841","targetHints":{"allow":["GET"]}}],"collection":[{"href":"https:\/\/archive.sana.sy\/tr\/index.php?rest_route=\/wp\/v2\/posts"}],"about":[{"href":"https:\/\/archive.sana.sy\/tr\/index.php?rest_route=\/wp\/v2\/types\/post"}],"author":[{"embeddable":true,"href":"https:\/\/archive.sana.sy\/tr\/index.php?rest_route=\/wp\/v2\/users\/1"}],"replies":[{"embeddable":true,"href":"https:\/\/archive.sana.sy\/tr\/index.php?rest_route=%2Fwp%2Fv2%2Fcomments&post=54841"}],"version-history":[{"count":0,"href":"https:\/\/archive.sana.sy\/tr\/index.php?rest_route=\/wp\/v2\/posts\/54841\/revisions"}],"wp:attachment":[{"href":"https:\/\/archive.sana.sy\/tr\/index.php?rest_route=%2Fwp%2Fv2%2Fmedia&parent=54841"}],"wp:term":[{"taxonomy":"category","embeddable":true,"href":"https:\/\/archive.sana.sy\/tr\/index.php?rest_route=%2Fwp%2Fv2%2Fcategories&post=54841"},{"taxonomy":"post_tag","embeddable":true,"href":"https:\/\/archive.sana.sy\/tr\/index.php?rest_route=%2Fwp%2Fv2%2Ftags&post=54841"}],"curies":[{"name":"wp","href":"https:\/\/api.w.org\/{rel}","templated":true}]}}