{"id":54845,"date":"2015-12-09T19:41:58","date_gmt":"2015-12-09T17:41:58","guid":{"rendered":"http:\/\/www.sana.sy\/tr\/?p=54845"},"modified":"2015-12-09T19:41:58","modified_gmt":"2015-12-09T17:41:58","slug":"haseke-kirsalinda-teror-magdurlarina-yardim-paketleri-dagitildi","status":"publish","type":"post","link":"https:\/\/archive.sana.sy\/tr\/?p=54845","title":{"rendered":"Haseke K\u0131rsal\u0131nda Ter\u00f6r Ma\u011fdurlar\u0131na Yard\u0131m Paketleri Da\u011f\u0131t\u0131ld\u0131"},"content":{"rendered":"<p>HASEKE \u2013 \u0130nsani Yard\u0131m Komisyonunun Haseke\u2019deki alt komitesi bu hafta i\u00e7inde Uluslararas\u0131 \u0130nsan\u0131 Yard\u0131m \u00d6rg\u00fctlerinden takdim edilen ve ev gere\u00e7leri i\u00e7eren 17 binden fazla paketin yan\u0131 s\u0131ra 1800 g\u0131da paketini Haseke ilindeki ter\u00f6r ma\u011fduru ailelere da\u011f\u0131tt\u0131.<\/p>\n<p>Yan komite sorumlusu \u0130lyas el Daher SANA muhabirine a\u00e7\u0131klamas\u0131nda insan\u0131 yard\u0131mlar\u0131n Haseke k\u0131rsal\u0131 Ras el Ayn ve Cavvadiye b\u00f6lgelerinde bulunan ter\u00f6r ma\u011fdurlar\u0131n\u0131n yan\u0131 s\u0131ra ter\u00f6r eylemleri nedeniyle Havl B\u00f6lgesinden tehcir edilen ailelere da\u011f\u0131t\u0131ld\u0131\u011f\u0131n\u0131 ifade etti.<\/p>\n<p>M.M.<\/p>\n","protected":false},"excerpt":{"rendered":"<p>HASEKE \u2013 \u0130nsani Yard\u0131m Komisyonunun Haseke\u2019deki alt komitesi bu hafta i\u00e7inde Uluslararas\u0131 \u0130nsan\u0131 Yard\u0131m \u00d6rg\u00fctlerinden takdim edilen ve ev gere\u00e7leri i\u00e7eren 17 binden fazla paketin yan\u0131 s\u0131ra 1800 g\u0131da paketini Haseke ilindeki ter\u00f6r ma\u011fduru ailelere da\u011f\u0131tt\u0131. Yan komite sorumlusu \u0130lyas el Daher SANA muhabirine a\u00e7\u0131klamas\u0131nda insan\u0131 yard\u0131mlar\u0131n Haseke k\u0131rsal\u0131 Ras el Ayn ve Cavvadiye b\u00f6lgelerinde &hellip;<\/p>\n","protected":false},"author":1,"featured_media":54846,"comment_status":"closed","ping_status":"closed","sticky":false,"template":"","format":"standard","meta":{"footnotes":""},"categories":[479,575,478],"tags":[],"class_list":["post-54845","post","type-post","status-publish","format-standard","has-post-thumbnail","","category-haberler-yerel","category-olaylar-ve-gercekler","category-yerel"],"_links":{"self":[{"href":"https:\/\/archive.sana.sy\/tr\/index.php?rest_route=\/wp\/v2\/posts\/54845","targetHints":{"allow":["GET"]}}],"collection":[{"href":"https:\/\/archive.sana.sy\/tr\/index.php?rest_route=\/wp\/v2\/posts"}],"about":[{"href":"https:\/\/archive.sana.sy\/tr\/index.php?rest_route=\/wp\/v2\/types\/post"}],"author":[{"embeddable":true,"href":"https:\/\/archive.sana.sy\/tr\/index.php?rest_route=\/wp\/v2\/users\/1"}],"replies":[{"embeddable":true,"href":"https:\/\/archive.sana.sy\/tr\/index.php?rest_route=%2Fwp%2Fv2%2Fcomments&post=54845"}],"version-history":[{"count":0,"href":"https:\/\/archive.sana.sy\/tr\/index.php?rest_route=\/wp\/v2\/posts\/54845\/revisions"}],"wp:featuredmedia":[{"embeddable":true,"href":"https:\/\/archive.sana.sy\/tr\/index.php?rest_route=\/wp\/v2\/media\/54846"}],"wp:attachment":[{"href":"https:\/\/archive.sana.sy\/tr\/index.php?rest_route=%2Fwp%2Fv2%2Fmedia&parent=54845"}],"wp:term":[{"taxonomy":"category","embeddable":true,"href":"https:\/\/archive.sana.sy\/tr\/index.php?rest_route=%2Fwp%2Fv2%2Fcategories&post=54845"},{"taxonomy":"post_tag","embeddable":true,"href":"https:\/\/archive.sana.sy\/tr\/index.php?rest_route=%2Fwp%2Fv2%2Ftags&post=54845"}],"curies":[{"name":"wp","href":"https:\/\/api.w.org\/{rel}","templated":true}]}}