{"id":54856,"date":"2015-12-10T09:12:56","date_gmt":"2015-12-10T07:12:56","guid":{"rendered":"http:\/\/www.sana.sy\/tr\/?p=54856"},"modified":"2015-12-10T09:12:56","modified_gmt":"2015-12-10T07:12:56","slug":"uclu-gorusmeler-cuma-gunu-olabilir","status":"publish","type":"post","link":"https:\/\/archive.sana.sy\/tr\/?p=54856","title":{"rendered":"\u00dc\u00e7l\u00fc G\u00f6r\u00fc\u015fmeler Cuma G\u00fcn\u00fc Olabilir"},"content":{"rendered":"<p>MOSKOVA \u2013 Rusya D\u0131\u015fi\u015fleri Bakanl\u0131\u011f\u0131nda yetkili bir kaynak Suriye&#8217;deki durumlar ve kriizn siyasi \u00e7\u00f6z\u00fcm\u00fc konusunda Rusya, ABD ve Birle\u015fmi\u015f milletler aras\u0131ndaki isti\u015fare g\u00f6r\u00fc\u015fmelerinin ilk oturumunun bu ay\u0131n 11\u2019inde Cevrede olmas\u0131 tahminlerinde bulundu.<\/p>\n<p>Rus kaynak Inter Fax Ajans\u0131n\u0131n aktard\u0131\u011f\u0131 a\u00e7\u0131klamalar\u0131nda BM genel sekreterinin Suriye \u00f6zel temsilcisi Staffan de Mistura\u2019n\u0131n kat\u0131laca\u011f\u0131 g\u00f6r\u00fc\u015fmelerin BM g\u00fcndemine g\u00f6re Cuma g\u00fcn\u00fc olaca\u011f\u0131n\u0131 a\u00e7\u0131klad\u0131.<\/p>\n<p>ABD D\u0131\u015fi\u015fleri Bakan\u0131 John Kerry \u00f6n\u00fcm\u00fczdeki hafta Moskova\u2019y\u0131 ziyaret edece\u011fini ve Suriye&#8217;deki krizin \u00e7\u00f6z\u00fcm\u00fc konusunda Rusya ba\u015fkan\u0131 ve d\u0131\u015fi\u015fleri bakan\u0131 ile temaslarda bulunaca\u011f\u0131n\u0131 a\u00e7\u0131klam\u0131\u015ft\u0131.<\/p>\n<p>R.H.<\/p>\n","protected":false},"excerpt":{"rendered":"<p>MOSKOVA \u2013 Rusya D\u0131\u015fi\u015fleri Bakanl\u0131\u011f\u0131nda yetkili bir kaynak Suriye&#8217;deki durumlar ve kriizn siyasi \u00e7\u00f6z\u00fcm\u00fc konusunda Rusya, ABD ve Birle\u015fmi\u015f milletler aras\u0131ndaki isti\u015fare g\u00f6r\u00fc\u015fmelerinin ilk oturumunun bu ay\u0131n 11\u2019inde Cevrede olmas\u0131 tahminlerinde bulundu. Rus kaynak Inter Fax Ajans\u0131n\u0131n aktard\u0131\u011f\u0131 a\u00e7\u0131klamalar\u0131nda BM genel sekreterinin Suriye \u00f6zel temsilcisi Staffan de Mistura\u2019n\u0131n kat\u0131laca\u011f\u0131 g\u00f6r\u00fc\u015fmelerin BM g\u00fcndemine g\u00f6re Cuma g\u00fcn\u00fc &hellip;<\/p>\n","protected":false},"author":1,"featured_media":54857,"comment_status":"closed","ping_status":"closed","sticky":false,"template":"","format":"standard","meta":{"footnotes":""},"categories":[458,459,17988],"tags":[18044],"class_list":["post-54856","post","type-post","status-publish","format-standard","has-post-thumbnail","","category-dunya1","category-haberler-arap-uluslararasi-politika","category-son-haberler","tag-uclu-gorusmeler-cuma-gunu-olabilir"],"_links":{"self":[{"href":"https:\/\/archive.sana.sy\/tr\/index.php?rest_route=\/wp\/v2\/posts\/54856","targetHints":{"allow":["GET"]}}],"collection":[{"href":"https:\/\/archive.sana.sy\/tr\/index.php?rest_route=\/wp\/v2\/posts"}],"about":[{"href":"https:\/\/archive.sana.sy\/tr\/index.php?rest_route=\/wp\/v2\/types\/post"}],"author":[{"embeddable":true,"href":"https:\/\/archive.sana.sy\/tr\/index.php?rest_route=\/wp\/v2\/users\/1"}],"replies":[{"embeddable":true,"href":"https:\/\/archive.sana.sy\/tr\/index.php?rest_route=%2Fwp%2Fv2%2Fcomments&post=54856"}],"version-history":[{"count":0,"href":"https:\/\/archive.sana.sy\/tr\/index.php?rest_route=\/wp\/v2\/posts\/54856\/revisions"}],"wp:featuredmedia":[{"embeddable":true,"href":"https:\/\/archive.sana.sy\/tr\/index.php?rest_route=\/wp\/v2\/media\/54857"}],"wp:attachment":[{"href":"https:\/\/archive.sana.sy\/tr\/index.php?rest_route=%2Fwp%2Fv2%2Fmedia&parent=54856"}],"wp:term":[{"taxonomy":"category","embeddable":true,"href":"https:\/\/archive.sana.sy\/tr\/index.php?rest_route=%2Fwp%2Fv2%2Fcategories&post=54856"},{"taxonomy":"post_tag","embeddable":true,"href":"https:\/\/archive.sana.sy\/tr\/index.php?rest_route=%2Fwp%2Fv2%2Ftags&post=54856"}],"curies":[{"name":"wp","href":"https:\/\/api.w.org\/{rel}","templated":true}]}}