{"id":54878,"date":"2015-12-10T08:14:20","date_gmt":"2015-12-10T06:14:20","guid":{"rendered":"http:\/\/sana.sy\/tr\/?p=54878"},"modified":"2015-12-10T12:34:03","modified_gmt":"2015-12-10T10:34:03","slug":"suriye-rusya-ithalat-ihracat-koyu-acildi","status":"publish","type":"post","link":"https:\/\/archive.sana.sy\/tr\/?p=54878","title":{"rendered":"Suriye-Rusya \u0130thalat \u0130hracat K\u00f6y\u00fc A\u00e7\u0131ld\u0131"},"content":{"rendered":"<p>LAZK\u0130YE \u2013 Lazkiye-Keseb Otoban\u0131 \u00fczerinde Hurbat el Cavziye Rusya-Suriye \u0130thalat-\u0130hracat K\u00f6y\u00fc a\u00e7\u0131ld\u0131.<\/p>\n<p>K\u00f6y, iki \u00fclke aras\u0131ndaki ekonomi ve ticaret ili\u015fkilerini geli\u015ftirmenin yan\u0131 s\u0131ra Suriye ihracat\u0131n\u0131 ve iki \u00fclke aras\u0131ndaki ortak yat\u0131r\u0131m projelerini geli\u015ftirmeyi ama\u00e7l\u0131yor.<\/p>\n<p>Merkezin a\u00e7\u0131l\u0131\u015f t\u00f6renine kat\u0131lan Ekonomi ve D\u0131\u015f Ticaret Bakan\u0131 Hummam Cezayiri, \u0130thalat \u0130hracat K\u00f6y\u00fcn\u00fcn Suriye ihracat\u0131n\u0131n ve Rusya ithalat\u0131n\u0131n ba\u015flang\u0131\u00e7 noktas\u0131n\u0131 te\u015fkil edece\u011fine ve iki \u00fclke aras\u0131ndaki ekonomi ili\u015fkilerine yeni bir boyut kazand\u0131raca\u011f\u0131n\u0131 belirtti.<\/p>\n<p>Rusya\u2019n\u0131n Suriye\u2019yi ter\u00f6re kar\u015f\u0131 destekleyen tutum ve politikalar\u0131n\u0131 takdir etti\u011fini dile getiren Cezayiri, \u00f6n\u00fcm\u00fczdeki s\u00fcre\u00e7te \u0130thalat ve \u0130hracat K\u00f6y\u00fcn\u00fcn Suriyeli t\u00fcccarlar\u0131n b\u00fcy\u00fck gelir sa\u011flayacaklar\u0131 bir \u00e7al\u0131\u015fma alan\u0131 olmas\u0131 i\u00e7in \u00e7aba harcanaca\u011f\u0131n\u0131n alt\u0131n\u0131 \u00e7izdi.<\/p>\n<div class=\"_209g _2vxa\">Lazkiye\u2019nin turun\u00e7gil ve zeytin \u00fcretiminin topra\u011f\u0131 oldu\u011funa dikkat \u00e7eken Cezayiri, \u0130thalat \u0130hracat K\u00f6y\u00fcn\u00fcn Rusya ile teknolojik i\u015fbirli\u011fi alan\u0131nda \u00f6nemli bir proje te\u015fkil etti\u011fini vurgulad\u0131.<\/div>\n<div id='gallery-1' class='gallery galleryid-54878 gallery-columns-2 gallery-size-medium'><figure class='gallery-item'>\n\t\t\t<div class='gallery-icon landscape'>\n\t\t\t\t<a href='https:\/\/archive.sana.sy\/tr\/wp-content\/uploads\/2015\/12\/lazkiye-2.jpg'><img loading=\"lazy\" decoding=\"async\" width=\"300\" height=\"225\" src=\"https:\/\/archive.sana.sy\/tr\/wp-content\/uploads\/2015\/12\/lazkiye-2-300x225.jpg\" class=\"attachment-medium size-medium\" alt=\"\" srcset=\"https:\/\/archive.sana.sy\/tr\/wp-content\/uploads\/2015\/12\/lazkiye-2-300x225.jpg 300w, https:\/\/archive.sana.sy\/tr\/wp-content\/uploads\/2015\/12\/lazkiye-2-150x113.jpg 150w, https:\/\/archive.sana.sy\/tr\/wp-content\/uploads\/2015\/12\/lazkiye-2-768x576.jpg 768w, https:\/\/archive.sana.sy\/tr\/wp-content\/uploads\/2015\/12\/lazkiye-2-1024x768.jpg 1024w\" sizes=\"auto, (max-width: 300px) 100vw, 300px\" \/><\/a>\n\t\t\t<\/div><\/figure><figure class='gallery-item'>\n\t\t\t<div class='gallery-icon landscape'>\n\t\t\t\t<a href='https:\/\/archive.sana.sy\/tr\/wp-content\/uploads\/2015\/12\/lazkiye-3.jpg'><img loading=\"lazy\" decoding=\"async\" width=\"300\" height=\"199\" src=\"https:\/\/archive.sana.sy\/tr\/wp-content\/uploads\/2015\/12\/lazkiye-3-300x199.jpg\" class=\"attachment-medium size-medium\" alt=\"\" srcset=\"https:\/\/archive.sana.sy\/tr\/wp-content\/uploads\/2015\/12\/lazkiye-3-300x199.jpg 300w, https:\/\/archive.sana.sy\/tr\/wp-content\/uploads\/2015\/12\/lazkiye-3-150x99.jpg 150w, https:\/\/archive.sana.sy\/tr\/wp-content\/uploads\/2015\/12\/lazkiye-3-768x508.jpg 768w, https:\/\/archive.sana.sy\/tr\/wp-content\/uploads\/2015\/12\/lazkiye-3-310x205.jpg 310w, https:\/\/archive.sana.sy\/tr\/wp-content\/uploads\/2015\/12\/lazkiye-3.jpg 1000w\" sizes=\"auto, (max-width: 300px) 100vw, 300px\" \/><\/a>\n\t\t\t<\/div><\/figure>\n\t\t<\/div>\n\n<p>F.B. &#8211; R.H.<\/p>\n","protected":false},"excerpt":{"rendered":"<p>LAZK\u0130YE \u2013 Lazkiye-Keseb Otoban\u0131 \u00fczerinde Hurbat el Cavziye Rusya-Suriye \u0130thalat-\u0130hracat K\u00f6y\u00fc a\u00e7\u0131ld\u0131. K\u00f6y, iki \u00fclke aras\u0131ndaki ekonomi ve ticaret ili\u015fkilerini geli\u015ftirmenin yan\u0131 s\u0131ra Suriye ihracat\u0131n\u0131 ve iki \u00fclke aras\u0131ndaki ortak yat\u0131r\u0131m projelerini geli\u015ftirmeyi ama\u00e7l\u0131yor. Merkezin a\u00e7\u0131l\u0131\u015f t\u00f6renine kat\u0131lan Ekonomi ve D\u0131\u015f Ticaret Bakan\u0131 Hummam Cezayiri, \u0130thalat \u0130hracat K\u00f6y\u00fcn\u00fcn Suriye ihracat\u0131n\u0131n ve Rusya ithalat\u0131n\u0131n ba\u015flang\u0131\u00e7 noktas\u0131n\u0131 &hellip;<\/p>\n","protected":false},"author":1,"featured_media":54879,"comment_status":"closed","ping_status":"closed","sticky":false,"template":"","format":"standard","meta":{"footnotes":""},"categories":[485,486,17988],"tags":[18048],"class_list":["post-54878","post","type-post","status-publish","format-standard","has-post-thumbnail","","category-is-ve-sermaye","category-haberler-is-ve-sermaye","category-son-haberler","tag-suriye-rusya-ithalat-ihracat-koyu-acildi"],"_links":{"self":[{"href":"https:\/\/archive.sana.sy\/tr\/index.php?rest_route=\/wp\/v2\/posts\/54878","targetHints":{"allow":["GET"]}}],"collection":[{"href":"https:\/\/archive.sana.sy\/tr\/index.php?rest_route=\/wp\/v2\/posts"}],"about":[{"href":"https:\/\/archive.sana.sy\/tr\/index.php?rest_route=\/wp\/v2\/types\/post"}],"author":[{"embeddable":true,"href":"https:\/\/archive.sana.sy\/tr\/index.php?rest_route=\/wp\/v2\/users\/1"}],"replies":[{"embeddable":true,"href":"https:\/\/archive.sana.sy\/tr\/index.php?rest_route=%2Fwp%2Fv2%2Fcomments&post=54878"}],"version-history":[{"count":0,"href":"https:\/\/archive.sana.sy\/tr\/index.php?rest_route=\/wp\/v2\/posts\/54878\/revisions"}],"wp:featuredmedia":[{"embeddable":true,"href":"https:\/\/archive.sana.sy\/tr\/index.php?rest_route=\/wp\/v2\/media\/54879"}],"wp:attachment":[{"href":"https:\/\/archive.sana.sy\/tr\/index.php?rest_route=%2Fwp%2Fv2%2Fmedia&parent=54878"}],"wp:term":[{"taxonomy":"category","embeddable":true,"href":"https:\/\/archive.sana.sy\/tr\/index.php?rest_route=%2Fwp%2Fv2%2Fcategories&post=54878"},{"taxonomy":"post_tag","embeddable":true,"href":"https:\/\/archive.sana.sy\/tr\/index.php?rest_route=%2Fwp%2Fv2%2Ftags&post=54878"}],"curies":[{"name":"wp","href":"https:\/\/api.w.org\/{rel}","templated":true}]}}