{"id":54886,"date":"2015-12-10T09:27:36","date_gmt":"2015-12-10T07:27:36","guid":{"rendered":"http:\/\/www.sana.sy\/tr\/?p=54886"},"modified":"2015-12-10T12:44:24","modified_gmt":"2015-12-10T10:44:24","slug":"israilin-golandaki-kolonizasyon-faaliyetlerine-karsi-karar-bmde-ezici-cogunlukla-onaylandi","status":"publish","type":"post","link":"https:\/\/archive.sana.sy\/tr\/?p=54886","title":{"rendered":"Ezici \u00c7o\u011funlukla Karar\u0131 Onaylad\u0131"},"content":{"rendered":"<p>NEW YORK \u2013 Birle\u015fmi\u015f Milletler Suriye&#8217;nin Golan topraklar\u0131na i\u015fgalini s\u00fcrd\u00fcren \u0130srail otoritelerinden; ba\u015fta G\u00fcvenlik Konseyi\u2019nin \u201c\u0130srail\u2019in i\u015fgal alt\u0131ndaki Golan topraklar\u0131nda kendi kanun ve yarg\u0131 sistemini dayatmas\u0131n\u0131 yasaklayan\u201d 1981 y\u0131l\u0131 497 nolu karar\u0131 olmak \u00fczere Golan topraklar\u0131 ile ilgili al\u0131nm\u0131\u015f b\u00fct\u00fcn uluslararas\u0131 kararlar\u0131 uygulamas\u0131 talebini yineledi.<\/p>\n<p>Birle\u015fmi\u015f Milletler Genel Kurulu d\u00fcnk\u00fc toplant\u0131s\u0131nda \u00d6zel Siyasi Konular ve Kolonizasyonu Tasfiye Etme Komisyonu ile D\u00f6rtl\u00fc Komite\u2019nin Suriye\u2019nin i\u015fgal alt\u0131ndaki topraklar\u0131 Golan&#8217;da \u0130srail Kolonizasyonunun durdurulmas\u0131 ile ilgili haz\u0131rlam\u0131\u015f oldu\u011fu karar genel kurulun 161 \u00fcyesi taraf\u0131ndan onaylan\u0131rken sadece \u0130srail taraf\u0131ndan reddedildi.<\/p>\n<p>BM Genel Kurulunda ezici bir \u00e7o\u011funlukla onaylanan karar \u0130srail \u0130\u015fgal Otoritelerinden \u201cGolan\u2019\u0131 ilhak etme karar\u0131n\u0131 h\u0131zla ilga etmesini talep ederken \u0130srail\u2019in Golan\u2019daki sosyal ve etkin yap\u0131yla birlikte hukuki konumunu de\u011fi\u015ftirmek amac\u0131yla alm\u0131\u015f oldu\u011fu ya da almay\u0131 planlad\u0131\u011f\u0131 b\u00fct\u00fcn icraat ve kararlar\u0131n ge\u00e7ersiz ve h\u00fck\u00fcms\u00fcz oldu\u011funa dikkat \u00e7ekti.<\/p>\n<p>&nbsp;<\/p>\n<p>F.B. &#8211; R.H.<\/p>\n","protected":false},"excerpt":{"rendered":"<p>NEW YORK \u2013 Birle\u015fmi\u015f Milletler Suriye&#8217;nin Golan topraklar\u0131na i\u015fgalini s\u00fcrd\u00fcren \u0130srail otoritelerinden; ba\u015fta G\u00fcvenlik Konseyi\u2019nin \u201c\u0130srail\u2019in i\u015fgal alt\u0131ndaki Golan topraklar\u0131nda kendi kanun ve yarg\u0131 sistemini dayatmas\u0131n\u0131 yasaklayan\u201d 1981 y\u0131l\u0131 497 nolu karar\u0131 olmak \u00fczere Golan topraklar\u0131 ile ilgili al\u0131nm\u0131\u015f b\u00fct\u00fcn uluslararas\u0131 kararlar\u0131 uygulamas\u0131 talebini yineledi. Birle\u015fmi\u015f Milletler Genel Kurulu d\u00fcnk\u00fc toplant\u0131s\u0131nda \u00d6zel Siyasi Konular ve &hellip;<\/p>\n","protected":false},"author":1,"featured_media":54899,"comment_status":"closed","ping_status":"closed","sticky":false,"template":"","format":"standard","meta":{"footnotes":""},"categories":[458,459,17988],"tags":[18049],"class_list":["post-54886","post","type-post","status-publish","format-standard","has-post-thumbnail","","category-dunya1","category-haberler-arap-uluslararasi-politika","category-son-haberler","tag-israilin-golandaki-kolonizasyon-faaliyetlerine-karsi-karar-bmde-ezici-cogunlukla-onaylandi"],"_links":{"self":[{"href":"https:\/\/archive.sana.sy\/tr\/index.php?rest_route=\/wp\/v2\/posts\/54886","targetHints":{"allow":["GET"]}}],"collection":[{"href":"https:\/\/archive.sana.sy\/tr\/index.php?rest_route=\/wp\/v2\/posts"}],"about":[{"href":"https:\/\/archive.sana.sy\/tr\/index.php?rest_route=\/wp\/v2\/types\/post"}],"author":[{"embeddable":true,"href":"https:\/\/archive.sana.sy\/tr\/index.php?rest_route=\/wp\/v2\/users\/1"}],"replies":[{"embeddable":true,"href":"https:\/\/archive.sana.sy\/tr\/index.php?rest_route=%2Fwp%2Fv2%2Fcomments&post=54886"}],"version-history":[{"count":0,"href":"https:\/\/archive.sana.sy\/tr\/index.php?rest_route=\/wp\/v2\/posts\/54886\/revisions"}],"wp:featuredmedia":[{"embeddable":true,"href":"https:\/\/archive.sana.sy\/tr\/index.php?rest_route=\/wp\/v2\/media\/54899"}],"wp:attachment":[{"href":"https:\/\/archive.sana.sy\/tr\/index.php?rest_route=%2Fwp%2Fv2%2Fmedia&parent=54886"}],"wp:term":[{"taxonomy":"category","embeddable":true,"href":"https:\/\/archive.sana.sy\/tr\/index.php?rest_route=%2Fwp%2Fv2%2Fcategories&post=54886"},{"taxonomy":"post_tag","embeddable":true,"href":"https:\/\/archive.sana.sy\/tr\/index.php?rest_route=%2Fwp%2Fv2%2Ftags&post=54886"}],"curies":[{"name":"wp","href":"https:\/\/api.w.org\/{rel}","templated":true}]}}