{"id":54887,"date":"2015-12-10T10:44:29","date_gmt":"2015-12-10T08:44:29","guid":{"rendered":"http:\/\/www.sana.sy\/tr\/?p=54887"},"modified":"2015-12-10T15:30:46","modified_gmt":"2015-12-10T13:30:46","slug":"yasa-disi-tarihi-eser-kacakciligina-karismis-hukumetler-yargilanmalidir","status":"publish","type":"post","link":"https:\/\/archive.sana.sy\/tr\/?p=54887","title":{"rendered":"Yasa D\u0131\u015f\u0131 Tarihi Eser Ka\u00e7ak\u00e7\u0131l\u0131\u011f\u0131na Kar\u0131\u015fm\u0131\u015f H\u00fck\u00fcmetler Yarg\u0131lanmal\u0131d\u0131r"},"content":{"rendered":"<p>NEW YORK &#8211; Suriye\u2019nin BM\u2019de Daimi Temsilcisi Be\u015f\u015far el Caferi; Suriye ve Irak\u2019ta k\u00fclt\u00fcrel m\u00fclkiyetleri hedef alan tehditlere kar\u015f\u0131 koymak i\u00e7inyasa d\u0131\u015f\u0131 tarihi eser ticaretine ortak olan b\u00fct\u00fcn h\u00fck\u00fcmetlerin yarg\u0131lanmas\u0131 \u00e7a\u011fr\u0131s\u0131nda bulundu.<\/p>\n<p>BM Genel Kurulunun d\u00fcn \u201cK\u00fclt\u00fcrel M\u00fclkiyetlerin As\u0131l \u00dclkelerine Geri Getirilmesi ya da \u0130adesi\u201d ba\u015fl\u0131\u011f\u0131 alt\u0131ndaki 10. Bendi tart\u0131\u015fmak amac\u0131yla New York\u2019ta d\u00fczenledi\u011fi toplant\u0131da bir konu\u015fma yapan Caferi; dev\u015firme ter\u00f6rist at\u0131klar\u0131n Suriye ve Irak\u2019a getirilmesi ve dolay\u0131s\u0131yla bu topraklardaki tarihi ve k\u00fclt\u00fcrel zenginliklerin tahrip ve gasp edilmesinin ard\u0131nda bulunan ve ba\u015fta bu y\u00f6ndeki tutumunu s\u00fcrd\u00fcren T\u00fcrkiye rejimi olmak \u00fczere b\u00fct\u00fcn h\u00fck\u00fcmetlerin yarg\u0131lanmas\u0131 gere\u011fine dikkat \u00e7ekti.<\/p>\n<p>Ortado\u011fu b\u00f6lgesinde ve \u00f6zellikle de Suriye, Irak ve Filistin topraklar\u0131nda bulunan k\u00fclt\u00fcrel ve arkeolojik mirasa y\u00f6nelik tehdidin s\u00fcrmesinin d\u00fcnya miras\u0131n\u0131 hedef alan facialar\u0131n \u00f6rneklerinden birini te\u015fkil etti\u011fini dile getiren Caferi, insanl\u0131k uygarl\u0131\u011f\u0131 ve d\u00fcnyadaki ilk alfabenin be\u015fi\u011fi olmas\u0131 itibariyle Suriye\u2019nin k\u00fclt\u00fcrel ve arkeolojik miras\u0131n\u0131n hedef al\u0131nmas\u0131ndan b\u00fcy\u00fck bir kayg\u0131 duydu\u011funun alt\u0131n\u0131 \u00e7izdi.<\/p>\n<p>T\u00fcrkiye\u2019nin Suriye\u2019nin i\u00e7i\u015flerine y\u00f6nelik gayr\u0131 me\u015fru ve al\u00e7ak\u00e7a m\u00fcdahaleleri ve Suriye halk\u0131na kar\u015f\u0131 i\u015fledi\u011fi su\u00e7lar listesinin g\u00fcnden g\u00fcne uzad\u0131\u011f\u0131na dikkat \u00e7eken Caferi; T\u00fcrkiye rejiminin Suriye\u2019deki fabrikalar\u0131n ve \u00fcretim makinelerinin \u00e7al\u0131nmas\u0131, I\u015e\u0130D taraf\u0131ndan \u00e7al\u0131nan petrol\u00fcn yasad\u0131\u015f\u0131 y\u00f6ntemlerle sat\u0131lmas\u0131 ve daha bir \u00e7ok su\u00e7un ba\u015f akt\u00f6rlerinden biri oldu\u011funun art\u0131k b\u00fct\u00fcn d\u00fcnya taraf\u0131ndan bilinen bir ger\u00e7ek oldu\u011funun alt\u0131n\u0131 \u00e7izdi.<\/p>\n<p>T\u00fcrkiye rejiminin Suriye\u2019den \u00e7al\u0131nan tarihi eserlerin pazarlanmas\u0131yla ilgili art\u0131k herhangi bir utanma ya da sak\u0131nmaya yer b\u0131rakmad\u0131\u011f\u0131na i\u015faret eden Caferi; Facebook sosyal payla\u015f\u0131m sitesinde T\u00fcrkiyeli hesaplarda Suriye\u2019den \u00e7al\u0131nm\u0131\u015f tarihi eserleri sat\u0131n almaya haz\u0131r oldu\u011fu mesajlar\u0131n\u0131 payla\u015fan kullan\u0131c\u0131lar bulunmas\u0131n\u0131n T\u00fcrkiye rejiminin su\u00e7lar\u0131n\u0131 aleni bir \u015fekilde s\u00fcrd\u00fcrd\u00fc\u011f\u00fcn\u00fcn yans\u0131mas\u0131 oldu\u011funu vurgulad\u0131.<\/p>\n<p>F.B.<\/p>\n","protected":false},"excerpt":{"rendered":"<p>NEW YORK &#8211; Suriye\u2019nin BM\u2019de Daimi Temsilcisi Be\u015f\u015far el Caferi; Suriye ve Irak\u2019ta k\u00fclt\u00fcrel m\u00fclkiyetleri hedef alan tehditlere kar\u015f\u0131 koymak i\u00e7inyasa d\u0131\u015f\u0131 tarihi eser ticaretine ortak olan b\u00fct\u00fcn h\u00fck\u00fcmetlerin yarg\u0131lanmas\u0131 \u00e7a\u011fr\u0131s\u0131nda bulundu. BM Genel Kurulunun d\u00fcn \u201cK\u00fclt\u00fcrel M\u00fclkiyetlerin As\u0131l \u00dclkelerine Geri Getirilmesi ya da \u0130adesi\u201d ba\u015fl\u0131\u011f\u0131 alt\u0131ndaki 10. Bendi tart\u0131\u015fmak amac\u0131yla New York\u2019ta d\u00fczenledi\u011fi toplant\u0131da &hellip;<\/p>\n","protected":false},"author":1,"featured_media":54888,"comment_status":"closed","ping_status":"closed","sticky":false,"template":"","format":"standard","meta":{"footnotes":""},"categories":[17988,2554,2555],"tags":[18050],"class_list":["post-54887","post","type-post","status-publish","format-standard","has-post-thumbnail","","category-son-haberler","category-suriye-ve-dunya","category-suriye-ve-turkiye","tag-suriyenin-bmde-daimi-temsilcisi-bessar-el-caferi"],"_links":{"self":[{"href":"https:\/\/archive.sana.sy\/tr\/index.php?rest_route=\/wp\/v2\/posts\/54887","targetHints":{"allow":["GET"]}}],"collection":[{"href":"https:\/\/archive.sana.sy\/tr\/index.php?rest_route=\/wp\/v2\/posts"}],"about":[{"href":"https:\/\/archive.sana.sy\/tr\/index.php?rest_route=\/wp\/v2\/types\/post"}],"author":[{"embeddable":true,"href":"https:\/\/archive.sana.sy\/tr\/index.php?rest_route=\/wp\/v2\/users\/1"}],"replies":[{"embeddable":true,"href":"https:\/\/archive.sana.sy\/tr\/index.php?rest_route=%2Fwp%2Fv2%2Fcomments&post=54887"}],"version-history":[{"count":0,"href":"https:\/\/archive.sana.sy\/tr\/index.php?rest_route=\/wp\/v2\/posts\/54887\/revisions"}],"wp:featuredmedia":[{"embeddable":true,"href":"https:\/\/archive.sana.sy\/tr\/index.php?rest_route=\/wp\/v2\/media\/54888"}],"wp:attachment":[{"href":"https:\/\/archive.sana.sy\/tr\/index.php?rest_route=%2Fwp%2Fv2%2Fmedia&parent=54887"}],"wp:term":[{"taxonomy":"category","embeddable":true,"href":"https:\/\/archive.sana.sy\/tr\/index.php?rest_route=%2Fwp%2Fv2%2Fcategories&post=54887"},{"taxonomy":"post_tag","embeddable":true,"href":"https:\/\/archive.sana.sy\/tr\/index.php?rest_route=%2Fwp%2Fv2%2Ftags&post=54887"}],"curies":[{"name":"wp","href":"https:\/\/api.w.org\/{rel}","templated":true}]}}