{"id":54895,"date":"2015-12-10T08:00:41","date_gmt":"2015-12-10T06:00:41","guid":{"rendered":"http:\/\/www.sana.sy\/tr\/?p=54895"},"modified":"2015-12-10T13:09:40","modified_gmt":"2015-12-10T11:09:40","slug":"teroristlerin-kullandigi-bilgilerin-%70i-batili-istihbarat-birimlerinden-saglaniyor","status":"publish","type":"post","link":"https:\/\/archive.sana.sy\/tr\/?p=54895","title":{"rendered":"Ter\u00f6ristlerin Kulland\u0131\u011f\u0131 Bilgilerin %70\u2019i Bat\u0131l\u0131 \u0130stihbarat Birimlerinden Sa\u011flan\u0131yor"},"content":{"rendered":"<p>MOSKOVA \u2013 \u0130slam \u00dclkeleri Ter\u00f6r ve Radikalizme Kar\u015f\u0131 Gazeteciler Forumu, Moskova\u2019da Suriye\u2019nin yan\u0131 s\u0131ra Rusya ve Arap-\u0130slam \u00fclkelerden \u00e7ok say\u0131da gazetecinin kat\u0131l\u0131m\u0131yla iki g\u00fcnd\u00fcr devam eden faaliyetlerini d\u00fcn sonland\u0131rd\u0131.<\/p>\n<p>Forum bitiminde yay\u0131nlanan sonu\u00e7 deklarasyonunda kat\u0131l\u0131mc\u0131lar; Rusya\u2019n\u0131n ter\u00f6rle m\u00fccadeledeki ve Ortado\u011fu\u2019da istikrar\u0131n yay\u0131lmas\u0131ndaki rol\u00fcne ili\u015fkin de\u011ferlendirmelerde bulunarak Rusya ve m\u00fcttefik \u0130slam \u00fclkelerinin Suriye krizi ile ilgili habercilik alan\u0131nda \u00f6nemli bir ortakl\u0131k sergilediklerini belirttiler.<\/p>\n<p>Tekfirci radikal ter\u00f6r ideolojisiyle m\u00fccadelede sosyal ileti\u015fim sayfalar\u0131n\u0131n \u00f6nemine dikkat \u00e7ekilen Deklarasyonda; bu forumun d\u00fczenlenmesinin Rusya\u2019n\u0131n radikalizm ve ter\u00f6rle m\u00fccadelede, gazetecilerin rol\u00fc ve \u00f6zg\u00fcr yay\u0131nc\u0131l\u0131\u011f\u0131n \u00f6nemiyle ilgili yakla\u015f\u0131m\u0131n\u0131n bir \u00fcr\u00fcn\u00fc oldu\u011fu ibraz edildi.<\/p>\n<p>Gen\u00e7lerin Nusra, I\u015e\u0130D ve di\u011fer ter\u00f6r \u00f6rg\u00fctlerin saflar\u0131na ak\u0131\u015f\u0131n\u0131 \u00f6nlemek ve bu ak\u0131\u015f\u0131 sa\u011flayan rejimlere yapt\u0131r\u0131m uygulanmas\u0131n\u0131 talep eden kat\u0131l\u0131mc\u0131lar silahl\u0131 ter\u00f6r gruplar\u0131n\u0131n internet sitelerinde yay\u0131nlad\u0131klar\u0131 bilgilerin %70\u2019inin Bat\u0131l\u0131 istihbarat birimlerinden geldi\u011fini ibraz etti.<\/p>\n<p>Ter\u00f6rle m\u00fccadele i\u00e7erikli uluslararas\u0131 bir konferans d\u00fczenlenmesi talebinde bulunan forum kat\u0131l\u0131mc\u0131lar\u0131; ter\u00f6r\u00fcn tek bir devlet taraf\u0131ndan yenilmesinin m\u00fcmk\u00fcn olmad\u0131\u011f\u0131n\u0131 bu nedenle uluslararas\u0131 \u00e7apta bir ter\u00f6rle m\u00fccadele stratejisi belirlenmesi gere\u011finin alt\u0131n\u0131 \u00e7izdiler.<\/p>\n<div id='gallery-1' class='gallery galleryid-54895 gallery-columns-2 gallery-size-medium'><figure class='gallery-item'>\n\t\t\t<div class='gallery-icon landscape'>\n\t\t\t\t<a href='https:\/\/archive.sana.sy\/tr\/wp-content\/uploads\/2015\/12\/2-2.jpg'><img loading=\"lazy\" decoding=\"async\" width=\"300\" height=\"205\" src=\"https:\/\/archive.sana.sy\/tr\/wp-content\/uploads\/2015\/12\/2-2-300x205.jpg\" class=\"attachment-medium size-medium\" alt=\"\" srcset=\"https:\/\/archive.sana.sy\/tr\/wp-content\/uploads\/2015\/12\/2-2-300x205.jpg 300w, https:\/\/archive.sana.sy\/tr\/wp-content\/uploads\/2015\/12\/2-2-150x102.jpg 150w, https:\/\/archive.sana.sy\/tr\/wp-content\/uploads\/2015\/12\/2-2-110x75.jpg 110w, https:\/\/archive.sana.sy\/tr\/wp-content\/uploads\/2015\/12\/2-2.jpg 660w\" sizes=\"auto, (max-width: 300px) 100vw, 300px\" \/><\/a>\n\t\t\t<\/div><\/figure><figure class='gallery-item'>\n\t\t\t<div class='gallery-icon landscape'>\n\t\t\t\t<a href='https:\/\/archive.sana.sy\/tr\/wp-content\/uploads\/2015\/12\/3-2.jpg'><img loading=\"lazy\" decoding=\"async\" width=\"300\" height=\"195\" src=\"https:\/\/archive.sana.sy\/tr\/wp-content\/uploads\/2015\/12\/3-2-300x195.jpg\" class=\"attachment-medium size-medium\" alt=\"\" srcset=\"https:\/\/archive.sana.sy\/tr\/wp-content\/uploads\/2015\/12\/3-2-300x195.jpg 300w, https:\/\/archive.sana.sy\/tr\/wp-content\/uploads\/2015\/12\/3-2-150x98.jpg 150w, https:\/\/archive.sana.sy\/tr\/wp-content\/uploads\/2015\/12\/3-2.jpg 660w\" sizes=\"auto, (max-width: 300px) 100vw, 300px\" \/><\/a>\n\t\t\t<\/div><\/figure>\n\t\t<\/div>\n\n<p>https:\/\/www.youtube.com\/watch?v=l2wDygPE1Rw<\/p>\n<p>F.B. &#8211; R.H.<\/p>\n","protected":false},"excerpt":{"rendered":"<p>MOSKOVA \u2013 \u0130slam \u00dclkeleri Ter\u00f6r ve Radikalizme Kar\u015f\u0131 Gazeteciler Forumu, Moskova\u2019da Suriye\u2019nin yan\u0131 s\u0131ra Rusya ve Arap-\u0130slam \u00fclkelerden \u00e7ok say\u0131da gazetecinin kat\u0131l\u0131m\u0131yla iki g\u00fcnd\u00fcr devam eden faaliyetlerini d\u00fcn sonland\u0131rd\u0131. Forum bitiminde yay\u0131nlanan sonu\u00e7 deklarasyonunda kat\u0131l\u0131mc\u0131lar; Rusya\u2019n\u0131n ter\u00f6rle m\u00fccadeledeki ve Ortado\u011fu\u2019da istikrar\u0131n yay\u0131lmas\u0131ndaki rol\u00fcne ili\u015fkin de\u011ferlendirmelerde bulunarak Rusya ve m\u00fcttefik \u0130slam \u00fclkelerinin Suriye krizi ile ilgili &hellip;<\/p>\n","protected":false},"author":1,"featured_media":54929,"comment_status":"closed","ping_status":"closed","sticky":false,"template":"","format":"standard","meta":{"footnotes":""},"categories":[458,459,17988],"tags":[18051],"class_list":["post-54895","post","type-post","status-publish","format-standard","has-post-thumbnail","","category-dunya1","category-haberler-arap-uluslararasi-politika","category-son-haberler","tag-teroristlerin-kullandigi-bilgilerin-i-batili-istihbarat-birimlerinden-saglaniyor"],"_links":{"self":[{"href":"https:\/\/archive.sana.sy\/tr\/index.php?rest_route=\/wp\/v2\/posts\/54895","targetHints":{"allow":["GET"]}}],"collection":[{"href":"https:\/\/archive.sana.sy\/tr\/index.php?rest_route=\/wp\/v2\/posts"}],"about":[{"href":"https:\/\/archive.sana.sy\/tr\/index.php?rest_route=\/wp\/v2\/types\/post"}],"author":[{"embeddable":true,"href":"https:\/\/archive.sana.sy\/tr\/index.php?rest_route=\/wp\/v2\/users\/1"}],"replies":[{"embeddable":true,"href":"https:\/\/archive.sana.sy\/tr\/index.php?rest_route=%2Fwp%2Fv2%2Fcomments&post=54895"}],"version-history":[{"count":0,"href":"https:\/\/archive.sana.sy\/tr\/index.php?rest_route=\/wp\/v2\/posts\/54895\/revisions"}],"wp:featuredmedia":[{"embeddable":true,"href":"https:\/\/archive.sana.sy\/tr\/index.php?rest_route=\/wp\/v2\/media\/54929"}],"wp:attachment":[{"href":"https:\/\/archive.sana.sy\/tr\/index.php?rest_route=%2Fwp%2Fv2%2Fmedia&parent=54895"}],"wp:term":[{"taxonomy":"category","embeddable":true,"href":"https:\/\/archive.sana.sy\/tr\/index.php?rest_route=%2Fwp%2Fv2%2Fcategories&post=54895"},{"taxonomy":"post_tag","embeddable":true,"href":"https:\/\/archive.sana.sy\/tr\/index.php?rest_route=%2Fwp%2Fv2%2Ftags&post=54895"}],"curies":[{"name":"wp","href":"https:\/\/api.w.org\/{rel}","templated":true}]}}