{"id":54904,"date":"2015-12-10T11:46:33","date_gmt":"2015-12-10T09:46:33","guid":{"rendered":"http:\/\/www.sana.sy\/tr\/?p=54904"},"modified":"2015-12-10T13:40:12","modified_gmt":"2015-12-10T11:40:12","slug":"terore-karsi-savasan-devletlerle-isbirligi-gerekiyor","status":"publish","type":"post","link":"https:\/\/archive.sana.sy\/tr\/?p=54904","title":{"rendered":"Ter\u00f6re Kar\u015f\u0131 Sava\u015fan Devletlerle \u0130\u015fbirli\u011fi Gerekiyor"},"content":{"rendered":"<p>BRAT\u0130SLAVA \u2013 Slovakya D\u0131\u015fi\u015fleri Bakan\u0131 Miroslav Lajcak I\u015e\u0130D\u2019e kar\u015f\u0131 sava\u015f\u0131n temel \u00f6ncelik olmas\u0131 gerekti\u011fini belirtti.<\/p>\n<p>Slovakya resmi haber ajans\u0131 Lajcak\u2019\u0131n d\u00fcn ak\u015fam ABD ba\u015fkan\u0131n\u0131n \u2018I\u015e\u0130D\u2019e kar\u015f\u0131 uluslar aras\u0131 koalisyon delegasyonu John Allen ile g\u00f6r\u00fc\u015fmesinde I\u015e\u0130D\u2019i yok etme y\u00f6n\u00fcnde ciddi bir uluslar aras\u0131 iradenin bulundu\u011funu ifade etti\u011fini aktard\u0131.<br \/>\nG\u00f6r\u00fc\u015fmede Lajcak; fakat I\u015e\u0130D\u2019i yok etmek i\u00e7in g\u00fcvenirlik, d\u00fcr\u00fcstl\u00fck ve ciddiyete sahip bir stratejinin yan\u0131 s\u0131ra ter\u00f6re kar\u015f\u0131 t\u00fcm taraflarla koordinasyon ve i\u015fbirli\u011fini gerektirdi\u011fini vurgulad\u0131.<\/p>\n<p>\u0130ki taraf g\u00f6r\u00fc\u015fmede ter\u00f6re kar\u015f\u0131 sava\u015fan devletlerin g\u00fcvenlik g\u00fc\u00e7leriyle i\u015fbirli\u011fi ve koordinasyonun olmas\u0131n\u0131n I\u015e\u0130D\u2019e y\u00f6nelik sava\u015fta daha ba\u015far\u0131l\u0131 sonu\u00e7lar verece\u011fi konusunda uzla\u015fma kaydetti.<\/p>\n<p>Suriye ve Irak\u2019taki durumlar\u0131n yan\u0131nda ABD komutas\u0131ndaki uluslar aras\u0131 koalisyonun operasyonlar\u0131n\u0131n incelendi\u011fi g\u00f6r\u00fc\u015fmede iki taraf ayr\u0131ca Avrupa&#8217;ya m\u00fclteci ak\u0131n\u0131 meselesini de masalar\u0131na yat\u0131rd\u0131.<\/p>\n","protected":false},"excerpt":{"rendered":"<p>BRAT\u0130SLAVA \u2013 Slovakya D\u0131\u015fi\u015fleri Bakan\u0131 Miroslav Lajcak I\u015e\u0130D\u2019e kar\u015f\u0131 sava\u015f\u0131n temel \u00f6ncelik olmas\u0131 gerekti\u011fini belirtti. Slovakya resmi haber ajans\u0131 Lajcak\u2019\u0131n d\u00fcn ak\u015fam ABD ba\u015fkan\u0131n\u0131n \u2018I\u015e\u0130D\u2019e kar\u015f\u0131 uluslar aras\u0131 koalisyon delegasyonu John Allen ile g\u00f6r\u00fc\u015fmesinde I\u015e\u0130D\u2019i yok etme y\u00f6n\u00fcnde ciddi bir uluslar aras\u0131 iradenin bulundu\u011funu ifade etti\u011fini aktard\u0131. G\u00f6r\u00fc\u015fmede Lajcak; fakat I\u015e\u0130D\u2019i yok etmek i\u00e7in g\u00fcvenirlik, &hellip;<\/p>\n","protected":false},"author":1,"featured_media":54938,"comment_status":"closed","ping_status":"closed","sticky":false,"template":"","format":"standard","meta":{"footnotes":""},"categories":[458,459,17988],"tags":[18054,18053],"class_list":["post-54904","post","type-post","status-publish","format-standard","has-post-thumbnail","","category-dunya1","category-haberler-arap-uluslararasi-politika","category-son-haberler","tag-slovakya-disisleri-bakani-miroslav-lajcak","tag-terore-karsi-savasan-devletlerle-isbirligi-gerekiyor"],"_links":{"self":[{"href":"https:\/\/archive.sana.sy\/tr\/index.php?rest_route=\/wp\/v2\/posts\/54904","targetHints":{"allow":["GET"]}}],"collection":[{"href":"https:\/\/archive.sana.sy\/tr\/index.php?rest_route=\/wp\/v2\/posts"}],"about":[{"href":"https:\/\/archive.sana.sy\/tr\/index.php?rest_route=\/wp\/v2\/types\/post"}],"author":[{"embeddable":true,"href":"https:\/\/archive.sana.sy\/tr\/index.php?rest_route=\/wp\/v2\/users\/1"}],"replies":[{"embeddable":true,"href":"https:\/\/archive.sana.sy\/tr\/index.php?rest_route=%2Fwp%2Fv2%2Fcomments&post=54904"}],"version-history":[{"count":0,"href":"https:\/\/archive.sana.sy\/tr\/index.php?rest_route=\/wp\/v2\/posts\/54904\/revisions"}],"wp:featuredmedia":[{"embeddable":true,"href":"https:\/\/archive.sana.sy\/tr\/index.php?rest_route=\/wp\/v2\/media\/54938"}],"wp:attachment":[{"href":"https:\/\/archive.sana.sy\/tr\/index.php?rest_route=%2Fwp%2Fv2%2Fmedia&parent=54904"}],"wp:term":[{"taxonomy":"category","embeddable":true,"href":"https:\/\/archive.sana.sy\/tr\/index.php?rest_route=%2Fwp%2Fv2%2Fcategories&post=54904"},{"taxonomy":"post_tag","embeddable":true,"href":"https:\/\/archive.sana.sy\/tr\/index.php?rest_route=%2Fwp%2Fv2%2Ftags&post=54904"}],"curies":[{"name":"wp","href":"https:\/\/api.w.org\/{rel}","templated":true}]}}