{"id":54931,"date":"2015-12-10T13:20:20","date_gmt":"2015-12-10T11:20:20","guid":{"rendered":"http:\/\/www.sana.sy\/tr\/?p=54931"},"modified":"2015-12-14T16:36:30","modified_gmt":"2015-12-14T14:36:30","slug":"daily-mail-isid-lideri-turkiyede-tedavi-gordu","status":"publish","type":"post","link":"https:\/\/archive.sana.sy\/tr\/?p=54931","title":{"rendered":"Daily Mail: I\u015e\u0130D Lideri T\u00fcrkiye\u2019de Tedavi G\u00f6rd\u00fc"},"content":{"rendered":"<p>LONDRA \u2013 \u0130ngiliz Daily Mail Gazetesi Irak hava g\u00fc\u00e7lerinin ge\u00e7en Ekim ay\u0131nda ger\u00e7ekle\u015ftirdikleri bir operasyonla yaralanan I\u015e\u0130D lideri Ebu Bekir el Ba\u011fdadi\u2019nin illegal yollarla T\u00fcrkiye&#8217;ye g\u00f6t\u00fcr\u00fcld\u00fc\u011f\u00fcn\u00fc ve orada tedavi g\u00f6rmesi ard\u0131ndan yine illegal yollarla Libya&#8217;ya ta\u015f\u0131nd\u0131\u011f\u0131n\u0131 de\u015fifre etti.<\/p>\n<p>Gazete d\u00fcnk\u00fc\u00a0say\u0131s\u0131nda yay\u0131nlad\u0131\u011f\u0131 haberde Irak ve Suriye\u2019de ter\u00f6r \u00f6rg\u00fct\u00fc liderinin arand\u0131\u011f\u0131 ve I\u015e\u0130D\u2019in zay\u0131flat\u0131lmaya \u00e7al\u0131\u015f\u0131ld\u0131\u011f\u0131 s\u0131rada \u00f6rg\u00fct liderinin T\u00fcrkiye \u00fczerinden g\u00fcvenli bar\u0131nak say\u0131laca\u011f\u0131 ve kimsenin akl\u0131na gelmeyece\u011fi Libya&#8217;ya g\u00f6t\u00fcr\u00fcld\u00fc\u011f\u00fcn\u00fc belirtti.<\/p>\n<p>Gazete haberinde \u00f6rg\u00fct lideri Ba\u011fdadi\u2019nin Libya&#8217;da I\u015e\u0130D \u00d6rg\u00fct\u00fcne tabi ter\u00f6r gruplar\u0131n kontrol\u00fc alt\u0131ndaki Sirte Kentinde yer alt\u0131nda s\u0131k\u0131 bir \u015fekilde korunan bir mekanda ikamet etti\u011fine dikkat \u00e7ekti.<\/p>\n<p>Cezayirli \u015euruk Gazetesi ge\u00e7en Per\u015fembe g\u00fcn\u00fc I\u015e\u0130D \u00d6rg\u00fct\u00fc lideri Ba\u011fdadi\u2019nin Libya&#8217;n\u0131n Sirte Kentine gizli ve s\u00fcrpriz bir \u015fekilde ula\u015ft\u0131\u011f\u0131n\u0131 ifade eden bilgilerden s\u00f6z etmi\u015fti. Gazete haberinde Ba\u011fdadi ile birlikte Nijerya\u2019da bulunan ve son olarak I\u015e\u0130D\u2019e biat eden Boko-Haram ter\u00f6r \u00f6rg\u00fct\u00fc lideri \u2018Ebu Bekir el \u015eikavi\u2019nin de Sirte Kentine ula\u015ft\u0131\u011f\u0131n\u0131 ifade etti.<\/p>\n<p>Irak hava g\u00fc\u00e7leri 12 Ekim\u2019de Irak\u2019\u0131n Enbar B\u00f6lgesinde Ba\u011fdadi\u2019nin bulundu\u011fu I\u015e\u0130D\u2019li ara\u00e7 konvoyunu bombalam\u0131\u015f, operasyonda Ba\u011fdadi\u2019nin yaraland\u0131\u011f\u0131 ifade edilmi\u015fti.<\/p>\n","protected":false},"excerpt":{"rendered":"<p>LONDRA \u2013 \u0130ngiliz Daily Mail Gazetesi Irak hava g\u00fc\u00e7lerinin ge\u00e7en Ekim ay\u0131nda ger\u00e7ekle\u015ftirdikleri bir operasyonla yaralanan I\u015e\u0130D lideri Ebu Bekir el Ba\u011fdadi\u2019nin illegal yollarla T\u00fcrkiye&#8217;ye g\u00f6t\u00fcr\u00fcld\u00fc\u011f\u00fcn\u00fc ve orada tedavi g\u00f6rmesi ard\u0131ndan yine illegal yollarla Libya&#8217;ya ta\u015f\u0131nd\u0131\u011f\u0131n\u0131 de\u015fifre etti. Gazete d\u00fcnk\u00fc\u00a0say\u0131s\u0131nda yay\u0131nlad\u0131\u011f\u0131 haberde Irak ve Suriye\u2019de ter\u00f6r \u00f6rg\u00fct\u00fc liderinin arand\u0131\u011f\u0131 ve I\u015e\u0130D\u2019in zay\u0131flat\u0131lmaya \u00e7al\u0131\u015f\u0131ld\u0131\u011f\u0131 s\u0131rada \u00f6rg\u00fct &hellip;<\/p>\n","protected":false},"author":1,"featured_media":54932,"comment_status":"closed","ping_status":"closed","sticky":false,"template":"","format":"standard","meta":{"footnotes":""},"categories":[556,559,17988,2554,2555],"tags":[18052],"class_list":["post-54931","post","type-post","status-publish","format-standard","has-post-thumbnail","","category-basin","category-dunya-basini","category-son-haberler","category-suriye-ve-dunya","category-suriye-ve-turkiye","tag-daily-mail-isid-lideri-turkiyede-tedavi-gordu"],"_links":{"self":[{"href":"https:\/\/archive.sana.sy\/tr\/index.php?rest_route=\/wp\/v2\/posts\/54931","targetHints":{"allow":["GET"]}}],"collection":[{"href":"https:\/\/archive.sana.sy\/tr\/index.php?rest_route=\/wp\/v2\/posts"}],"about":[{"href":"https:\/\/archive.sana.sy\/tr\/index.php?rest_route=\/wp\/v2\/types\/post"}],"author":[{"embeddable":true,"href":"https:\/\/archive.sana.sy\/tr\/index.php?rest_route=\/wp\/v2\/users\/1"}],"replies":[{"embeddable":true,"href":"https:\/\/archive.sana.sy\/tr\/index.php?rest_route=%2Fwp%2Fv2%2Fcomments&post=54931"}],"version-history":[{"count":0,"href":"https:\/\/archive.sana.sy\/tr\/index.php?rest_route=\/wp\/v2\/posts\/54931\/revisions"}],"wp:featuredmedia":[{"embeddable":true,"href":"https:\/\/archive.sana.sy\/tr\/index.php?rest_route=\/wp\/v2\/media\/54932"}],"wp:attachment":[{"href":"https:\/\/archive.sana.sy\/tr\/index.php?rest_route=%2Fwp%2Fv2%2Fmedia&parent=54931"}],"wp:term":[{"taxonomy":"category","embeddable":true,"href":"https:\/\/archive.sana.sy\/tr\/index.php?rest_route=%2Fwp%2Fv2%2Fcategories&post=54931"},{"taxonomy":"post_tag","embeddable":true,"href":"https:\/\/archive.sana.sy\/tr\/index.php?rest_route=%2Fwp%2Fv2%2Ftags&post=54931"}],"curies":[{"name":"wp","href":"https:\/\/api.w.org\/{rel}","templated":true}]}}