{"id":54955,"date":"2015-12-10T11:35:04","date_gmt":"2015-12-10T09:35:04","guid":{"rendered":"http:\/\/www.sana.sy\/tr\/?p=54955"},"modified":"2015-12-10T14:37:02","modified_gmt":"2015-12-10T12:37:02","slug":"guvenlik-konseyinde-caydirici-bir-karar-alinmalidir","status":"publish","type":"post","link":"https:\/\/archive.sana.sy\/tr\/?p=54955","title":{"rendered":"G\u00fcvenlik Konseyinde Cayd\u0131r\u0131c\u0131 Bir Karar Al\u0131nmal\u0131d\u0131r"},"content":{"rendered":"<p>AT\u0130NA \u2013 Yunanistan, K\u0131br\u0131s ve M\u0131s\u0131r bug\u00fcn yay\u0131nlad\u0131klar\u0131 ortak beyanda b\u00f6lge sorunlar\u0131n\u0131n siyasi yollar ve diyalogla \u00e7\u00f6z\u00fclmesinin yan\u0131 s\u0131ra Suriye&#8217;nin birli\u011fi ve b\u00f6lgesel selametinin korunmas\u0131 \u00e7a\u011fr\u0131s\u0131nda bulundu.<\/p>\n<p>Yunanistan Ba\u015fbakan\u0131 Aleksis \u00c7ipras, K\u0131br\u0131s Cumhurba\u015fkan\u0131 Nikos Anastasiadis ve M\u0131s\u0131r Cumhurba\u015fkan\u0131 Abd\u00fclfettah el Sisi\u2019nin Atina\u2019da bulunduklar\u0131 g\u00f6r\u00fc\u015fmeler ard\u0131ndan yay\u0131nlanan ortak beyanda; Suriye&#8217;deki krizin siyasi \u00e7\u00f6z\u00fcm\u00fc konusunda Viyana\u2019da \u00fcst\u00fcne anla\u015f\u0131lan noktalar\u0131n hayata ge\u00e7irilmesi davetinde bulundular. Ter\u00f6re kar\u015f\u0131 m\u00fccadelede uluslar aras\u0131 \u00e7abalara deste\u011fin ifade edildi\u011fi beyanda; radikal \u00f6rg\u00fctlerin yap\u0131s\u0131n\u0131n \u00e7\u00f6z\u00fclmesi, ter\u00f6re destek ve finans kaynaklar\u0131n\u0131n kurutulmas\u0131 gere\u011finin alt\u0131 \u00e7izilirken bu ba\u011flamda ger\u00e7ek\u00e7i ve kapsaml\u0131 bir yakla\u015f\u0131m\u0131n \u00f6nemine vurgu yap\u0131ld\u0131.<\/p>\n<p>I\u015e\u0130D ve daha ba\u015fka ter\u00f6r \u00f6rg\u00fctlerin b\u00f6lgede bulunduklar\u0131 ya\u011fmalama, h\u0131rs\u0131zl\u0131k ve k\u00fclt\u00fcrel miras\u0131 yok etme eylemlerine son verme ve destek verenlerin bu desteklerini kesmelerine zorlanmalar\u0131 gere\u011fine dikkat \u00e7ekilen beyanda; bu meselenin \u00e7\u00f6z\u00fcm\u00fc i\u00e7in Uluslararas\u0131 G\u00fcvenlik Konseyinin cayd\u0131r\u0131c\u0131 bir karar almas\u0131n\u0131 sa\u011flama \u00f6nemi ifade edildi.<\/p>\n","protected":false},"excerpt":{"rendered":"<p>AT\u0130NA \u2013 Yunanistan, K\u0131br\u0131s ve M\u0131s\u0131r bug\u00fcn yay\u0131nlad\u0131klar\u0131 ortak beyanda b\u00f6lge sorunlar\u0131n\u0131n siyasi yollar ve diyalogla \u00e7\u00f6z\u00fclmesinin yan\u0131 s\u0131ra Suriye&#8217;nin birli\u011fi ve b\u00f6lgesel selametinin korunmas\u0131 \u00e7a\u011fr\u0131s\u0131nda bulundu. Yunanistan Ba\u015fbakan\u0131 Aleksis \u00c7ipras, K\u0131br\u0131s Cumhurba\u015fkan\u0131 Nikos Anastasiadis ve M\u0131s\u0131r Cumhurba\u015fkan\u0131 Abd\u00fclfettah el Sisi\u2019nin Atina\u2019da bulunduklar\u0131 g\u00f6r\u00fc\u015fmeler ard\u0131ndan yay\u0131nlanan ortak beyanda; Suriye&#8217;deki krizin siyasi \u00e7\u00f6z\u00fcm\u00fc konusunda Viyana\u2019da \u00fcst\u00fcne &hellip;<\/p>\n","protected":false},"author":1,"featured_media":54956,"comment_status":"closed","ping_status":"closed","sticky":false,"template":"","format":"standard","meta":{"footnotes":""},"categories":[458,459,17988],"tags":[18056,18055],"class_list":["post-54955","post","type-post","status-publish","format-standard","has-post-thumbnail","","category-dunya1","category-haberler-arap-uluslararasi-politika","category-son-haberler","tag-kibris-ve-misir","tag-yunanistan"],"_links":{"self":[{"href":"https:\/\/archive.sana.sy\/tr\/index.php?rest_route=\/wp\/v2\/posts\/54955","targetHints":{"allow":["GET"]}}],"collection":[{"href":"https:\/\/archive.sana.sy\/tr\/index.php?rest_route=\/wp\/v2\/posts"}],"about":[{"href":"https:\/\/archive.sana.sy\/tr\/index.php?rest_route=\/wp\/v2\/types\/post"}],"author":[{"embeddable":true,"href":"https:\/\/archive.sana.sy\/tr\/index.php?rest_route=\/wp\/v2\/users\/1"}],"replies":[{"embeddable":true,"href":"https:\/\/archive.sana.sy\/tr\/index.php?rest_route=%2Fwp%2Fv2%2Fcomments&post=54955"}],"version-history":[{"count":0,"href":"https:\/\/archive.sana.sy\/tr\/index.php?rest_route=\/wp\/v2\/posts\/54955\/revisions"}],"wp:featuredmedia":[{"embeddable":true,"href":"https:\/\/archive.sana.sy\/tr\/index.php?rest_route=\/wp\/v2\/media\/54956"}],"wp:attachment":[{"href":"https:\/\/archive.sana.sy\/tr\/index.php?rest_route=%2Fwp%2Fv2%2Fmedia&parent=54955"}],"wp:term":[{"taxonomy":"category","embeddable":true,"href":"https:\/\/archive.sana.sy\/tr\/index.php?rest_route=%2Fwp%2Fv2%2Fcategories&post=54955"},{"taxonomy":"post_tag","embeddable":true,"href":"https:\/\/archive.sana.sy\/tr\/index.php?rest_route=%2Fwp%2Fv2%2Ftags&post=54955"}],"curies":[{"name":"wp","href":"https:\/\/api.w.org\/{rel}","templated":true}]}}