{"id":54958,"date":"2015-12-10T12:04:25","date_gmt":"2015-12-10T10:04:25","guid":{"rendered":"http:\/\/www.sana.sy\/tr\/?p=54958"},"modified":"2015-12-10T15:30:13","modified_gmt":"2015-12-10T13:30:13","slug":"irak-turkiyedeki-ticari-ataseligini-iptal-etti","status":"publish","type":"post","link":"https:\/\/archive.sana.sy\/tr\/?p=54958","title":{"rendered":"Irak T\u00fcrkiye&#8217;deki Ticari Ata\u015feli\u011fini \u0130ptal Etti"},"content":{"rendered":"<p>BA\u011eDAT \u2013 Irak Ticaret Bakanl\u0131\u011f\u0131 T\u00fcrkiye&#8217;de bulunan Irak B\u00fcy\u00fckel\u00e7ili\u011finde Ticari Ata\u015feli\u011fi iptal etme karar\u0131 al\u0131rken Irak\u2019\u0131n 3 ili T\u00fcrk mallar\u0131n\u0131 boykot etme karar\u0131 ald\u0131.<\/p>\n<p>Irak Ticaret Bakanl\u0131\u011f\u0131 yay\u0131nlad\u0131\u011f\u0131 resmi beyanda T\u00fcrkiye&#8217;de rejim g\u00fc\u00e7lerinin ulusal egemenli\u011fi ihlal ederek \u0131rak topraklar\u0131na girmesi ard\u0131ndan T\u00fcrkiye&#8217;de bulunan Irak B\u00fcy\u00fckel\u00e7ili\u011findeki Ticari Ata\u015feli\u011fin iptal edildi\u011fini duyurdu.<\/p>\n<p>Di\u011fer yandan Irak\u2019ta Kerbela, Misan ve M\u00fcsna illeri T\u00fcrk mallar\u0131n\u0131 boykot etme karar\u0131 ald\u0131.<\/p>\n","protected":false},"excerpt":{"rendered":"<p>BA\u011eDAT \u2013 Irak Ticaret Bakanl\u0131\u011f\u0131 T\u00fcrkiye&#8217;de bulunan Irak B\u00fcy\u00fckel\u00e7ili\u011finde Ticari Ata\u015feli\u011fi iptal etme karar\u0131 al\u0131rken Irak\u2019\u0131n 3 ili T\u00fcrk mallar\u0131n\u0131 boykot etme karar\u0131 ald\u0131. Irak Ticaret Bakanl\u0131\u011f\u0131 yay\u0131nlad\u0131\u011f\u0131 resmi beyanda T\u00fcrkiye&#8217;de rejim g\u00fc\u00e7lerinin ulusal egemenli\u011fi ihlal ederek \u0131rak topraklar\u0131na girmesi ard\u0131ndan T\u00fcrkiye&#8217;de bulunan Irak B\u00fcy\u00fckel\u00e7ili\u011findeki Ticari Ata\u015feli\u011fin iptal edildi\u011fini duyurdu. Di\u011fer yandan Irak\u2019ta Kerbela, Misan &hellip;<\/p>\n","protected":false},"author":1,"featured_media":54963,"comment_status":"closed","ping_status":"closed","sticky":false,"template":"","format":"standard","meta":{"footnotes":""},"categories":[458,459,17988],"tags":[],"class_list":["post-54958","post","type-post","status-publish","format-standard","has-post-thumbnail","","category-dunya1","category-haberler-arap-uluslararasi-politika","category-son-haberler"],"_links":{"self":[{"href":"https:\/\/archive.sana.sy\/tr\/index.php?rest_route=\/wp\/v2\/posts\/54958","targetHints":{"allow":["GET"]}}],"collection":[{"href":"https:\/\/archive.sana.sy\/tr\/index.php?rest_route=\/wp\/v2\/posts"}],"about":[{"href":"https:\/\/archive.sana.sy\/tr\/index.php?rest_route=\/wp\/v2\/types\/post"}],"author":[{"embeddable":true,"href":"https:\/\/archive.sana.sy\/tr\/index.php?rest_route=\/wp\/v2\/users\/1"}],"replies":[{"embeddable":true,"href":"https:\/\/archive.sana.sy\/tr\/index.php?rest_route=%2Fwp%2Fv2%2Fcomments&post=54958"}],"version-history":[{"count":0,"href":"https:\/\/archive.sana.sy\/tr\/index.php?rest_route=\/wp\/v2\/posts\/54958\/revisions"}],"wp:featuredmedia":[{"embeddable":true,"href":"https:\/\/archive.sana.sy\/tr\/index.php?rest_route=\/wp\/v2\/media\/54963"}],"wp:attachment":[{"href":"https:\/\/archive.sana.sy\/tr\/index.php?rest_route=%2Fwp%2Fv2%2Fmedia&parent=54958"}],"wp:term":[{"taxonomy":"category","embeddable":true,"href":"https:\/\/archive.sana.sy\/tr\/index.php?rest_route=%2Fwp%2Fv2%2Fcategories&post=54958"},{"taxonomy":"post_tag","embeddable":true,"href":"https:\/\/archive.sana.sy\/tr\/index.php?rest_route=%2Fwp%2Fv2%2Ftags&post=54958"}],"curies":[{"name":"wp","href":"https:\/\/api.w.org\/{rel}","templated":true}]}}