{"id":54972,"date":"2015-12-10T16:50:04","date_gmt":"2015-12-10T14:50:04","guid":{"rendered":"http:\/\/www.sana.sy\/tr\/?p=54972"},"modified":"2015-12-10T16:50:35","modified_gmt":"2015-12-10T14:50:35","slug":"cubeyre-seslenirken-senin-kucuk-olculerine-uygun-meselelerle-ugrasmani-oneriyorum-belki-de-o-zaman-basarisiz-oldugun-konularda-basarili-olursun-ifadesini-kullanan-bakan-zo","status":"publish","type":"post","link":"https:\/\/archive.sana.sy\/tr\/?p=54972","title":{"rendered":"Cubeyr\u2019e seslenirken; \u201csenin k\u00fc\u00e7\u00fck \u00f6l\u00e7\u00fclerine uygun meselelerle u\u011fra\u015fman\u0131 \u00f6neriyorum, belki de o zaman ba\u015far\u0131s\u0131z oldu\u011fun konularda ba\u015far\u0131l\u0131 olursun\u201d ifadesini kullanan Bakan Zoubi; Suudi rejiminin finans ve komutas\u0131nda y\u00fcr\u00fct\u00fclen bu sava\u015f s\u00fcrecinde insanlar\u0131 g\u00fcld\u00fcrmek i\u00e7in haftada bir kez bas\u0131n a\u00e7\u0131klamas\u0131nda bulunmas\u0131n\u0131n pekala sorun olmayaca\u011f\u0131n\u0131 s\u00f6zleriyle Cubey\u2019in mant\u0131k ve ger\u00e7eklerden uzak a\u00e7\u0131klamalar\u0131n\u0131 ele\u015ftirdi."},"content":{"rendered":"<p>Cubeyr\u2019e seslenirken; \u201csenin k\u00fc\u00e7\u00fck \u00f6l\u00e7\u00fclerine uygun meselelerle u\u011fra\u015fman\u0131 \u00f6neriyorum, belki de o zaman ba\u015far\u0131s\u0131z oldu\u011fun konularda ba\u015far\u0131l\u0131 olursun\u201d ifadesini kullanan Bakan Zoubi; Suudi rejiminin finans ve komutas\u0131nda y\u00fcr\u00fct\u00fclen bu sava\u015f s\u00fcrecinde insanlar\u0131 g\u00fcld\u00fcrmek i\u00e7in haftada bir kez bas\u0131n a\u00e7\u0131klamas\u0131nda bulunmas\u0131n\u0131n pekala sorun olmayaca\u011f\u0131n\u0131 s\u00f6zleriyle Cubey\u2019in mant\u0131k ve ger\u00e7eklerden uzak a\u00e7\u0131klamalar\u0131n\u0131 ele\u015ftirdi.<\/p>\n","protected":false},"excerpt":{"rendered":"<p>Cubeyr\u2019e seslenirken; \u201csenin k\u00fc\u00e7\u00fck \u00f6l\u00e7\u00fclerine uygun meselelerle u\u011fra\u015fman\u0131 \u00f6neriyorum, belki de o zaman ba\u015far\u0131s\u0131z oldu\u011fun konularda ba\u015far\u0131l\u0131 olursun\u201d ifadesini kullanan Bakan Zoubi; Suudi rejiminin finans ve komutas\u0131nda y\u00fcr\u00fct\u00fclen bu sava\u015f s\u00fcrecinde insanlar\u0131 g\u00fcld\u00fcrmek i\u00e7in haftada bir kez bas\u0131n a\u00e7\u0131klamas\u0131nda bulunmas\u0131n\u0131n pekala sorun olmayaca\u011f\u0131n\u0131 s\u00f6zleriyle Cubey\u2019in mant\u0131k ve ger\u00e7eklerden uzak a\u00e7\u0131klamalar\u0131n\u0131 ele\u015ftirdi.<\/p>\n","protected":false},"author":1,"featured_media":0,"comment_status":"closed","ping_status":"closed","sticky":false,"template":"","format":"standard","meta":{"footnotes":""},"categories":[17991],"tags":[],"class_list":["post-54972","post","type-post","status-publish","format-standard","","category-son-dakika"],"_links":{"self":[{"href":"https:\/\/archive.sana.sy\/tr\/index.php?rest_route=\/wp\/v2\/posts\/54972","targetHints":{"allow":["GET"]}}],"collection":[{"href":"https:\/\/archive.sana.sy\/tr\/index.php?rest_route=\/wp\/v2\/posts"}],"about":[{"href":"https:\/\/archive.sana.sy\/tr\/index.php?rest_route=\/wp\/v2\/types\/post"}],"author":[{"embeddable":true,"href":"https:\/\/archive.sana.sy\/tr\/index.php?rest_route=\/wp\/v2\/users\/1"}],"replies":[{"embeddable":true,"href":"https:\/\/archive.sana.sy\/tr\/index.php?rest_route=%2Fwp%2Fv2%2Fcomments&post=54972"}],"version-history":[{"count":0,"href":"https:\/\/archive.sana.sy\/tr\/index.php?rest_route=\/wp\/v2\/posts\/54972\/revisions"}],"wp:attachment":[{"href":"https:\/\/archive.sana.sy\/tr\/index.php?rest_route=%2Fwp%2Fv2%2Fmedia&parent=54972"}],"wp:term":[{"taxonomy":"category","embeddable":true,"href":"https:\/\/archive.sana.sy\/tr\/index.php?rest_route=%2Fwp%2Fv2%2Fcategories&post=54972"},{"taxonomy":"post_tag","embeddable":true,"href":"https:\/\/archive.sana.sy\/tr\/index.php?rest_route=%2Fwp%2Fv2%2Ftags&post=54972"}],"curies":[{"name":"wp","href":"https:\/\/api.w.org\/{rel}","templated":true}]}}