{"id":54976,"date":"2015-12-10T16:52:51","date_gmt":"2015-12-10T14:52:51","guid":{"rendered":"http:\/\/www.sana.sy\/tr\/?p=54976"},"modified":"2015-12-10T17:05:52","modified_gmt":"2015-12-10T15:05:52","slug":"enformasyon-bakanindan-cubeyre-sert-yanit","status":"publish","type":"post","link":"https:\/\/archive.sana.sy\/tr\/?p=54976","title":{"rendered":"Enformasyon Bakan\u0131ndan Cubeyr\u2019e Sert Yan\u0131t"},"content":{"rendered":"<p>\u015eAM \u2013 Enformasyon Bakan\u0131 Omran el Zoubi Suudi Arabistan D\u0131\u015fi\u015fleri Bakan\u0131 Adil el Cubeyr\u2019in Suriye halk\u0131 ve y\u00f6netimini hedef alan d\u00fc\u015fmanc\u0131 a\u00e7\u0131klamalar\u0131na verdi\u011fi cevapta; C\u00fcbeyr\u2019in Suriye&#8217;yi ele alacak makamda olmad\u0131\u011f\u0131n\u0131, de\u011fer ve seviyesinin bunun \u00e7ok daha alt\u0131nda oldu\u011funu ifade etti.<\/p>\n<p>Bakan Zoubi gazetecilerin sorular\u0131n\u0131 cevaplarken Cubeyr\u2019in Suriye halk\u0131 ve y\u00f6netiminden s\u00f6z edecek d\u00fczey ya da makamda olmad\u0131\u011f\u0131n\u0131 belirtti.<\/p>\n<p>Cubeyr\u2019e seslenirken; \u201csenin k\u00fc\u00e7\u00fck \u00f6l\u00e7\u00fclerine uygun meselelerle u\u011fra\u015fman\u0131 \u00f6neriyorum, belki de o zaman ba\u015far\u0131s\u0131z oldu\u011fun konularda ba\u015far\u0131l\u0131 olursun\u201d ifadesini kullanan Bakan Zoubi; Suudi rejiminin finans ve komutas\u0131nda y\u00fcr\u00fct\u00fclen bu sava\u015f s\u00fcrecinde insanlar\u0131 g\u00fcld\u00fcrmek i\u00e7in haftada bir kez bas\u0131n a\u00e7\u0131klamas\u0131nda bulunmas\u0131n\u0131n pekala sorun olmayaca\u011f\u0131n\u0131 s\u00f6zleriyle Cubey\u2019in mant\u0131k ve ger\u00e7eklerden uzak a\u00e7\u0131klamalar\u0131n\u0131 ele\u015ftirdi.<\/p>\n<p>\u2018Gulam\u2019 olarak nitelendirdi\u011fi Cubeyr\u2019in b\u00fcy\u00fcklerden s\u00f6z etti\u011finde b\u00fcy\u00fck olaca\u011f\u0131n\u0131 sand\u0131\u011f\u0131n\u0131 ifade eden Zoubi; nazi a\u00e7\u0131klamalar\u0131yla siyasi bilimler ve diplomaside yeri olaca\u011f\u0131n\u0131 d\u00fc\u015f\u00fcnmekle yan\u0131ld\u0131\u011f\u0131n\u0131 belirtti. Bakan Zoubi Cubeyr\u2019in Suriye y\u00f6netimi ve halk\u0131na ili\u015fkin a\u00e7\u0131klamalar\u0131n\u0131 Suudi rejimine uygun rezil ve alay konusu olarak nitelendirdi.<\/p>\n","protected":false},"excerpt":{"rendered":"<p>\u015eAM \u2013 Enformasyon Bakan\u0131 Omran el Zoubi Suudi Arabistan D\u0131\u015fi\u015fleri Bakan\u0131 Adil el Cubeyr\u2019in Suriye halk\u0131 ve y\u00f6netimini hedef alan d\u00fc\u015fmanc\u0131 a\u00e7\u0131klamalar\u0131na verdi\u011fi cevapta; C\u00fcbeyr\u2019in Suriye&#8217;yi ele alacak makamda olmad\u0131\u011f\u0131n\u0131, de\u011fer ve seviyesinin bunun \u00e7ok daha alt\u0131nda oldu\u011funu ifade etti. Bakan Zoubi gazetecilerin sorular\u0131n\u0131 cevaplarken Cubeyr\u2019in Suriye halk\u0131 ve y\u00f6netiminden s\u00f6z edecek d\u00fczey ya da &hellip;<\/p>\n","protected":false},"author":1,"featured_media":54296,"comment_status":"closed","ping_status":"closed","sticky":false,"template":"","format":"standard","meta":{"footnotes":""},"categories":[479,17988,478],"tags":[17124,18059,18060],"class_list":["post-54976","post","type-post","status-publish","format-standard","has-post-thumbnail","","category-haberler-yerel","category-son-haberler","category-yerel","tag-enformasyon-bakani-omran-el-zoubi","tag-enformasyon-bakanindan-cubeyre-sert-yanit","tag-suudi-arabistan-disisleri-bakani-adil-el-cubeyr"],"_links":{"self":[{"href":"https:\/\/archive.sana.sy\/tr\/index.php?rest_route=\/wp\/v2\/posts\/54976","targetHints":{"allow":["GET"]}}],"collection":[{"href":"https:\/\/archive.sana.sy\/tr\/index.php?rest_route=\/wp\/v2\/posts"}],"about":[{"href":"https:\/\/archive.sana.sy\/tr\/index.php?rest_route=\/wp\/v2\/types\/post"}],"author":[{"embeddable":true,"href":"https:\/\/archive.sana.sy\/tr\/index.php?rest_route=\/wp\/v2\/users\/1"}],"replies":[{"embeddable":true,"href":"https:\/\/archive.sana.sy\/tr\/index.php?rest_route=%2Fwp%2Fv2%2Fcomments&post=54976"}],"version-history":[{"count":0,"href":"https:\/\/archive.sana.sy\/tr\/index.php?rest_route=\/wp\/v2\/posts\/54976\/revisions"}],"wp:featuredmedia":[{"embeddable":true,"href":"https:\/\/archive.sana.sy\/tr\/index.php?rest_route=\/wp\/v2\/media\/54296"}],"wp:attachment":[{"href":"https:\/\/archive.sana.sy\/tr\/index.php?rest_route=%2Fwp%2Fv2%2Fmedia&parent=54976"}],"wp:term":[{"taxonomy":"category","embeddable":true,"href":"https:\/\/archive.sana.sy\/tr\/index.php?rest_route=%2Fwp%2Fv2%2Fcategories&post=54976"},{"taxonomy":"post_tag","embeddable":true,"href":"https:\/\/archive.sana.sy\/tr\/index.php?rest_route=%2Fwp%2Fv2%2Ftags&post=54976"}],"curies":[{"name":"wp","href":"https:\/\/api.w.org\/{rel}","templated":true}]}}