{"id":5498,"date":"2014-07-19T14:02:23","date_gmt":"2014-07-19T11:02:23","guid":{"rendered":"http:\/\/www.sana.sy\/tr\/?p=5498"},"modified":"2014-07-23T17:07:35","modified_gmt":"2014-07-23T14:07:35","slug":"attar-cumhurbaskani-yardimciligina-atandi","status":"publish","type":"post","link":"https:\/\/archive.sana.sy\/tr\/?p=5498","title":{"rendered":"Attar Cumhurba\u015fkan\u0131 Yard\u0131mc\u0131l\u0131\u011f\u0131na Atand\u0131"},"content":{"rendered":"<p>\u015eAM \u2013 Cumhurba\u015fkan\u0131 Be\u015f\u015far el Esad bug\u00fcn yeni cumhurba\u015fkanl\u0131\u011f\u0131 d\u00f6neminde Necah el Attar\u2019\u0131n cumhurba\u015fkan\u0131 yard\u0131mc\u0131s\u0131 olarak g\u00f6revinde kalmas\u0131n\u0131 \u00f6ng\u00f6ren kararnameyi onaylad\u0131.<\/p>\n<p>Kararname gere\u011fince Attar; cumhurba\u015fkan\u0131n\u0131n y\u00f6nlendirmeleri \u00e7er\u00e7evesinde k\u00fclt\u00fcr politikas\u0131n\u0131 y\u00fcr\u00fctme i\u015flemlerinden sorumlu oluyor.<\/p>\n","protected":false},"excerpt":{"rendered":"<p>\u015eAM \u2013 Cumhurba\u015fkan\u0131 Be\u015f\u015far el Esad bug\u00fcn yeni cumhurba\u015fkanl\u0131\u011f\u0131 d\u00f6neminde Necah el Attar\u2019\u0131n cumhurba\u015fkan\u0131 yard\u0131mc\u0131s\u0131 olarak g\u00f6revinde kalmas\u0131n\u0131 \u00f6ng\u00f6ren kararnameyi onaylad\u0131. Kararname gere\u011fince Attar; cumhurba\u015fkan\u0131n\u0131n y\u00f6nlendirmeleri \u00e7er\u00e7evesinde k\u00fclt\u00fcr politikas\u0131n\u0131 y\u00fcr\u00fctme i\u015flemlerinden sorumlu oluyor.<\/p>\n","protected":false},"author":1,"featured_media":5499,"comment_status":"closed","ping_status":"closed","sticky":false,"template":"","format":"standard","meta":{"footnotes":""},"categories":[479,605,612,599,478],"tags":[1197],"class_list":["post-5498","post","type-post","status-publish","format-standard","has-post-thumbnail","","category-haberler-yerel","category-sayin-cumhurbaskani","category-yasama-kararnameler","category-yasama-ve-kanunlar","category-yerel","tag-attar-cumhurbaskani-yardimciligina-atandi"],"_links":{"self":[{"href":"https:\/\/archive.sana.sy\/tr\/index.php?rest_route=\/wp\/v2\/posts\/5498","targetHints":{"allow":["GET"]}}],"collection":[{"href":"https:\/\/archive.sana.sy\/tr\/index.php?rest_route=\/wp\/v2\/posts"}],"about":[{"href":"https:\/\/archive.sana.sy\/tr\/index.php?rest_route=\/wp\/v2\/types\/post"}],"author":[{"embeddable":true,"href":"https:\/\/archive.sana.sy\/tr\/index.php?rest_route=\/wp\/v2\/users\/1"}],"replies":[{"embeddable":true,"href":"https:\/\/archive.sana.sy\/tr\/index.php?rest_route=%2Fwp%2Fv2%2Fcomments&post=5498"}],"version-history":[{"count":0,"href":"https:\/\/archive.sana.sy\/tr\/index.php?rest_route=\/wp\/v2\/posts\/5498\/revisions"}],"wp:featuredmedia":[{"embeddable":true,"href":"https:\/\/archive.sana.sy\/tr\/index.php?rest_route=\/wp\/v2\/media\/5499"}],"wp:attachment":[{"href":"https:\/\/archive.sana.sy\/tr\/index.php?rest_route=%2Fwp%2Fv2%2Fmedia&parent=5498"}],"wp:term":[{"taxonomy":"category","embeddable":true,"href":"https:\/\/archive.sana.sy\/tr\/index.php?rest_route=%2Fwp%2Fv2%2Fcategories&post=5498"},{"taxonomy":"post_tag","embeddable":true,"href":"https:\/\/archive.sana.sy\/tr\/index.php?rest_route=%2Fwp%2Fv2%2Ftags&post=5498"}],"curies":[{"name":"wp","href":"https:\/\/api.w.org\/{rel}","templated":true}]}}