{"id":54992,"date":"2015-12-11T20:19:16","date_gmt":"2015-12-11T18:19:16","guid":{"rendered":"http:\/\/www.sana.sy\/tr\/?p=54992"},"modified":"2015-12-12T18:28:01","modified_gmt":"2015-12-12T16:28:01","slug":"el-esad-ispanya-resmi-ajansiyla-roportajinda-son-gelismelere-isik-tuttu","status":"publish","type":"post","link":"https:\/\/archive.sana.sy\/tr\/?p=54992","title":{"rendered":"El Esad \u0130spanya Resmi Ajans\u0131yla R\u00f6portaj\u0131nda Son Geli\u015fmelere I\u015f\u0131k Tuttu (video)"},"content":{"rendered":"<p>\u015eAM \u2013 Cumhurba\u015fkan\u0131 Be\u015f\u015far el Esad \u0130spanyan\u0131n resmi haber ajans\u0131 EFE ile m\u00fclakat\u0131nda Suriye&#8217;deki durumlar ve krizin \u00e7\u00f6z\u00fcm\u00fc y\u00f6n\u00fcndeki son geli\u015fmelere \u0131\u015f\u0131k tuttu.<\/p>\n<p><span style=\"color: #0000ff\">Muhalefetin Tan\u0131m\u0131na Ba\u011fl\u0131d\u0131r<\/span><\/p>\n<p>Suriye h\u00fck\u00fcmetinin Viyana&#8217;da \u00fcst\u00fcne anla\u015f\u0131ld\u0131\u011f\u0131 gibi \u00f6n\u00fcm\u00fczdeki Ocak ay\u0131n\u0131n ba\u015flar\u0131nda \u0131l\u0131ml\u0131 muhalefetle diyaloga oturmaya haz\u0131r olup olmad\u0131\u011f\u0131 y\u00f6n\u00fcnde soruya cevab\u0131nda el Esad; devletin krizin ba\u015flad\u0131\u011f\u0131 ilk anlardan beri Suriye&#8217;de krizde taraf olan herkesle diyaloga a\u00e7\u0131k oldu\u011funu belirtti.<\/p>\n<p>El Esad Suriye&#8217;nin ayn\u0131 zamanda ba\u011flat\u0131lan uluslar aras\u0131 giri\u015fimlere de olumlu bakt\u0131\u011f\u0131n\u0131 ve bu y\u00f6nde ad\u0131m att\u0131\u011f\u0131na dikkat \u00e7ekerken bu giri\u015fimlerde ger\u00e7ek niyetler ve bu giri\u015fimden sorumlular\u0131n d\u00fcr\u00fcstl\u00fcklerini g\u00f6z ard\u0131 etti\u011fine i\u015faret etti. Dolay\u0131s\u0131yla Suriye&#8217;nin bug\u00fcn de muhalefetle diyaloga haz\u0131r oldu\u011funu belirten el Esad; fakat bunun da muhalefetin tan\u0131m\u0131na ko\u015fullu oldu\u011funu s\u00f6yledi.<\/p>\n<p><a href=\"http:\/\/www.sana.sy\/tr\/?attachment_id=54997\" rel=\"attachment wp-att-54997\"><img loading=\"lazy\" decoding=\"async\" class=\"size-medium wp-image-54997 alignright\" src=\"http:\/\/www.sana.sy\/tr\/wp-content\/uploads\/2015\/12\/02-1-300x179.jpg\" alt=\"02\" width=\"300\" height=\"179\" srcset=\"https:\/\/archive.sana.sy\/tr\/wp-content\/uploads\/2015\/12\/02-1-300x179.jpg 300w, https:\/\/archive.sana.sy\/tr\/wp-content\/uploads\/2015\/12\/02-1-150x90.jpg 150w, https:\/\/archive.sana.sy\/tr\/wp-content\/uploads\/2015\/12\/02-1-768x459.jpg 768w, https:\/\/archive.sana.sy\/tr\/wp-content\/uploads\/2015\/12\/02-1-1024x612.jpg 1024w\" sizes=\"auto, (max-width: 300px) 100vw, 300px\" \/><\/a>D\u00fcnyan\u0131n her yerinde muhalefetin silahl\u0131 olmayaca\u011f\u0131n\u0131, silah ta\u015f\u0131yan ve devlet kurumlar\u0131n\u0131n yan\u0131 s\u0131ra halka sald\u0131ran\u0131n muhalefet kabul edilmeyece\u011finin alt\u0131n\u0131 \u00e7izdi. El Esad bu konudaki temel anla\u015fmazl\u0131\u011f\u0131n da bu oldu\u011funa dikkat \u00e7ekerken Suudi Arabistan ve ABD gibi bir k\u0131s\u0131m devletlerin halka, orduya ve hizmet kurumlar\u0131na sistematik ve kas\u0131tl\u0131 bir \u015fekilde sald\u0131ran ter\u00f6r \u00f6rg\u00fctlerin muhalefet say\u0131l\u0131p diyalog masas\u0131na oturmalar\u0131na \u0131srar ettiklerini vurgulad\u0131.<\/p>\n<p><span style=\"color: #0000ff\">Silahl\u0131 Gruplarla Team\u00fcl\u00fcn Tek Yolu Budur<\/span><\/p>\n<p>Suudi rejiminin komuta ve y\u00f6nlendirmeleriyle Suudi Arabistan\u2019\u0131n Riyad \u015eehrinde \u2018Suriyeli muhalifler\u2019 ad\u0131 alt\u0131nda toplanan gruplarla diyalogun olup olmayaca\u011f\u0131 sorusuna cevab\u0131nda el Esad; Riyad\u2019ta toplananlar\u0131n bir k\u0131sm\u0131n\u0131n siyasi muhalif, bir k\u0131sm\u0131n\u0131n da silahl\u0131 gruplardan ibaret oldu\u011funu belirtti.<\/p>\n<p>Devletin Suriye&#8217;de bulunan bu gruplar\u0131n bir k\u0131sm\u0131yla ulusal uzla\u015fma \u00e7abalar\u0131 kapsam\u0131nda diyaloga girdi\u011fini ifade eden el Esad; fakat \u00f6rg\u00fct s\u0131fat\u0131nda de\u011fil de silahl\u0131 gruplar s\u0131fat\u0131nda diyaloga ge\u00e7ildi\u011fine dikkat \u00e7ekti. El Esad bu g\u00f6r\u00fc\u015fmelerde s\u00f6z konusu silahl\u0131 gruplara silahlar\u0131yla birlikte devlete kat\u0131lma yada devletin af karar\u0131ndan faydalan\u0131p silahlar\u0131n\u0131 b\u0131rakmalar\u0131 ard\u0131ndan normal ya\u015famlar\u0131na d\u00f6nme se\u00e7enekleri verildi\u011fini s\u00f6yledi.<\/p>\n<p>Suriye&#8217;de silahl\u0131 gruplarla team\u00fcl\u00fcn tek yolunun bu oldu\u011funu ifade eden el Esad; ba\u015fka bir de\u011fi\u015fle silah\u0131n\u0131 b\u0131rakma ve y\u00f6ntemini de\u011fi\u015ftirmeye haz\u0131r olduklar\u0131nda onlarla diyalogun m\u00fcmk\u00fcn olaca\u011f\u0131n\u0131 belirtti. El Esad fakat devletin bu silahl\u0131 gruplarla siyasi g\u00fc\u00e7 olarak diyaga ge\u00e7mesinin hi\u00e7bir \u015fekilde m\u00fcmk\u00fcn olmad\u0131\u011f\u0131n\u0131 vurgulad\u0131.<\/p>\n<p>S\u00f6zlerine devam eden el Esad; siyasi muhalefetin hi\u00e7bir zaman hi\u00e7bir devlette silahl\u0131 olmad\u0131\u011f\u0131n\u0131, radikal \u00f6rg\u00fctlerle ba\u011flant\u0131s\u0131 olmad\u0131\u011f\u0131 gibi d\u0131\u015f g\u00fc\u00e7lerle ya da yabanc\u0131 devletlere de tabi olmamalar\u0131 gerekti\u011finin alt\u0131n\u0131 \u00e7izdi.<\/p>\n<p>El Esad Suudi Arabistan ya da ba\u015fka kimi devletlerin muhalefet olarak adland\u0131rd\u0131klar\u0131 \u015fah\u0131slar\u0131 kendi istihbarat cihazlar\u0131nda te\u015fkil edip y\u00f6nlendirdiklerine vurgu yapt\u0131. Diyalog konusunda \u00f6nemli bir di\u011fer noktan\u0131n ise bu diyalogun ba\u015far\u0131l\u0131 olmas\u0131 i\u00e7in gerekli temellere dikkat edilmesi gerekti\u011fini ifade eden el Esad; bu temellerden birinin muhalefet olarak adland\u0131r\u0131lacak taraflar\u0131n yurtsever olmalar\u0131 ve halk taban\u0131na sahip olmalar\u0131 gerekti\u011finin alt\u0131n\u0131 \u00e7izdi.<\/p>\n<p>Kesinle\u015fmesi halinde New York\u2019ta d\u00fczenlenecek toplant\u0131ya Suriye heyetinin kat\u0131l\u0131p kat\u0131lmayaca\u011f\u0131 sorusuna cevab\u0131nda el Esad; bu toplant\u0131n\u0131n hen\u00fcz kesinle\u015fmedi\u011fine dikkat \u00e7ekti.<\/p>\n<p>El Esad Rusya&#8217;n\u0131n bu toplant\u0131n\u0131n daha \u00f6ncekiler gibi Viyana\u2019da d\u00fczenlenmesinden yana olduklar\u0131n\u0131, d\u00fczenlenmeden \u00f6nce daha \u00f6nce yap\u0131lan toplant\u0131larda \u00fcst\u00fcne anla\u015f\u0131lan noktalar\u0131n hayata ge\u00e7irilmesi gerekti\u011fini vurgulad\u0131klar\u0131n\u0131 ifade etti.<\/p>\n<p>El Esad daha \u00f6nceki toplant\u0131larda Suriye&#8217;de mevcut ter\u00f6r \u00f6rg\u00fctlere ili\u015fkin ortak bir listenin haz\u0131rlanmas\u0131, hangi gruplar\u0131n ter\u00f6rist hangilerinin de ter\u00f6rist olmad\u0131klar\u0131n\u0131n belirlenmesi gerekti\u011fi konusunda uzla\u015fman\u0131n sa\u011fland\u0131\u011f\u0131n\u0131 belirtti. Suriye&#8217;nin de t\u00fcm bunlar\u0131 mant\u0131kl\u0131 g\u00f6rd\u00fc\u011f\u00fcn\u00fc ifade eden el Esad; Suriye&#8217;nin devlete ve halka kar\u015f\u0131 silah ta\u015f\u0131yan herkesi ter\u00f6rist olarak adland\u0131rd\u0131\u011f\u0131n\u0131n daalt\u0131n\u0131 \u00e7izdi.<\/p>\n<p>El Esad sonu\u00e7 itibar\u0131yla bir \u00f6nceki toplant\u0131da \u00fcst\u00fcne anla\u015f\u0131lan noktalar\u0131 hayata ge\u00e7irmeden ne Newyork ne de ba\u015fka hi\u00e7bir yerde s\u0131rf toplanmak i\u00e7in toplant\u0131 d\u00fczenlemenin faydas\u0131 ya da mant\u0131\u011f\u0131 olmad\u0131\u011f\u0131n\u0131 s\u00f6yledi.<\/p>\n<p><span style=\"color: #0000ff\">\u00d6nce On Y\u0131llard\u0131r B\u00fcy\u00fck Paralarla Yay\u0131lmaya \u00c7al\u0131\u015f\u0131lan Radikal \u0130deolojiyle M\u00fccadele Edilmeli<\/span><\/p>\n<p>I\u015e\u0130D\u2019\u0130n yok edilmesi i\u00e7in en yap\u0131lmas\u0131 gerekti\u011fine ili\u015fkin soruya cevab\u0131nda el Esad; I\u015e\u0130D\u2019in \u00f6rg\u00fct olmas\u0131 nedeniyle de\u011fil de bu \u00f6rg\u00fct\u00fcn arkas\u0131ndaki gizli nedenler nedeniyle onu yok etmenin olduk\u00e7a karma\u015f\u0131k bir mesele oldu\u011funu belirtti.<\/p>\n<p>El Esad Suudi Arabistan ba\u015fta olmak \u00fczere bir k\u0131s\u0131m taraflar\u0131n radikal ideolojilerin halklar\u0131n aras\u0131nda yay\u0131lmas\u0131 amac\u0131yla on y\u0131llard\u0131r olduk\u00e7a b\u00fcy\u00fck mebla\u011flarda finans sa\u011flad\u0131klar\u0131na dikkat \u00e7ekti. Karanl\u0131k ideolojilerin toplumlar i\u00e7inde yay\u0131lmas\u0131 i\u00e7in muhtelif kurumlar te\u015fkil ettiklerini belirten el Esad; tekfirci ideoloji ile m\u00fccadele etmen I\u015e\u0130D, Nusra Cephesi ya da Kaide \u00d6rg\u00fct\u00fcyle ba\u011flant\u0131lar\u0131 olan di\u011fer \u00f6rg\u00fctleri yok etmenin zor oldu\u011funu ifade etti.<\/p>\n<p>El Esad bu ama\u00e7la Vahhabi ve radikal cemaatlerin dini \u00e7arp\u0131t\u0131p ter\u00f6r, fitne ve tekfircili\u011fi yaymalar\u0131n\u0131 \u00f6nleme, finanslar\u0131n\u0131 engelleme y\u00f6n\u00fcnde uzun s\u00fcreli \u00e7abalar\u0131n olmas\u0131 gerekti\u011fini s\u00f6yledi.<\/p>\n<p>K\u0131sa s\u00fcreli \u00e7abalarda da I\u015e\u0130D\u2019in yok edilmesinde en etkin yolun ter\u00f6rle m\u00fccadele oldu\u011funa vurgu yapan el Esad; Suriye ordusunun da dost g\u00fc\u00e7lerle tam bir ciddiyetle bunu yapt\u0131\u011f\u0131n\u0131 ifade etti. El Esad fakat I\u015e\u0130D\u2019in d\u0131\u015f g\u00fc\u00e7lerin deste\u011fi ile d\u00fcnyan\u0131n her yerinden ter\u00f6rist temin etmede b\u00fcy\u00fck olanaklara sahip oldu\u011funa i\u015faret eden el Esad; dolay\u0131s\u0131yla finans kaynaklar\u0131n\u0131n kurutulmas\u0131 ve radikal ideolojiyle m\u00fccadelenin bu noktada b\u00fcy\u00fck \u00f6nem ta\u015f\u0131d\u0131\u011f\u0131n\u0131 vurgulad\u0131.<\/p>\n<p>S\u00f6zlerine devam eden el Esad dolay\u0131s\u0131yla bu s\u00fcre\u00e7 i\u00e7inde yap\u0131lmas\u0131 gereken \u015feyin temel olarak T\u00fcrkiye \u00fczerinden Suriye ve Irak\u2019a d\u00fcnyan\u0131n muhtelif yerlerinden gelen ter\u00f6ristlerin ak\u0131\u015f\u0131na son vermekle birlikte Suudi Arabistan ve Katar gibi devletlerin de ter\u00f6ristlere finans\u0131n\u0131 durdurmak olmas\u0131 gerekti\u011finin alt\u0131n\u0131 \u00e7izdi.<\/p>\n<p>El Esad ter\u00f6rist ak\u0131n\u0131 ve finans\u0131n yan\u0131 s\u0131ra lojistik ve askeri deste\u011fin kesilmesi ard\u0131ndan ter\u00f6rle m\u00fccadele y\u00f6n\u00fcnde ekonomik ve k\u00fclt\u00fcrel y\u00f6nlerin yer ald\u0131\u011f\u0131na da dikkat \u00e7ekti.<\/p>\n<p><span style=\"color: #0000ff\">I\u015e\u0130D\u2019in Yegane Ya\u015fam Damar\u0131 T\u00fcrkiye&#8217;dir<\/span><\/p>\n<p><img loading=\"lazy\" decoding=\"async\" class=\"alignright wp-image-55009 \" src=\"http:\/\/www.sana.sy\/tr\/wp-content\/uploads\/2015\/12\/Esad-4-205x300.jpg\" alt=\"Esad\" width=\"200\" height=\"293\" srcset=\"https:\/\/archive.sana.sy\/tr\/wp-content\/uploads\/2015\/12\/Esad-4-205x300.jpg 205w, https:\/\/archive.sana.sy\/tr\/wp-content\/uploads\/2015\/12\/Esad-4-102x150.jpg 102w, https:\/\/archive.sana.sy\/tr\/wp-content\/uploads\/2015\/12\/Esad-4-768x1126.jpg 768w, https:\/\/archive.sana.sy\/tr\/wp-content\/uploads\/2015\/12\/Esad-4-699x1024.jpg 699w\" sizes=\"auto, (max-width: 200px) 100vw, 200px\" \/>Kimlerin I\u015e\u0130D\u2019ten petrol sat\u0131n ald\u0131\u011f\u0131 ve I\u015e\u0130D\u2019in arakas\u0131nda duran devletlere ili\u015fkin soruya cevab\u0131nda el Esad; Rusya Savunma Bakanl\u0131\u011f\u0131n\u0131n ge\u00e7en hafta Suriye&#8217;den \u00e7al\u0131nt\u0131 petrol\u00fc T\u00fcrkiye&#8217;ye ta\u015f\u0131yan tankerlere ili\u015fkin g\u00f6r\u00fcnt\u00fcler yay\u0131nlatt\u0131\u011f\u0131na dikkat \u00e7ekti. El Esad fakat T\u00fcrkiye rejiminin bu ger\u00e7ekleri inkar etti\u011fini s\u00f6yledi.<\/p>\n<p>Meseleye ger\u00e7ek\u00e7i yakla\u015fmak gerekti\u011fini ifade eden el Esad, Suriye petrol\u00fcn\u00fcn b\u00fcy\u00fck \u00e7o\u011funlu\u011funun T\u00fcrkiye ve Irak\u2019a yak\u0131n Kuzey B\u00f6lgesinde bulundu\u011funu belirtti. El Esad ter\u00f6ristlerin \u00e7ald\u0131klar\u0131 bu petrol\u00fc Irak\u2019a yada b\u00f6lgeden uzak olan \u00dcrd\u00fcn veya L\u00fcbnan&#8217;a ta\u015f\u0131malar\u0131n\u0131n m\u00fcmk\u00fcn olmad\u0131\u011f\u0131n\u0131 ifade etti. I\u015e\u0130D\u2019in yegane ya\u015fam damar\u0131n\u0131n T\u00fcrkiye oldu\u011funa dikkat \u00e7eken el Esad; ter\u00f6ristlerin \u00e7al\u0131nt\u0131 petrol\u00fc ucuz fiyata T\u00fcrkiye&#8217;ye satt\u0131\u011f\u0131n\u0131, T\u00fcrkiye&#8217;nin de bu ucuz petrol\u00fc d\u00fcnyaya satt\u0131\u011f\u0131n\u0131 belirtti. El Esad kimsenin de yalanlanmas\u0131 imkans\u0131z olan bu ger\u00e7e\u011fi inkar etmesinin de m\u00fcmk\u00fcn olmad\u0131\u011f\u0131n\u0131 s\u00f6yledi.<\/p>\n<p><span style=\"color: #0000ff\">Ayn\u0131 \u0130deolojiye Sahipler<\/span><\/p>\n<p>I\u015e\u0130D\u2019in arakas\u0131ndaki \u00fclkeler konusunda ise el Esad ba\u015fta Suudi Arabistan olmak \u00fczere bir\u00e7ok devletin bulundu\u011funu s\u00f6yledi.<\/p>\n<p>I\u015e\u0130D\u2019in Suudi Arabistan rejimiyle ayn\u0131 Vahhabi ideoloji ve y\u00f6nteme sahip oldu\u011funa dikkat \u00e7eken el Esad; ikisinin de sadece M\u00fcsl\u00fcman olmayanlara de\u011fil hatta M\u00fcsl\u00fcman olup da kendileri gibi d\u00fc\u015f\u00fcnmeyen ve hareket etmeyenlere de kar\u015f\u0131 olduklar\u0131n\u0131 ifade etti.<\/p>\n<p>Suudi rejiminin yan\u0131 s\u0131ra Suudili ve Suudili olmayan kimi \u015fah\u0131slar\u0131n \u015fahsi olarak I\u015e\u0130D\u2019i finanse ettiklerine dikkat \u00e7eken el Esad; as\u0131l meselenin sadece bunlarda de\u011fil, bu paralar\u0131n I\u015e\u0130D\u2019e ula\u015fmas\u0131na destek verenlerde de oldu\u011funa i\u015faret etti. El Esad uluslararas\u0131nca ter\u00f6r \u00f6rg\u00fctleri say\u0131lan I\u015e\u0130D ve Nusra Cephesi gibi \u00f6rg\u00fctlerin nas\u0131l milyarlarca dolar ve b\u00fcy\u00fck finans kaynaklar\u0131na sahip olduklar\u0131 sorusuna dikkat \u00e7ekti.<\/p>\n<p>Bu \u00f6rg\u00fctlerin temel olarak Suudi Arabistan, Katar ve Tr\u00fckiye rejimi taraf\u0131ndan desteklendiklerini belirten el Esad; b\u00f6lge ve t\u00fcm d\u00fcnya halklar\u0131n\u0131 tehdit eden I\u015e\u0130D\u2019in vah\u015fetlerinden bu rejimlerin sorumlu olduklar\u0131n\u0131n alt\u0131n\u0131 \u00e7izdi.<\/p>\n<p><span style=\"color: #0000ff\">Sava\u015f Ne Zaman Sona Erecek?<\/span><\/p>\n<p>Suriye&#8217;de sava\u015f\u0131n ne zaman sona erece\u011fine ili\u015fkin soruya cevab\u0131nda el Esad; mevcut durum i\u00e7inde bir yandan Suriye ordusu ve m\u00fcttefiklerinin durumu di\u011fer yandan da ter\u00f6ristlerin duru ayn\u0131 kalmas\u0131 halinde sava\u015f\u0131n birka\u00e7 ay i\u00e7inde bitmesinin m\u00fcmk\u00fcn olaca\u011f\u0131n\u0131 belirtti. El Esad bunun ne askeri ne de siyasi a\u00e7\u0131dan karma\u015f\u0131k olmad\u0131\u011f\u0131n\u0131 s\u00f6yledi.<\/p>\n<p>Fakat meselenin bununla s\u0131n\u0131rl\u0131 olmad\u0131\u011f\u0131n\u0131 belirten el Esad; ter\u00f6ristlerin T\u00fcrkiye rejimi gibi s\u0131n\u0131rs\u0131z bir destek veren ve ya\u015fam damar\u0131 te\u015fkil eden bir destek ald\u0131klar\u0131na dikkat \u00e7ekti. Ter\u00f6ristlerin g\u00fcn\u00fc birlik olarak b\u00fcy\u00fck miktarda silah, finans ve ter\u00f6rist ve her t\u00fcrl\u00fc deste\u011fi ald\u0131klar\u0131n\u0131 belirten el Esad; bu deste\u011fi ve ya\u015fam damar\u0131n\u0131 kesmeden sava\u015f\u0131n ku\u015fkusuz olarak uzayaca\u011f\u0131n\u0131 ifade etti.<\/p>\n<p>Her \u015feye ra\u011fmen Suriye&#8217;nin ter\u00f6re kar\u015f\u0131 sava\u015f\u0131nda ciddi ilerlemeler kaydetti\u011fini belirten el Esad; mevcut askeri durumun \u00e7ok daha iyi oldu\u011funu s\u00f6yledi.<\/p>\n<p>S\u00f6zlerine devam eden el Esad uluslar aras\u0131 d\u00fczeyde de ter\u00f6re kar\u015f\u0131 bir tutumun mevcut oldu\u011funa i\u015faret ederken, ter\u00f6rle ger\u00e7ekten m\u00fccadele etmek isteyen taraflar\u0131n yapmas\u0131 gereken \u015feyin ter\u00f6r\u00fc destekleyen T\u00fcrkiye rejimi, Suudi Arabistan ve benzeri devletlere bu desteklerini kesmeye zorlamak oldu\u011funun alt\u0131n\u0131 \u00e7izdi.<\/p>\n<p>El Esad bunun olmas\u0131 halinde sava\u015f ve ter\u00f6r\u00fcn bir y\u0131l s\u00fcre i\u00e7inde sona erebilece\u011fini s\u00f6yledi.<\/p>\n<p><span style=\"color: #0000ff\">I\u015e\u0130D\u2019in Yay\u0131lma Sebebi de Budur<\/span><\/p>\n<p>Suriye ordusu ile ABD komutas\u0131ndaki uluslar aras\u0131 koalisyon aras\u0131nda herhangi bir koordinasyonun olup olmad\u0131\u011f\u0131na ili\u015fkin soruya cevab\u0131nda el Esad; kesinlikle olmad\u0131\u011f\u0131n\u0131 belirtti.<\/p>\n<p>Ter\u00f6re kar\u015f\u0131 sava\u015f\u0131n hava operasyonlar\u0131na e\u015f zamanl\u0131 olarak kara operasyonlar\u0131 gerektirdi\u011fini belirten el Esad; ABD komutas\u0131ndaki koalisyonun bir y\u0131ldan fazla bir s\u00fcredir I\u015e\u0130D\u2019i hedef ald\u0131\u011f\u0131n\u0131 iddia etmesine ra\u011fmen I\u015e\u0130D\u2019in zay\u0131flamas\u0131 bir yana kals\u0131n daha \u00e7ok yay\u0131ld\u0131\u011f\u0131na dikkat \u00e7ekti. El Esad bunun nedeninin de hava operasyonlar\u0131 ile karada I\u015e\u0130D\u2019e kar\u015f\u0131 etkin ve ciddi bir sava\u015f veren Suriye ordusu aras\u0131nda koordinasyonun olmamas\u0131 oldu\u011funu vurgulad\u0131.<\/p>\n<p>Rus hava g\u00fc\u00e7lerinin k\u0131sa bir s\u00fcre i\u00e7inde I\u015e\u0130D\u2019i b\u00fcy\u00fck kay\u0131plara u\u011fratmalar\u0131n\u0131n da buna kesin ve net bir kan\u0131t te\u015fkil etti\u011fine dikkat \u00e7eken el Esad; uluslar aras\u0131 koalisyonun direk olmasa da I\u015e\u0130D\u2019in yay\u0131lmas\u0131na yol a\u00e7t\u0131\u011f\u0131n\u0131 s\u00f6yledi.<\/p>\n<p><span style=\"color: #0000ff\">ABD ve M\u00fcttefikleri Ciddi De\u011filler<\/span><\/p>\n<p>ABD ba\u015fkan\u0131 Obama\u2019n\u0131n Suriye&#8217;deki krizde oynad\u0131\u011f\u0131 role ili\u015fkin cevab\u0131nda el Esad; sonu\u00e7 itibar\u0131yla Obama\u2019n\u0131n ABD idaresinin bir par\u00e7as\u0131 olmas\u0131yla ABD idaresinin rol\u00fcnden s\u00f6z etmenin daha do\u011fru olaca\u011f\u0131n\u0131 belirtti.<\/p>\n<p>El Esad ABD\u2019nin krizin ba\u015f\u0131ndan beri ter\u00f6ristlere siyasi \u00f6rt\u00fc temin etti\u011fini ifade etti. ABD\u2019nin ilk ba\u015fta ter\u00f6ristleri bar\u0131\u015f\u00e7\u0131l g\u00f6stericiler olarak nitelendirdi\u011fine dikkat \u00e7eken el Esad; ger\u00e7ek y\u00fczlerinin oraya \u00e7\u0131kmas\u0131yla \u2018\u0131l\u0131ml\u0131 ter\u00f6ristler\u2019 olarak adland\u0131rd\u0131\u011f\u0131n\u0131, sonu\u00e7 itibar\u0131yla hi\u00e7bir zaman ger\u00e7ek\u00e7i olmad\u0131\u011f\u0131n\u0131 belirtti.<\/p>\n<p>El Esad k\u0131saca s\u00f6ylemek gerekirse ABD\u2019nin I\u015e\u0130D veya ter\u00f6rle m\u00fccadelede ciddi olmad\u0131\u011f\u0131n\u0131, dolay\u0131s\u0131yla da onun m\u00fcttefiki olan devletlerin de ayn\u0131 tutuma sahip kalacaklar\u0131n\u0131 ifade etti.<\/p>\n<p>Fransa&#8217;n\u0131n ileriki s\u00fcre\u00e7te Suriye h\u00fck\u00fcmeti ile i\u015fbirli\u011fi i\u00e7inde olup olmayaca\u011f\u0131 sorusuna cevab\u0131nda ise el Esad; Fransa&#8217;n\u0131n Paris sald\u0131r\u0131lar\u0131ndan sonra sadece Frans\u0131z kamuoyunun \u00f6fkesini yat\u0131\u015ft\u0131rmak i\u00e7in ter\u00f6rle m\u00fccadele propagandas\u0131n\u0131 artt\u0131rd\u0131\u011f\u0131n\u0131 belirtti.<\/p>\n<p><span style=\"color: #0000ff\">Mesele Sadece G\u00fc\u00e7te De\u011fil \u0130radededir<\/span><\/p>\n<p>Avrupa Birli\u011finin tutumu ve Avrupa\u2019daki cihat\u00e7\u0131lara kar\u015f\u0131 etkin icraatta bulunma g\u00fcc\u00fcne sahip olup olmad\u0131\u011f\u0131na ili\u015fkin soruya cevab\u0131nda el Esad; ku\u015fkusuz bu g\u00fcce sahip oldu\u011funu ifade etti.<\/p>\n<p>S\u00f6zlerine devam eden el Esad fakat mevzunun g\u00fc\u00e7te de\u011fil, bu y\u00f6nde ciddi ve d\u00fcr\u00fcst bir iradeye sahip olmakta oldu\u011funun alt\u0131n\u0131 \u00e7izdi.<\/p>\n<p>Suriye&#8217;nin \u00f6zellikle ABD\u2019nin Irak\u2019a y\u00f6nelik sava\u015f\u0131ndan itibaren \u00f6nemli bir noktay\u0131 \u00f6ne s\u00fcrd\u00fc\u011f\u00fcne dikkat \u00e7eken el Esad; Avrupa\u2019n\u0131n kendine has ba\u011f\u0131ms\u0131z bir tutumu olmad\u0131\u011f\u0131n\u0131, ABD politikas\u0131 ve tutumlar\u0131na tabi oldu\u011funun alt\u0131n\u0131 \u00e7izdi. El Esad ku\u015fkusuz t\u00fcm Avrupa devletlerini ayn\u0131 kefeye koyman\u0131n do\u011fru olmayaca\u011f\u0131n\u0131 ifade ederken, kimi Avrupa devletleri ile Rusya aras\u0131ndaki ili\u015fkilerin de bunu kan\u0131tlad\u0131\u011f\u0131n\u0131 s\u00f6yledi.<\/p>\n<p>El Esad sonu\u00e7 itibar\u0131yla Avrupa devletlerinin ger\u00e7ekten ter\u00f6r ve radikallikle m\u00fccadele etmeyi istemeleri halinde bu ba\u011flamda etkin olacaklar\u0131n\u0131 s\u00f6yledi. Bunda da \u00e7\u0131kar\u0131 olaca\u011f\u0131na vurgu yapan el Esad; ter\u00f6re kar\u015f\u0131 sava\u015fta sadece Suriye&#8217;nin de\u011fil t\u00fcm d\u00fcnya ve halklar\u0131n\u0131n \u00e7\u0131kar\u0131 oldu\u011funu ifade eti.<\/p>\n<p><span style=\"color: #0000ff\">Mesele Al\u0131\u015fveri\u015f Yada Pazarl\u0131k Meselesi De\u011fildir<\/span><\/p>\n<p>Rusya Ba\u015fkan\u0131 Vladimir Putin\u2019in ter\u00f6re kar\u015f\u0131 sava\u015f\u0131nda Suriye&#8217;ye destek vermek i\u00e7in kendisinden ne talep etti\u011fi sorusuna cevab\u0131nda el Esad; Suriye ve Rusya aras\u0131ndaki ili\u015fkilerin b\u00f6yle bir pazarl\u0131ktan \u00e7ok daha derin ve stratejik oldu\u011funun alt\u0131n\u0131 \u00e7izdi.<\/p>\n<p>Ter\u00f6re kar\u015f\u0131 sava\u015fta Suriye&#8217;nin oldu\u011fu gibi Rusya&#8217;n\u0131n da \u00e7\u0131kar\u0131 oldu\u011funu belirten el Esad; dolay\u0131s\u0131yla Putin\u2019in kendisinden herhangi bir \u015fey istemedi\u011fini s\u00f6yledi. Suriye&#8217;de istikrar\u0131n sa\u011flanmas\u0131n\u0131n Rusya a\u00e7\u0131s\u0131ndan birinci dereceden \u00f6nemli oldu\u011funa dikkat \u00e7eken el Esad; ayn\u0131 zamanda radikallik ve cihat ad\u0131 verilip de cihatla hi\u00e7bir ilgisi olmayan tekfircili\u011fin Rusya a\u00e7\u0131s\u0131ndan te\u015fkil etti\u011fi tehlikeye de vurgu yapt\u0131.<\/p>\n<p><span style=\"color: #0000ff\">G\u00f6revinden \u0130stifa Etmeni Talep Etti Mi?<\/span><\/p>\n<p><img loading=\"lazy\" decoding=\"async\" class=\"alignright wp-image-54999 size-medium\" src=\"http:\/\/www.sana.sy\/tr\/wp-content\/uploads\/2015\/12\/03-1-300x186.jpg\" alt=\"03\" width=\"300\" height=\"186\" srcset=\"https:\/\/archive.sana.sy\/tr\/wp-content\/uploads\/2015\/12\/03-1-300x186.jpg 300w, https:\/\/archive.sana.sy\/tr\/wp-content\/uploads\/2015\/12\/03-1-150x93.jpg 150w, https:\/\/archive.sana.sy\/tr\/wp-content\/uploads\/2015\/12\/03-1-768x475.jpg 768w, https:\/\/archive.sana.sy\/tr\/wp-content\/uploads\/2015\/12\/03-1-1024x633.jpg 1024w\" sizes=\"auto, (max-width: 300px) 100vw, 300px\" \/>Ba\u015fkan Putin\u2019in kriz boyunca herhangi bir s\u00fcre\u00e7te kendisinden g\u00f6revinden \u00e7ekilmesini talep edip etmedi\u011fine ili\u015fkin soruya cevab\u0131nda el Esad; ter\u00f6re kar\u015f\u0131 sava\u015f ile kendisinin g\u00f6revinden \u00e7ekilmesi aras\u0131nda hi\u00e7bir ba\u011flant\u0131 olmad\u0131\u011f\u0131n\u0131n alt\u0131n\u0131 \u00e7izdi.<\/p>\n<p>Suriye&#8217;deki krizin cumhurba\u015fkan\u0131nda \u015fahsile\u015ftirilmesinin ter\u00f6re deste\u011fin \u00f6rt\u00fcs\u00fc oldu\u011funu vurgulayan el Esad; b\u00f6ylelikle kendilerinin \u00e7\u0131karlar\u0131 ve beklentileri do\u011frultusunda kaos ve ter\u00f6r\u00fc yayd\u0131klar\u0131n\u0131 ifade etti.<\/p>\n<p>El Esad meselenin herhangi bir d\u0131\u015f m\u00fcdahale olmaks\u0131z\u0131n tamamen Suriyeliler aras\u0131nda sa\u011flanacak siyasi \u00e7\u00f6z\u00fcmle ilgisi oldu\u011funun alt\u0131n\u0131 \u00e7izerken; Suriye halk\u0131n\u0131n kendisini istememesi halinde bir g\u00fcn bile g\u00f6revinde kalmayaca\u011f\u0131n\u0131n alt\u0131n\u0131 \u00e7izdi.<\/p>\n<p>Sadece bir varsay\u0131m olarak siyasi \u00e7\u00f6z\u00fcm ko\u015fulu olarak Suriye&#8217;yi terk edip dost bir devlete gitmesinin m\u00fcmk\u00fcn olup olmayaca\u011f\u0131na ili\u015fkin soruya cevab\u0131nda el Esad; g\u00f6revinden \u00e7ekilme de\u011fil de Suriye&#8217;yi terk etmenin kastedilmi\u015f olmas\u0131 halinde hi\u00e7bir zaman ve hi\u00e7bir ko\u015ful alt\u0131nda Suriye&#8217;den ayr\u0131lmay\u0131 d\u00fc\u015f\u00fcnmedi\u011finin alt\u0131n\u0131 \u00e7izdi.<\/p>\n<p>El Esad ba\u015fka bir de\u011fi\u015fle Amerikal\u0131lar\u0131n ifade ettikleri gibi B plan\u0131 yada C plan\u0131 olmad\u0131\u011f\u0131n\u0131, sahip oldu\u011fu yegane plan\u0131n Suriye&#8217;yi savunmak ve ter\u00f6re kar\u015f\u0131 sava\u015fmak oldu\u011funu ifade etti.<\/p>\n<p>Fakat g\u00f6revinden \u00e7ekilme konusunda bu meselenin tamamen Suriye halk\u0131na ba\u011fl\u0131 oldu\u011funu ifade eden el Esad; halk deste\u011finin olmamas\u0131 ya da sorunun ger\u00e7ekten \u015fahsi olarak kendisi olmas\u0131 halinde g\u00f6revinden \u00e7ekilmesinin sorun olmayaca\u011f\u0131n\u0131 ifade etti.<\/p>\n<p>El Esad her \u015feye ra\u011fmen sorunun Suriyeliler ya da daha do\u011frusu Suriyelilerin geneli olmad\u0131\u011f\u0131n\u0131, temelde de halk\u0131n b\u00fcy\u00fck deste\u011fi olmadan m\u00fccadele etmenin m\u00fcmk\u00fcn olmad\u0131\u011f\u0131n\u0131n bir kez daha alt\u0131n\u0131 \u00e7izdi.<\/p>\n<p><span style=\"color: #0000ff\">Ruslar Suriye&#8217;de Bir Askeri \u00dcs Daha Kuracaklar M\u0131?<\/span><\/p>\n<p>Rusya&#8217;n\u0131n Suriye&#8217;de bir askeri daha \u00fcs kuraca\u011f\u0131n\u0131n do\u011fru olup olmad\u0131\u011f\u0131 sorusuna cevab\u0131nda el Esad; bunun do\u011fru olmad\u0131\u011f\u0131n\u0131 Ruslar\u0131n da iki g\u00fcn \u00f6nce bu y\u00f6ndeki spek\u00fclasyonlar\u0131 yalanlad\u0131klar\u0131na dikkat \u00e7ekti.<\/p>\n<p>\u0130ran\u2019\u0131n da Suriye&#8217;de askeri \u00fcs kuraca\u011f\u0131na ili\u015fkin haberleri yalanlayan el Esad; \u0130ranl\u0131lar\u0131n b\u00f6yle bir \u015fey d\u00fc\u015f\u00fcnmedikleri gibi iki taraf aras\u0131nda da b\u00f6yle bir mevzunun tart\u0131\u015f\u0131lmad\u0131\u011f\u0131n\u0131 belirtti.<\/p>\n<p><span style=\"color: #0000ff\">Erdo\u011fan \u00c7\u00f6z\u00fcm\u00fcn Bir Par\u00e7as\u0131 Olabilir Mi?<\/span><\/p>\n<p>T\u00fcrkiye&#8217;de rejim ba\u015fkan\u0131 Recep Tayip Erdo\u011fan\u2019\u0131n Suriye&#8217;deki krizin \u00e7\u00f6z\u00fcm\u00fcn\u00fcn bir par\u00e7as\u0131 olma ihtimaline ili\u015fkin soruya cevab\u0131nda el Esad; ilkesel olarak be\u015f y\u0131la yak\u0131n s\u00fcredir ter\u00f6ristlere verdi\u011fi her t\u00fcrl\u00fc deste\u011fi kesmesi halinde bunun m\u00fcmk\u00fcn olaca\u011f\u0131n\u0131 ifade etti.<\/p>\n<p>Erdo\u011fan ve rejiminin Suriye&#8217;deki krizde oynad\u0131klar\u0131 y\u0131k\u0131c\u0131 ve cani role dikkat \u00e7eken el Esad; Suriye&#8217;nin ilkesel olarak ciddi ve olumlu her \u00e7aba ve tutuma a\u00e7\u0131k oldu\u011funu bir kez daha hat\u0131rlatt\u0131.<\/p>\n<p>El Esad fakat Erdo\u011fan\u2019\u0131n tutumunu de\u011fi\u015ftirmesinin beklenmedi\u011fini ifade ederken, \u00e7\u00fcnk\u00fc Erdo\u011fan\u2019\u0131n M\u00fcsl\u00fcman Karde\u015flerin radikal tekfirci ideolojisine sahip oldu\u011funa vurgu yapt\u0131.<\/p>\n<p>Erdo\u011fan\u2019\u0131n T\u00fcrkiye ve halk\u0131n\u0131n \u00e7\u0131karlar\u0131na hizmet edecek pragmatik bir \u015fahsiyete sahip olmad\u0131\u011f\u0131n\u0131 belirten el Esad; onun hedefinin radikal ideolojisine hizmet oldu\u011funu, T\u00fcrkiye ve halk\u0131n\u0131n \u00e7\u0131karlar\u0131na ters d\u00fc\u015fse de bu ideolojisinden caymas\u0131n\u0131n beklenmedi\u011fini ifade etti.<\/p>\n<p><span style=\"color: #0000ff\">Be\u015f Y\u0131ld\u0131r Ayn\u0131 S\u00f6ylemleri Duyuyoruz<\/span><\/p>\n<p>Ukrayna konusunda ABD ile Rusya aras\u0131nda Suriye aleyhine bir pazarl\u0131\u011f\u0131n olmas\u0131 ihtimaline ili\u015fkin soruya cevab\u0131nda el Esad; b\u00f6yle bir endi\u015fesi olmad\u0131\u011f\u0131n\u0131, \u00e7\u00fcnk\u00fc Bat\u0131l\u0131 yetkililer ve medyalar\u0131n\u0131n be\u015f y\u0131la yak\u0131n bir zamand\u0131r ayn\u0131 s\u00f6ylem ve spek\u00fclasyonlar\u0131 kulland\u0131klar\u0131n\u0131 ifade etti.<\/p>\n<p>Rusya ile Suriye aras\u0131nda anla\u015fmazl\u0131k yaratma ama\u00e7l\u0131 bu gibi s\u00f6ylemlerin de\u011feri olmad\u0131\u011f\u0131n\u0131 belirten el Esad; Rusya&#8217;n\u0131n pragmatik ve ilkeli bir g\u00fc\u00e7 oldu\u011funa dikkat \u00e7ekti. El Esad Suriye&#8217;de ter\u00f6re kar\u015f\u0131 sava\u015fta Rusya&#8217;n\u0131n da bir \u00e7\u0131kar\u0131 oldu\u011funu da bir kez daha hat\u0131rlatt\u0131.<\/p>\n<p>Bir di\u011fer noktan\u0131n da Rusya&#8217;n\u0131n, Suriyeliler aras\u0131nda uzla\u015fmas\u0131 olmayacak hi\u00e7bir pazarl\u0131\u011f\u0131n hayata ge\u00e7irilmeyece\u011fini bildiklerine dikkat \u00e7eken el Esad; sonu\u00e7 itibar\u0131yla Suriyelilerin karar\u0131 olmayacak herhangi bir karar\u0131 hi\u00e7bir g\u00fcc\u00fcn hayata ge\u00e7irmesinin m\u00fcmk\u00fcn olmayaca\u011f\u0131n\u0131n alt\u0131n\u0131 \u00e7izdi.<\/p>\n<p><span style=\"color: #0000ff\">Erdo\u011fan Suriye&#8217;ye Hayallerinin Son Kalesi G\u00f6z\u00fcyle Bak\u0131yor<\/span><\/p>\n<p><img loading=\"lazy\" decoding=\"async\" class=\"alignright wp-image-55010 size-medium\" src=\"http:\/\/www.sana.sy\/tr\/wp-content\/uploads\/2015\/12\/Esad-2-1-300x239.jpg\" alt=\"Esad 2\" width=\"300\" height=\"239\" srcset=\"https:\/\/archive.sana.sy\/tr\/wp-content\/uploads\/2015\/12\/Esad-2-1-300x239.jpg 300w, https:\/\/archive.sana.sy\/tr\/wp-content\/uploads\/2015\/12\/Esad-2-1-150x120.jpg 150w, https:\/\/archive.sana.sy\/tr\/wp-content\/uploads\/2015\/12\/Esad-2-1-768x613.jpg 768w, https:\/\/archive.sana.sy\/tr\/wp-content\/uploads\/2015\/12\/Esad-2-1-1024x817.jpg 1024w\" sizes=\"auto, (max-width: 300px) 100vw, 300px\" \/>T\u00fcrkiye rejiminin Rus sava\u015f u\u00e7a\u011f\u0131n\u0131 Suriye hava sahas\u0131nda d\u00fc\u015f\u00fcrmesine ili\u015fkin g\u00f6r\u00fc\u015fleri konusunda soruya cevab\u0131nda el Esad; Rus hava g\u00fc\u00e7lerinin Suriye&#8217;de operasyonlara ba\u015flamas\u0131n\u0131n ba\u015ftan beri Erdo\u011fan\u2019\u0131 ciddi bir \u015fekilde rahats\u0131z etti\u011fine dikkat \u00e7ekti.<\/p>\n<p>El Esad Rus hava g\u00fc\u00e7lerinin deste\u011finde Suriye ordusunun ter\u00f6re kar\u015f\u0131 sava\u015fta ciddi ba\u015far\u0131lar kaydetti\u011fine dikkat \u00e7ekerken, bunun Erdo\u011fan\u2019\u0131n plan ve ideallerini \u00e7\u00f6kertti\u011fini ifade etti. Erdo\u011fan\u2019\u0131n Suriye&#8217;ye ili\u015fkin planlar\u0131n ba\u015far\u0131s\u0131z olmas\u0131 halinde T\u00fcrkiye&#8217;nin M\u00fcsl\u00fcman Karde\u015flerin merkezi olmas\u0131na y\u00f6n\u00fcndeki siyasi gelece\u011fi ve ideallerinin sonu olaca\u011f\u0131na i\u015faret eden el Esad; Erdo\u011fan\u2019\u0131n Suriye&#8217;ye hayallerinin son kalesi g\u00f6z\u00fcyle bakt\u0131\u011f\u0131n\u0131 ifade etti.<\/p>\n<p>Dolay\u0131s\u0131yla M\u0131s\u0131r ve daha ba\u015fka yerlerde oldu\u011fu gibi Suriye&#8217;de de ba\u015far\u0131s\u0131z olmas\u0131 halinde Erdo\u011fan\u2019\u0131n siyasi gelece\u011finin sona erece\u011fini belirten el Esad; bundan dolay\u0131 da mant\u0131ks\u0131z ve \u00f6fkesini ifade eden bir davran\u0131\u015fta bulundu\u011funu s\u00f6yledi.<\/p>\n<p>S\u00f6zlerine devam eden el Esad; Erdo\u011fan rejiminin Rus u\u00e7a\u011f\u0131 d\u00fc\u015f\u00fcrmesinin bir di\u011fer nedeninin ise NATO\u2019nun yard\u0131m\u0131na ko\u015faca\u011f\u0131n\u0131 ve NATO\u2019yu Rusya&#8217;ya kar\u015f\u0131 sava\u015fa sokaca\u011f\u0131n\u0131 d\u00fc\u015f\u00fcnd\u00fc\u011f\u00fcn\u00fc belirtti. El Esad b\u00f6ylelikle Suriye&#8217;deki durumlar\u0131 daha da karma\u015f\u0131k hale getirece\u011fini ve M\u00fcsl\u00fcman Karde\u015fler hayallerini ger\u00e7ekle\u015ftirmek i\u00e7in yeniden b\u00fcy\u00fck f\u0131rsat elde edece\u011fini d\u00fc\u015f\u00fcnd\u00fc\u011f\u00fcn\u00fc ifade etti.<\/p>\n<p>Erdo\u011fan\u2019\u0131n ayn\u0131 zamanda bu davran\u0131\u015f\u0131yla Suriye&#8217;de ter\u00f6ristleri rahatl\u0131kla g\u00f6nderece\u011fi ve devlete kar\u015f\u0131 sava\u015ft\u0131raca\u011f\u0131 bir u\u00e7u\u015fa yasak b\u00f6lge kurabilece\u011fini de d\u00fc\u015f\u00fcnd\u00fc\u011f\u00fcn\u00fc ifade eden el Esad; tekfirci ter\u00f6ristlere kar\u015f\u0131 operasyonda bulunan Rus u\u00e7a\u011f\u0131 d\u00fc\u015f\u00fcrmesi arkas\u0131ndaki nedenlerin bunlar olabilece\u011fini d\u00fc\u015f\u00fcnd\u00fc\u011f\u00fcn\u00fc s\u00f6yledi.<\/p>\n<p><span style=\"color: #0000ff\">Mant\u0131k Bunun Neresinde?<\/span><\/p>\n<p>ABD ve m\u00fcttefiklerinin Suriye&#8217;de sava\u015f\u0131n s\u00fcrmesi ve insanlar\u0131n \u00f6lmesinden kendisini sorumlu tutmalar\u0131na ili\u015fkin soruya cevab\u0131nda el Esad; Suriye&#8217;de ya\u015fanan sava\u015f ve durumlar gibi bir durumda halk deste\u011finin ne derecede \u00f6nemli oldu\u011funa dikkat \u00e7ekti.<\/p>\n<p>Halk\u0131n deste\u011fi olmadan Suriye&#8217;nin evrensel g\u00fc\u00e7ler ve d\u00fcnyan\u0131n her yerinden ak\u0131n eden ter\u00f6ristlere kar\u015f\u0131s\u0131nda t\u00fcm bu s\u00fcre m\u00fccadele etmesinin kesinlikle hi\u00e7bir \u015fekilde m\u00fcmk\u00fcn olmayaca\u011f\u0131n\u0131 belirten el Esad; halk\u0131na sald\u0131ran ve onu \u00f6ld\u00fcren bir h\u00fck\u00fcmetin bu deste\u011fi almas\u0131n\u0131n mant\u0131kl\u0131 olmad\u0131\u011f\u0131na dikkat \u00e7ekti.<\/p>\n<p>El Esad bunun yan\u0131 s\u0131ra ter\u00f6ristlerden ka\u00e7anlar\u0131n devletin kontrol\u00fcndeki b\u00f6lgelere s\u0131\u011f\u0131nd\u0131klar\u0131na da dikkat \u00e7ekerken, bunun da iddialar\u0131 \u00e7\u00fcr\u00fctt\u00fc\u011f\u00fcn\u00fc ifade etti.<\/p>\n<p>S\u00f6zlerine devam eden el Esad; Suriye halk\u0131n\u0131n bu as\u0131ls\u0131z iddialar\u0131n ama\u00e7 ve gayesini idrak etti\u011fini, Suriye&#8217;deki sava\u015f\u0131n nedeninin kendi \u015fahs\u0131 olmad\u0131\u011f\u0131 gibi devletin de halk\u0131 \u00f6ld\u00fcrmedi\u011fini bildi\u011fini belirtti. Fakat sava\u015f\u0131n bir bedeli oldu\u011funa dikkat \u00e7eken el Esad; her sava\u015fta masum insanlar\u0131n kurban gitmesinin ka\u00e7\u0131n\u0131lmaz oldu\u011funu i\u015faret etti. El Esad fakat Suriye devletinin sivillere sald\u0131rd\u0131\u011f\u0131 ve onlar\u0131 katletti\u011fini s\u00f6ylemenin ne mant\u0131kla ne de ger\u00e7ekle ilgi olmad\u0131\u011f\u0131n\u0131 vurgulad\u0131. Devletin sivilleri \u00f6ld\u00fcrmesinde ne \u00e7\u0131kar\u0131 olaca\u011f\u0131 sorusuna dikkat \u00e7eken el Esad; silahl\u0131lar\u0131n ailelerinin b\u00fcy\u00fck \u00e7o\u011funlu\u011funun bile devletin kontrol\u00fcndeki b\u00f6lgelerde devletin himayesi alt\u0131nda ya\u015fad\u0131klar\u0131na vurgu yapt\u0131.<\/p>\n<p>El Esad Suriye devletinin halk\u0131n\u0131 savunmak i\u00e7in ter\u00f6rle m\u00fccadele etmesinin ka\u00e7\u0131n\u0131lmazl\u0131\u011f\u0131na da vurgu yapt\u0131.<\/p>\n<p><span style=\"color: #0000ff\">Bir Dizi Nedeni Var<\/span><\/p>\n<p>M\u00fcltecilere ili\u015fkin soruya cevab\u0131nda el Esad; bunlar\u0131n genelinin Suriye&#8217;de mevcut yak\u0131nlar\u0131yla temasta olduklar\u0131n\u0131 ifade etti.<\/p>\n<p>El Esad bunlar\u0131n Suriye&#8217;yi terk etmelerinin arkas\u0131nda bir dizi neden bulundu\u011funa dikkat \u00e7ekerken, bir k\u0131sm\u0131n\u0131n ter\u00f6ristlerden ve eylemlerinden ka\u00e7t\u0131klar\u0131n\u0131 s\u00f6yledi. Bir k\u0131sm\u0131n\u0131n ter\u00f6ristlerin hizmet kurumlar\u0131 ve \u015febekelerini sabote etmeleri nedeniyle zorla\u015fan ya\u015fam ko\u015fullar\u0131ndan ka\u00e7t\u0131klar\u0131n\u0131 belirten el Esad; bir k\u0131sm\u0131n\u0131n da kat\u0131 Suriye halk\u0131n\u0131 savundu\u011funu ve \u00e7\u00f6z\u00fcm aray\u0131\u015f\u0131nda oldu\u011funu iddia eden kimi devletlerin uygulad\u0131klar\u0131 kat\u0131 ekonomik yapt\u0131r\u0131mlar nedeniyle ka\u00e7t\u0131klar\u0131n\u0131 vurgulad\u0131.<\/p>\n<p>Durumlar\u0131n iyile\u015fmesiyle bunlar\u0131n b\u00fcy\u00fck \u00e7o\u011funlu\u011funun vatanlar\u0131na d\u00f6neceklerini belirten el Esad; bu insanlar\u0131n evlerini yurtlar\u0131n\u0131 terk etmelerinin sorumlulu\u011funun ter\u00f6r\u00fc destekleyen, ekonomik yapt\u0131r\u0131mlar uygulayan devletlere ait oldu\u011funu s\u00f6yledi.<\/p>\n<p><span style=\"color: #0000ff\">Silahlar\u0131 B\u0131rakan Ter\u00f6ristleri Affedecek Misiniz?<\/span><\/p>\n<p>Silahlar\u0131n\u0131 b\u0131rakan ter\u00f6ristlerin affedilip affedilmeyeceklerine ili\u015fkin soruya cevab\u0131nda el Esad; Suriye&#8217;de buna benzer bir dizi durumun oldu\u011funu belirtti.<\/p>\n<p>Ulusal uzla\u015fma \u00e7abalar\u0131n\u0131n da bu ama\u00e7l\u0131 oldu\u011funa dikkat \u00e7eken el Esad; bir\u00e7ok b\u00f6lgede silahlar\u0131n\u0131 terk edenlerin ulusal uzla\u015fma \u00e7abalar\u0131 ve af kanunu kapsam\u0131nda normal ya\u015fam\u0131na d\u00f6nd\u00fc\u011f\u00fcn\u00fc, bir k\u0131s\u0131m silahl\u0131lar\u0131n da orduya destek olarak ter\u00f6rle m\u00fccadele operasyonlar\u0131na kat\u0131ld\u0131klar\u0131n\u0131 belirtti.<\/p>\n<p><span style=\"color: #0000ff\">Yapmayaca\u011f\u0131m \u015eey Kimi Yetkililere G\u00fcvenmek Olurdu<\/span><\/p>\n<p><img loading=\"lazy\" decoding=\"async\" class=\"alignright wp-image-55011 size-medium\" src=\"http:\/\/www.sana.sy\/tr\/wp-content\/uploads\/2015\/12\/Esad-3-1-300x257.jpg\" alt=\"Esad 3\" width=\"300\" height=\"257\" srcset=\"https:\/\/archive.sana.sy\/tr\/wp-content\/uploads\/2015\/12\/Esad-3-1-300x257.jpg 300w, https:\/\/archive.sana.sy\/tr\/wp-content\/uploads\/2015\/12\/Esad-3-1-150x128.jpg 150w, https:\/\/archive.sana.sy\/tr\/wp-content\/uploads\/2015\/12\/Esad-3-1-768x657.jpg 768w, https:\/\/archive.sana.sy\/tr\/wp-content\/uploads\/2015\/12\/Esad-3-1-1024x876.jpg 1024w\" sizes=\"auto, (max-width: 300px) 100vw, 300px\" \/>2011 Mart ay\u0131na d\u00f6nme f\u0131rsat\u0131 olsayd\u0131 ayn\u0131 yoldan gidip gitmeyece\u011fine ili\u015fkin soruya cevab\u0131nda el Esad; t\u00fcm bu s\u00fcre i\u00e7inde ilkesel olarak do\u011fru yolda ilerledi\u011fini d\u00fc\u015f\u00fcnd\u00fc\u011f\u00fcn\u00fc belirtti.<\/p>\n<p>S\u00f6zlerine devam eden el Esad kimi konularda bir k\u0131s\u0131m taktiksel hatalar\u0131n oldu\u011funu ve bunun da gayet normal say\u0131ld\u0131\u011f\u0131n\u0131 ifade ederken, fakat temel strateji olarak do\u011fru \u00e7izgide oldu\u011funu d\u00fc\u015f\u00fcnd\u00fc\u011f\u00fcn\u00fc s\u00f6yledi.<\/p>\n<p>Suriye&#8217;nin ilk ba\u015ftan beri iki eksene odakland\u0131\u011f\u0131n\u0131 belirten el Esad ilkinin siyasi diyalog ve Suriye&#8217;nin gelece\u011fini ortakla\u015fa yap\u0131land\u0131rmak oldu\u011funu, ikincisinin ise ter\u00f6rle m\u00fccadele oldu\u011funu ifade etti. El Esad mevcut s\u00fcre\u00e7te de ayn\u0131 eksenlerde yol ald\u0131\u011f\u0131n\u0131 belirtti.<\/p>\n<p>Yapmayaca\u011f\u0131 tek \u015feyin T\u00fcrkiye&#8217;deki rejim gibi kimi b\u00f6lgesel, Arap ve Bat\u0131l\u0131 yetkililere g\u00fcvenmek oldu\u011funu belirten el Esad; bir k\u0131sm\u0131n\u0131n beklide belli bir s\u00fcre\u00e7te Suriye&#8217;ye ger\u00e7ekten yard\u0131m etmek istediklerine de inand\u0131\u011f\u0131n\u0131, fakat daha sonra bunun de\u011fi\u015fti\u011fini ifade etti.<\/p>\n<p><span style=\"color: #0000ff\">Benim \u0130\u00e7in \u00d6nemli Olan Vatanlar\u0131na Destek Olmay\u0131 \u00d6\u011frenmeleridir<\/span><\/p>\n<p>\u00c7ocuklar\u0131n kendisinin \u00e7izgisini izlemesini temenni edip etmedi\u011fine ili\u015fkin soruya cevab\u0131nda el Esad; politikan\u0131n okullarda ya da kitaplarda \u00f6\u011frenilmeyece\u011fini ifade etti.<\/p>\n<p>Ya\u015fam\u0131n ekonomik ve sosyal yanlar\u0131yla b\u00fct\u00fcnsel olarak politika oldu\u011funa dikkat \u00e7eken el Esad; \u00f6nemli olan\u0131n \u00e7ocuklar\u0131n vatanlar\u0131na nas\u0131l destek olabileceklerini \u00f6\u011frenmek oldu\u011funu belirtti. El Esad bunu \u00f6\u011frenmeleri ard\u0131ndan da ileri de hangi konumda ya da meslekte olacaklar\u0131n\u0131n \u00f6nemsiz oldu\u011funu s\u00f6yledi.<\/p>\n<p>https:\/\/www.youtube.com\/watch?v=O8z81BRb3VU<\/p>\n<p>R.H. &#8211; M.M.<\/p>\n","protected":false},"excerpt":{"rendered":"<p>\u015eAM \u2013 Cumhurba\u015fkan\u0131 Be\u015f\u015far el Esad \u0130spanyan\u0131n resmi haber ajans\u0131 EFE ile m\u00fclakat\u0131nda Suriye&#8217;deki durumlar ve krizin \u00e7\u00f6z\u00fcm\u00fc y\u00f6n\u00fcndeki son geli\u015fmelere \u0131\u015f\u0131k tuttu. Muhalefetin Tan\u0131m\u0131na Ba\u011fl\u0131d\u0131r Suriye h\u00fck\u00fcmetinin Viyana&#8217;da \u00fcst\u00fcne anla\u015f\u0131ld\u0131\u011f\u0131 gibi \u00f6n\u00fcm\u00fczdeki Ocak ay\u0131n\u0131n ba\u015flar\u0131nda \u0131l\u0131ml\u0131 muhalefetle diyaloga oturmaya haz\u0131r olup olmad\u0131\u011f\u0131 y\u00f6n\u00fcnde soruya cevab\u0131nda el Esad; devletin krizin ba\u015flad\u0131\u011f\u0131 ilk anlardan beri Suriye&#8217;de &hellip;<\/p>\n","protected":false},"author":1,"featured_media":54995,"comment_status":"closed","ping_status":"closed","sticky":false,"template":"","format":"standard","meta":{"footnotes":""},"categories":[479,611,605,478],"tags":[18063],"class_list":["post-54992","post","type-post","status-publish","format-standard","has-post-thumbnail","","category-haberler-yerel","category-roportaj","category-sayin-cumhurbaskani","category-yerel","tag-el-esad-ispanya-resmi-ajansiyla-roportajinda-son-gelismelere-isik-tuttu"],"_links":{"self":[{"href":"https:\/\/archive.sana.sy\/tr\/index.php?rest_route=\/wp\/v2\/posts\/54992","targetHints":{"allow":["GET"]}}],"collection":[{"href":"https:\/\/archive.sana.sy\/tr\/index.php?rest_route=\/wp\/v2\/posts"}],"about":[{"href":"https:\/\/archive.sana.sy\/tr\/index.php?rest_route=\/wp\/v2\/types\/post"}],"author":[{"embeddable":true,"href":"https:\/\/archive.sana.sy\/tr\/index.php?rest_route=\/wp\/v2\/users\/1"}],"replies":[{"embeddable":true,"href":"https:\/\/archive.sana.sy\/tr\/index.php?rest_route=%2Fwp%2Fv2%2Fcomments&post=54992"}],"version-history":[{"count":0,"href":"https:\/\/archive.sana.sy\/tr\/index.php?rest_route=\/wp\/v2\/posts\/54992\/revisions"}],"wp:featuredmedia":[{"embeddable":true,"href":"https:\/\/archive.sana.sy\/tr\/index.php?rest_route=\/wp\/v2\/media\/54995"}],"wp:attachment":[{"href":"https:\/\/archive.sana.sy\/tr\/index.php?rest_route=%2Fwp%2Fv2%2Fmedia&parent=54992"}],"wp:term":[{"taxonomy":"category","embeddable":true,"href":"https:\/\/archive.sana.sy\/tr\/index.php?rest_route=%2Fwp%2Fv2%2Fcategories&post=54992"},{"taxonomy":"post_tag","embeddable":true,"href":"https:\/\/archive.sana.sy\/tr\/index.php?rest_route=%2Fwp%2Fv2%2Ftags&post=54992"}],"curies":[{"name":"wp","href":"https:\/\/api.w.org\/{rel}","templated":true}]}}