{"id":5500,"date":"2014-07-19T14:05:54","date_gmt":"2014-07-19T11:05:54","guid":{"rendered":"http:\/\/www.sana.sy\/tr\/?p=5500"},"modified":"2014-07-19T14:06:23","modified_gmt":"2014-07-19T11:06:23","slug":"suriyeli-gurbetciler-tatillerini-anavatanlarinda-geciriyor-ve-yatirima-tesvik-ediyor","status":"publish","type":"post","link":"https:\/\/archive.sana.sy\/tr\/?p=5500","title":{"rendered":"Suriyeli Gurbet\u00e7iler Tatillerini Anavatanlar\u0131nda Ge\u00e7iriyor ve Yat\u0131r\u0131ma Te\u015fvik Ediyor"},"content":{"rendered":"<p>\u015eAM &#8211; Suriyeli baz\u0131 gurbet\u00e7iler y\u0131ll\u0131k tatil izinlerini bu y\u0131l vatan topra\u011f\u0131 \u00fczerinde ge\u00e7irme karar\u0131 ald\u0131.<\/p>\n<p>\u00d6zlem onlar\u0131 ailelerine ve mekanlar\u0131na ta\u015f\u0131d\u0131. Vefalar\u0131 ve vatanseverlikleriyle d\u00fcnyaya Suriyelileri anavatanlar\u0131n\u0131n havas\u0131 ve suyundan ba\u015fka hi\u00e7 bir yer tatmin edemeyece\u011fini belirtmek i\u00e7in geldiklerini ifade ettiler.<\/p>\n<p>Gurbet\u00e7iler ana vatanlar\u0131na ziyaret\u00e7i olarak geldiler ancak i\u00e7leri tatmin olmu\u015f bir halde ayd\u0131nl\u0131k i\u00e7erisinde gelece\u011fini \u00e7izmede yard\u0131mc\u0131 olmak i\u00e7in geldiler.<\/p>\n<p>Fedya R\u00fcstem adl\u0131 gurbet\u00e7i \u0130sve\u00e7\u2019te ikamet eden ve kad\u0131nlar i\u00e7in el sanatlar\u0131 sanayisinde \u00e7al\u0131\u015fan ve Suriyeli kad\u0131nlar\u0131n el sanatlar\u0131n\u0131 \u0130skandinavya \u00fclkelerinde pazarlayan Servari adl\u0131 bir \u015firkette \u00e7al\u0131\u015ft\u0131\u011f\u0131n\u0131 s\u00f6yledi.<\/p>\n<p>R\u00fcstem SANA\u2019ya a\u00e7\u0131klamas\u0131nda, Suriye\u2019ye kar\u015f\u0131 kin besleyenlerin Suriye\u2019nin portresini bozmaya \u00e7al\u0131\u015ft\u0131klar\u0131n\u0131 lakin gelmesinden sonra onlara \u201cuygarl\u0131klar\u0131n topra\u011f\u0131 Suriye\u2019nin d\u00fcnyan\u0131n feneri olarak kalacak, kabul eden etsin etmeyen etmesin Suriye Allah\u2019\u0131n yer y\u00fcz\u00fcndeki cenneti olarak kalmaya devam edecektir\u201d dedi.<\/p>\n<p>R\u00fcstem ayr\u0131ca Suriyeli gurbet\u00e7ilerden b\u00fct\u00fcn \u00f6nemlerini yeniden yap\u0131lanma s\u00fcrecine giren Suriye\u2019ye \u00e7evirmelerine \u00e7a\u011fr\u0131 yaparak gelece\u011finin b\u00fct\u00fcn alanlarda yeniden imar\u0131 i\u00e7in yard\u0131mc\u0131 olmaya davet etti.<\/p>\n<p>Ziyaret program\u0131 hakk\u0131nda ise R\u00fcstem, Homs, Sahil kentler ve \u015eam\u2019\u0131 ziyaret etti\u011fini Suriyeli ve yabanc\u0131 dostlar\u0131na Suriye\u2019nin evrensel sava\u015fa ra\u011fmen uygarl\u0131\u011f\u0131, g\u00fczelli\u011fi, ahalisinin sevgisi ve topraklar\u0131 \u00fczerinde ekilen bereketlerle halen dimdik ayakta durdu\u011funu yans\u0131taca\u011f\u0131n\u0131 dile getirdi.<\/p>\n<p>R\u00fcstem Suriyeli gurbet\u00e7ilerin yaz tatillerini ge\u00e7irme mekan\u0131 olarak ana vatanlar\u0131n\u0131 se\u00e7meleri gerekti\u011fini vurgulad\u0131.<\/p>\n<p>Gezisinin sonunda Birle\u015fik Arap Emirliklerindeki Suriyeli gurbet\u00e7i \u015eadi Kudmani, vatan\u0131 ve ailesi aras\u0131nda iki y\u0131l aradan sonra yaz tatilini ge\u00e7irmekten sevin\u00e7 i\u00e7erisinde oldu\u011funu belirterek b\u00fct\u00fcn Suriyeli gurbet\u00e7ileri g\u00fczel \u00fclkelerine geri d\u00f6nmeye yeniden imar ve in\u015fas\u0131nda yard\u0131mc\u0131 olmaya \u00e7a\u011fr\u0131 yapt\u0131.<\/p>\n<p>K\u00fcveyt\u2019te ya\u015fayan Suriyeli bayan gurbet\u00e7i Hale \u015eerruf ise, anavatana ziyareti esnas\u0131nda anavatana y\u00f6nelik evrensel sava\u015f\u0131n ac\u0131lara ra\u011fmen Suriyeli halk\u0131n iyi niyet ve sevgisinden hi\u00e7 bir \u015feyi kaybettiremedi\u011fini g\u00f6rd\u00fc\u011f\u00fcn\u00fc ve sezdi\u011fini \u00e7\u00fcnk\u00fc Suriye\u2019nin halen g\u00fczellik ve bereket yurdu oldu\u011funu vurgulad\u0131.<\/p>\n","protected":false},"excerpt":{"rendered":"<p>\u015eAM &#8211; Suriyeli baz\u0131 gurbet\u00e7iler y\u0131ll\u0131k tatil izinlerini bu y\u0131l vatan topra\u011f\u0131 \u00fczerinde ge\u00e7irme karar\u0131 ald\u0131. \u00d6zlem onlar\u0131 ailelerine ve mekanlar\u0131na ta\u015f\u0131d\u0131. Vefalar\u0131 ve vatanseverlikleriyle d\u00fcnyaya Suriyelileri anavatanlar\u0131n\u0131n havas\u0131 ve suyundan ba\u015fka hi\u00e7 bir yer tatmin edemeyece\u011fini belirtmek i\u00e7in geldiklerini ifade ettiler. Gurbet\u00e7iler ana vatanlar\u0131na ziyaret\u00e7i olarak geldiler ancak i\u00e7leri tatmin olmu\u015f bir halde ayd\u0131nl\u0131k &hellip;<\/p>\n","protected":false},"author":1,"featured_media":5502,"comment_status":"closed","ping_status":"closed","sticky":false,"template":"","format":"standard","meta":{"footnotes":""},"categories":[478],"tags":[1198],"class_list":["post-5500","post","type-post","status-publish","format-standard","has-post-thumbnail","","category-yerel","tag-suriyeli-gurbetciler-tatillerini-anavatanlarinda-geciriyor-ve-yatirima-tesvik-ediyor"],"_links":{"self":[{"href":"https:\/\/archive.sana.sy\/tr\/index.php?rest_route=\/wp\/v2\/posts\/5500","targetHints":{"allow":["GET"]}}],"collection":[{"href":"https:\/\/archive.sana.sy\/tr\/index.php?rest_route=\/wp\/v2\/posts"}],"about":[{"href":"https:\/\/archive.sana.sy\/tr\/index.php?rest_route=\/wp\/v2\/types\/post"}],"author":[{"embeddable":true,"href":"https:\/\/archive.sana.sy\/tr\/index.php?rest_route=\/wp\/v2\/users\/1"}],"replies":[{"embeddable":true,"href":"https:\/\/archive.sana.sy\/tr\/index.php?rest_route=%2Fwp%2Fv2%2Fcomments&post=5500"}],"version-history":[{"count":0,"href":"https:\/\/archive.sana.sy\/tr\/index.php?rest_route=\/wp\/v2\/posts\/5500\/revisions"}],"wp:featuredmedia":[{"embeddable":true,"href":"https:\/\/archive.sana.sy\/tr\/index.php?rest_route=\/wp\/v2\/media\/5502"}],"wp:attachment":[{"href":"https:\/\/archive.sana.sy\/tr\/index.php?rest_route=%2Fwp%2Fv2%2Fmedia&parent=5500"}],"wp:term":[{"taxonomy":"category","embeddable":true,"href":"https:\/\/archive.sana.sy\/tr\/index.php?rest_route=%2Fwp%2Fv2%2Fcategories&post=5500"},{"taxonomy":"post_tag","embeddable":true,"href":"https:\/\/archive.sana.sy\/tr\/index.php?rest_route=%2Fwp%2Fv2%2Ftags&post=5500"}],"curies":[{"name":"wp","href":"https:\/\/api.w.org\/{rel}","templated":true}]}}