{"id":55013,"date":"2015-12-11T16:20:41","date_gmt":"2015-12-11T14:20:41","guid":{"rendered":"http:\/\/www.sana.sy\/tr\/?p=55013"},"modified":"2015-12-11T16:20:41","modified_gmt":"2015-12-11T14:20:41","slug":"caferi-insani-krizin-cozumu-icin-krizin-sebeplerinin-ortadan-kaldirilmasi-gerekiyor","status":"publish","type":"post","link":"https:\/\/archive.sana.sy\/tr\/?p=55013","title":{"rendered":"Caferi: \u0130nsani Krizin \u00c7\u00f6z\u00fcm\u00fc \u0130\u00e7in Krizin Sebeplerinin Ortadan Kald\u0131r\u0131lmas\u0131 Gerekiyor"},"content":{"rendered":"<p>NEW YORK \u2013 Suriye&#8217;nin BM\u2019de Daimi Temsilcisi Be\u015f\u015far el Caferi; insani yard\u0131m faaliyetleri ve sivillere yard\u0131m \u00e7al\u0131\u015fmalar\u0131n\u0131n olabilecek en y\u00fcce g\u00f6revlerden biri oldu\u011funu dile getirerek bu faaliyetlerin kayna\u011f\u0131n\u0131 insani ve ahlaki de\u011ferlerden almas\u0131 gerekti\u011finin alt\u0131n\u0131 \u00e7izdi.<\/p>\n<p>BM Genel Kurulunun \u0130nsani Yard\u0131m Sunma Faaliyetleri ile ilgili \u00e7al\u0131\u015fma program\u0131n\u0131n 73. Bendini tart\u0131\u015fmak \u00fczere d\u00fczenledi\u011fi toplant\u0131da bir konu\u015fma yapan Caferi; insani krizlerin \u00e7\u00f6z\u00fcm y\u00f6nteminin her \u015feyden \u00f6nce s\u00f6z konusu krizin sebeplerini ortadan kald\u0131rmaya odakl\u0131 olmas\u0131 ve siyasile\u015ftirilmemesi gerekti\u011fini ifade etti.<\/p>\n<p>Suriye&#8217;de insani krizin ortaya \u00e7\u0131kmas\u0131n\u0131n ve \u00e7\u00f6z\u00fclmesi zor bir d\u00fc\u011f\u00fcm haline gelmesinin ba\u015f sebebinin silahl\u0131 ter\u00f6r gruplar\u0131n\u0131n uygulad\u0131\u011f\u0131 ter\u00f6r oldu\u011funu ifade eden Caferi; toplant\u0131da onaya sunulan karar tasar\u0131s\u0131nda insani krizin temel sebebi olan ter\u00f6re ili\u015fkin herhangi bir ibare bulunmamas\u0131n\u0131n \u00fcz\u00fcnt\u00fc verici oldu\u011funu ibraz etti.<\/p>\n<p>S\u00f6z konusu karar tasar\u0131s\u0131n\u0131 benimseyen ve ter\u00f6rle m\u00fccadele etti\u011fini iddia eden baz\u0131 devletlerin ayn\u0131 zamanda kararda insani krizin sebebi olan ter\u00f6rle ilgili net bir ibarenin ge\u00e7mesini engelleyen devletler oldu\u011funa dikkat \u00e7eken Caferi; Suriye&#8217;nin uzun zamand\u0131r ter\u00f6r\u00fcn yay\u0131lmas\u0131n\u0131n tehlikesi ve a\u011f\u0131r sonu\u00e7lar\u0131na kar\u015f\u0131 uyar\u0131da bulundu\u011funu hat\u0131rlatt\u0131.<\/p>\n<p>Suriye&#8217;ye kar\u015f\u0131 uygulanan kat\u0131 ekonomik yapt\u0131r\u0131mlar\u0131n ya\u015fanmakta olan insani krizin ikinci sebebini te\u015fkil etti\u011fine de\u011finen Caferi; bu yapt\u0131r\u0131mlar\u0131n uluslararas\u0131 ili\u015fkiler tarihinde bir ilk oldu\u011funu ve insani krizin kat kat b\u00fcy\u00fcmesine sebep oldu\u011funu vurgulad\u0131.<\/p>\n<p>Suriye h\u00fck\u00fcmetinin Uluslararas\u0131 \u0130nsani Zirve d\u00fczenlenmesiyle ilgili tutumunun kayna\u011f\u0131nda insani yard\u0131m faaliyetlerine verdi\u011fi \u00f6nem bulundu\u011funa vurgu yapan Caferi; \u0130nsani Zirve \u00e7al\u0131\u015fmalar\u0131n\u0131n insani krizin ortaya \u00e7\u0131kma sebeplerinin ortadan kald\u0131r\u0131lmas\u0131na odaklanmas\u0131 gere\u011finin alt\u0131n\u0131 \u00e7izdi.<\/p>\n<p>F.B. &#8211; M.M.<\/p>\n","protected":false},"excerpt":{"rendered":"<p>NEW YORK \u2013 Suriye&#8217;nin BM\u2019de Daimi Temsilcisi Be\u015f\u015far el Caferi; insani yard\u0131m faaliyetleri ve sivillere yard\u0131m \u00e7al\u0131\u015fmalar\u0131n\u0131n olabilecek en y\u00fcce g\u00f6revlerden biri oldu\u011funu dile getirerek bu faaliyetlerin kayna\u011f\u0131n\u0131 insani ve ahlaki de\u011ferlerden almas\u0131 gerekti\u011finin alt\u0131n\u0131 \u00e7izdi. BM Genel Kurulunun \u0130nsani Yard\u0131m Sunma Faaliyetleri ile ilgili \u00e7al\u0131\u015fma program\u0131n\u0131n 73. Bendini tart\u0131\u015fmak \u00fczere d\u00fczenledi\u011fi toplant\u0131da bir konu\u015fma &hellip;<\/p>\n","protected":false},"author":1,"featured_media":55014,"comment_status":"closed","ping_status":"closed","sticky":false,"template":"","format":"standard","meta":{"footnotes":""},"categories":[17988,2554,2555],"tags":[18064],"class_list":["post-55013","post","type-post","status-publish","format-standard","has-post-thumbnail","","category-son-haberler","category-suriye-ve-dunya","category-suriye-ve-turkiye","tag-caferi-insani-krizin-cozumu-icin-krizin-sebeplerinin-ortadan-kaldirilmasi-gerekiyor"],"_links":{"self":[{"href":"https:\/\/archive.sana.sy\/tr\/index.php?rest_route=\/wp\/v2\/posts\/55013","targetHints":{"allow":["GET"]}}],"collection":[{"href":"https:\/\/archive.sana.sy\/tr\/index.php?rest_route=\/wp\/v2\/posts"}],"about":[{"href":"https:\/\/archive.sana.sy\/tr\/index.php?rest_route=\/wp\/v2\/types\/post"}],"author":[{"embeddable":true,"href":"https:\/\/archive.sana.sy\/tr\/index.php?rest_route=\/wp\/v2\/users\/1"}],"replies":[{"embeddable":true,"href":"https:\/\/archive.sana.sy\/tr\/index.php?rest_route=%2Fwp%2Fv2%2Fcomments&post=55013"}],"version-history":[{"count":0,"href":"https:\/\/archive.sana.sy\/tr\/index.php?rest_route=\/wp\/v2\/posts\/55013\/revisions"}],"wp:featuredmedia":[{"embeddable":true,"href":"https:\/\/archive.sana.sy\/tr\/index.php?rest_route=\/wp\/v2\/media\/55014"}],"wp:attachment":[{"href":"https:\/\/archive.sana.sy\/tr\/index.php?rest_route=%2Fwp%2Fv2%2Fmedia&parent=55013"}],"wp:term":[{"taxonomy":"category","embeddable":true,"href":"https:\/\/archive.sana.sy\/tr\/index.php?rest_route=%2Fwp%2Fv2%2Fcategories&post=55013"},{"taxonomy":"post_tag","embeddable":true,"href":"https:\/\/archive.sana.sy\/tr\/index.php?rest_route=%2Fwp%2Fv2%2Ftags&post=55013"}],"curies":[{"name":"wp","href":"https:\/\/api.w.org\/{rel}","templated":true}]}}