{"id":55016,"date":"2015-12-11T20:18:19","date_gmt":"2015-12-11T18:18:19","guid":{"rendered":"http:\/\/www.sana.sy\/tr\/?p=55016"},"modified":"2015-12-12T15:23:45","modified_gmt":"2015-12-12T13:23:45","slug":"suc-edatlariyla-birlikte-agir-kayiplari-devam-ediyor-4","status":"publish","type":"post","link":"https:\/\/archive.sana.sy\/tr\/?p=55016","title":{"rendered":"Su\u00e7 Edatlar\u0131yla Birlikte A\u011f\u0131r Kay\u0131plar\u0131 Devam Ediyor"},"content":{"rendered":"<p>\u0130LLER \u2013 D\u0131\u015f g\u00fc\u00e7ler ve istihbarat birimlerinin patronajl\u0131\u011f\u0131nda Suriye&#8217;de ter\u00f6r estiren kiral\u0131k ve tekfirci \u00e7etelere kar\u015f\u0131 ba\u015far\u0131l\u0131 operasyonlar\u0131n\u0131 s\u00fcrd\u00fcren ordu birliklerimiz bug\u00fcn bu \u00e7eteleri bir\u00e7ok b\u00f6lgede a\u011f\u0131r kay\u0131plara u\u011fratmaya devam etti.<\/p>\n<p><span style=\"color: #0000ff\">LAZK\u0130YE:<\/span><\/p>\n<p>SANA\u2019ya a\u00e7\u0131klama yapan askeri bir kaynak; ordu birliklerimizin katil Erdo\u011fan ve Vahhabi \u00c2l Suud rejiminden destek alan Nusra Cephesi ve di\u011fer ter\u00f6r gruplar\u0131n Lazkiye k\u0131rsal\u0131n\u0131n kuzeyi Utayra Da\u011f\u0131, Frans\u0131z Kulesini \u00e7evreleyen tepeleri, el K\u0131z\u011fadar ve Azr da\u011flar\u0131na s\u0131zma giri\u015fimlerini \u00e7\u00f6kerttiklerini ifade etti.<\/p>\n<p>Kaynak; operasyonlarda onlarca ter\u00f6ristin \u00f6ld\u00fcr\u00fcl\u00fcp silah ve m\u00fchimmatlar\u0131n\u0131n da imha edildi\u011fine dikkat \u00e7ekti.<\/p>\n<p><span style=\"color: #0000ff\">DERA:<\/span><\/p>\n<p>Dera ve k\u0131rsal\u0131nda ise \u0130srail\u2019e ba\u011fl\u0131 Nusra Cephesi ve di\u011fer radikal ter\u00f6r \u00f6rg\u00fctlere y\u00f6nelik operasyonlar\u0131n\u0131 s\u00fcrd\u00fcren ordu birliklerimiz; Dera Beled\u2019in muhtelif b\u00f6lgelerinde ter\u00f6ristlerin mevki ve karargahlar\u0131n\u0131 yo\u011fun ate\u015fe tuttu. Operasyonlarda \u00e7ok say\u0131da ter\u00f6rist \u00f6l\u00fc ve yaral\u0131 d\u00fc\u015f\u00fcr\u00fcl\u00fcrken a\u011f\u0131r makineli silahlarla donat\u0131lm\u0131\u015f ara\u00e7lara ek olarak silah ve m\u00fchimmatlar tahrip edildi.<\/p>\n<p>Dera k\u0131rsal\u0131n\u0131n do\u011fusu Sura ve Hrak beldeleri aras\u0131na d\u00fc\u015fen b\u00f6lgede de ordu birliklerimiz ter\u00f6ristlere ait bir karargah\u0131 muhtevalar\u0131yla birlikte imha etti.<\/p>\n<p><span style=\"color: #0000ff\">HAMA:<\/span><\/p>\n<p>\u00d6te yandan saha kaynaklar\u0131; ordu birliklerimizin Hama Kentinin 35 km kuzeyine d\u00fc\u015fen Latamina Beldesinde \u2018Cund el Aksa\u2019ya ait toplanma yerini imha etmeleriyle s\u00f6zde \u2018Cund el Aksa\u2019n\u0131n Komandolar Taburu\u2019nda ter\u00f6r eleba\u015f\u0131 \u2018Ebu Bekir\u2019 kod ad\u0131yla bilenen Firas Diyab\u2019\u0131n aralar\u0131nda bulundu\u011fu bir\u00e7ok ter\u00f6risti \u00f6ld\u00fcrd\u00fc\u011f\u00fcn\u00fc belirtti.<\/p>\n<p><span style=\"color: #0000ff\">\u0130DL\u0130B:<\/span><\/p>\n<p>\u0130dlib k\u0131rsal\u0131nda ise ordu birliklerimizin Muarret el Numan Kentinde ter\u00f6ristlerin yuva ve karargahlar\u0131na kar\u015f\u0131 nitelikli operasyonlar ger\u00e7ekle\u015ftirdiklerini aktaran askeri kaynak; aralar\u0131nda Abd\u00fclkadir Halit el Kerezi adl\u0131 az\u0131l\u0131 eleba\u015f\u0131n bulundu\u011fu 8 ter\u00f6risti \u00f6ld\u00fcr\u00fcp 11 ter\u00f6risti de yaral\u0131 d\u00fc\u015f\u00fcrd\u00fcklerini beyan etti. Kaynak; operasyonlar\u0131nda da 150\u2019den fazla havan roketi ta\u015f\u0131yan ve a\u011f\u0131r makineli silahlarla donat\u0131lm\u0131\u015f 3 arac\u0131n da tamam\u0131yla imha edildi\u011fini s\u00f6zlerine ekledi.<\/p>\n<p>Bu arada ter\u00f6r \u00e7eteleri medya ara\u00e7lar\u0131nda \u0130dlib k\u0131rsal\u0131n\u0131n do\u011fusu Serakib Kentinin g\u00fcneyinde \u2018\u015eam Kolordusu\u2019na tabi bir arac\u0131n bomba d\u00fczene\u011fi ile havaya u\u00e7urulmas\u0131yla 2 ter\u00f6ristin \u00f6ld\u00fc\u011f\u00fcn\u00fc 3 ter\u00f6ristin de yaraland\u0131\u011f\u0131n\u0131 itiraf etti.<\/p>\n<p><span style=\"color: #0000ff\">HALEP:<\/span><\/p>\n<p>Di\u011fer yandan askeri kaynak; ordu birliklerimizin Halep k\u0131rsal\u0131n\u0131n do\u011fusu Resm el Abbud ve Nasrullah k\u00f6ylerinde askeri noktalara s\u0131zmaya \u00e7al\u0131\u015fan I\u015e\u0130D\u2019li ter\u00f6ristlerle \u015fiddetli \u00e7at\u0131\u015fmalara girdiklerini beyan etti. Kaynak; \u00e7at\u0131\u015fmalarda sald\u0131rgan ter\u00f6ristlerin bir k\u0131sm\u0131 \u00f6ld\u00fcr\u00fcl\u00fcrken geriye kalanlar\u0131n silahlar\u0131n\u0131 arkalar\u0131nda b\u0131rakarak Deyr Hafir Beldesine ka\u00e7t\u0131klar\u0131n\u0131 aktard\u0131.<\/p>\n<p>Halep k\u0131rsal\u0131 Deyr Hafir Beldesinde de ordu birliklerimizin ter\u00f6ristlerin yuva ve k\u00fcmelenme yerlerini hedef ald\u0131klar\u0131n\u0131 belirten kaynak; burada da \u00e7ok say\u0131da ter\u00f6risti su\u00e7 edatlar\u0131yla birlikte imha ettiklerini s\u00f6zlerine ekledi.<\/p>\n<p><span style=\"color: #0000ff\">\u015eAM KIRSALI:<\/span><\/p>\n<p>Di\u011fer yandan saha kaynaklar\u0131 SANA muhabirine a\u00e7\u0131klamalar\u0131nda; ordu birliklerimizin \u015eam k\u0131rsal\u0131 Do\u011fu \u011euta\u2019n\u0131n Merc el Sultan ve Bilaliye k\u00f6yleri aras\u0131nda ter\u00f6ristlerin ara\u00e7 ve mevkilerini muhtevalar\u0131yla imha ettiklerini s\u00f6yledi.<\/p>\n<p>M.M.<\/p>\n","protected":false},"excerpt":{"rendered":"<p>\u0130LLER \u2013 D\u0131\u015f g\u00fc\u00e7ler ve istihbarat birimlerinin patronajl\u0131\u011f\u0131nda Suriye&#8217;de ter\u00f6r estiren kiral\u0131k ve tekfirci \u00e7etelere kar\u015f\u0131 ba\u015far\u0131l\u0131 operasyonlar\u0131n\u0131 s\u00fcrd\u00fcren ordu birliklerimiz bug\u00fcn bu \u00e7eteleri bir\u00e7ok b\u00f6lgede a\u011f\u0131r kay\u0131plara u\u011fratmaya devam etti. LAZK\u0130YE: SANA\u2019ya a\u00e7\u0131klama yapan askeri bir kaynak; ordu birliklerimizin katil Erdo\u011fan ve Vahhabi \u00c2l Suud rejiminden destek alan Nusra Cephesi ve di\u011fer ter\u00f6r gruplar\u0131n &hellip;<\/p>\n","protected":false},"author":1,"featured_media":55017,"comment_status":"closed","ping_status":"closed","sticky":false,"template":"","format":"standard","meta":{"footnotes":""},"categories":[575],"tags":[],"class_list":["post-55016","post","type-post","status-publish","format-standard","has-post-thumbnail","","category-olaylar-ve-gercekler"],"_links":{"self":[{"href":"https:\/\/archive.sana.sy\/tr\/index.php?rest_route=\/wp\/v2\/posts\/55016","targetHints":{"allow":["GET"]}}],"collection":[{"href":"https:\/\/archive.sana.sy\/tr\/index.php?rest_route=\/wp\/v2\/posts"}],"about":[{"href":"https:\/\/archive.sana.sy\/tr\/index.php?rest_route=\/wp\/v2\/types\/post"}],"author":[{"embeddable":true,"href":"https:\/\/archive.sana.sy\/tr\/index.php?rest_route=\/wp\/v2\/users\/1"}],"replies":[{"embeddable":true,"href":"https:\/\/archive.sana.sy\/tr\/index.php?rest_route=%2Fwp%2Fv2%2Fcomments&post=55016"}],"version-history":[{"count":0,"href":"https:\/\/archive.sana.sy\/tr\/index.php?rest_route=\/wp\/v2\/posts\/55016\/revisions"}],"wp:featuredmedia":[{"embeddable":true,"href":"https:\/\/archive.sana.sy\/tr\/index.php?rest_route=\/wp\/v2\/media\/55017"}],"wp:attachment":[{"href":"https:\/\/archive.sana.sy\/tr\/index.php?rest_route=%2Fwp%2Fv2%2Fmedia&parent=55016"}],"wp:term":[{"taxonomy":"category","embeddable":true,"href":"https:\/\/archive.sana.sy\/tr\/index.php?rest_route=%2Fwp%2Fv2%2Fcategories&post=55016"},{"taxonomy":"post_tag","embeddable":true,"href":"https:\/\/archive.sana.sy\/tr\/index.php?rest_route=%2Fwp%2Fv2%2Ftags&post=55016"}],"curies":[{"name":"wp","href":"https:\/\/api.w.org\/{rel}","templated":true}]}}