{"id":55019,"date":"2015-12-11T20:20:56","date_gmt":"2015-12-11T18:20:56","guid":{"rendered":"http:\/\/www.sana.sy\/tr\/?p=55019"},"modified":"2015-12-11T20:20:56","modified_gmt":"2015-12-11T18:20:56","slug":"cumhurbaskani-el-esad-ispanyanin-resmi-haber-ajansi-efeye-roportaj-veriyor","status":"publish","type":"post","link":"https:\/\/archive.sana.sy\/tr\/?p=55019","title":{"rendered":"Cumhurba\u015fkan\u0131 el Esad \u0130spanya\u2019n\u0131n resmi haber ajans\u0131 EFE\u2019ye r\u00f6portaj veriyor"},"content":{"rendered":"<p>Cumhurba\u015fkan\u0131 el Esad \u0130spanya\u2019n\u0131n resmi haber ajans\u0131 EFE\u2019ye r\u00f6portaj veriyo<\/p>\n<div id='gallery-1' class='gallery galleryid-55019 gallery-columns-3 gallery-size-thumbnail'><figure class='gallery-item'>\n\t\t\t<div class='gallery-icon landscape'>\n\t\t\t\t<a href='https:\/\/archive.sana.sy\/tr\/wp-content\/uploads\/2015\/12\/Esad-3-1.jpg'><img loading=\"lazy\" decoding=\"async\" width=\"150\" height=\"128\" src=\"https:\/\/archive.sana.sy\/tr\/wp-content\/uploads\/2015\/12\/Esad-3-1-150x128.jpg\" class=\"attachment-thumbnail size-thumbnail\" alt=\"\" srcset=\"https:\/\/archive.sana.sy\/tr\/wp-content\/uploads\/2015\/12\/Esad-3-1-150x128.jpg 150w, https:\/\/archive.sana.sy\/tr\/wp-content\/uploads\/2015\/12\/Esad-3-1-300x257.jpg 300w, https:\/\/archive.sana.sy\/tr\/wp-content\/uploads\/2015\/12\/Esad-3-1-768x657.jpg 768w, https:\/\/archive.sana.sy\/tr\/wp-content\/uploads\/2015\/12\/Esad-3-1-1024x876.jpg 1024w\" sizes=\"auto, (max-width: 150px) 100vw, 150px\" \/><\/a>\n\t\t\t<\/div><\/figure><figure class='gallery-item'>\n\t\t\t<div class='gallery-icon landscape'>\n\t\t\t\t<a href='https:\/\/archive.sana.sy\/tr\/wp-content\/uploads\/2015\/12\/el-Esad-1-1.jpg'><img loading=\"lazy\" decoding=\"async\" width=\"150\" height=\"75\" src=\"https:\/\/archive.sana.sy\/tr\/wp-content\/uploads\/2015\/12\/el-Esad-1-1-150x75.jpg\" class=\"attachment-thumbnail size-thumbnail\" alt=\"\" srcset=\"https:\/\/archive.sana.sy\/tr\/wp-content\/uploads\/2015\/12\/el-Esad-1-1-150x75.jpg 150w, https:\/\/archive.sana.sy\/tr\/wp-content\/uploads\/2015\/12\/el-Esad-1-1-300x150.jpg 300w, https:\/\/archive.sana.sy\/tr\/wp-content\/uploads\/2015\/12\/el-Esad-1-1.jpg 660w\" sizes=\"auto, (max-width: 150px) 100vw, 150px\" \/><\/a>\n\t\t\t<\/div><\/figure><figure class='gallery-item'>\n\t\t\t<div class='gallery-icon landscape'>\n\t\t\t\t<a href='https:\/\/archive.sana.sy\/tr\/wp-content\/uploads\/2015\/12\/Esad-2-1.jpg'><img loading=\"lazy\" decoding=\"async\" width=\"150\" height=\"120\" src=\"https:\/\/archive.sana.sy\/tr\/wp-content\/uploads\/2015\/12\/Esad-2-1-150x120.jpg\" class=\"attachment-thumbnail size-thumbnail\" alt=\"\" srcset=\"https:\/\/archive.sana.sy\/tr\/wp-content\/uploads\/2015\/12\/Esad-2-1-150x120.jpg 150w, https:\/\/archive.sana.sy\/tr\/wp-content\/uploads\/2015\/12\/Esad-2-1-300x239.jpg 300w, https:\/\/archive.sana.sy\/tr\/wp-content\/uploads\/2015\/12\/Esad-2-1-768x613.jpg 768w, https:\/\/archive.sana.sy\/tr\/wp-content\/uploads\/2015\/12\/Esad-2-1-1024x817.jpg 1024w\" sizes=\"auto, (max-width: 150px) 100vw, 150px\" \/><\/a>\n\t\t\t<\/div><\/figure><figure class='gallery-item'>\n\t\t\t<div class='gallery-icon landscape'>\n\t\t\t\t<a href='https:\/\/archive.sana.sy\/tr\/wp-content\/uploads\/2015\/12\/02-1.jpg'><img loading=\"lazy\" decoding=\"async\" width=\"150\" height=\"90\" src=\"https:\/\/archive.sana.sy\/tr\/wp-content\/uploads\/2015\/12\/02-1-150x90.jpg\" class=\"attachment-thumbnail size-thumbnail\" alt=\"\" srcset=\"https:\/\/archive.sana.sy\/tr\/wp-content\/uploads\/2015\/12\/02-1-150x90.jpg 150w, https:\/\/archive.sana.sy\/tr\/wp-content\/uploads\/2015\/12\/02-1-300x179.jpg 300w, https:\/\/archive.sana.sy\/tr\/wp-content\/uploads\/2015\/12\/02-1-768x459.jpg 768w, https:\/\/archive.sana.sy\/tr\/wp-content\/uploads\/2015\/12\/02-1-1024x612.jpg 1024w\" sizes=\"auto, (max-width: 150px) 100vw, 150px\" \/><\/a>\n\t\t\t<\/div><\/figure><figure class='gallery-item'>\n\t\t\t<div class='gallery-icon portrait'>\n\t\t\t\t<a href='https:\/\/archive.sana.sy\/tr\/wp-content\/uploads\/2015\/12\/Esad-4.jpg'><img loading=\"lazy\" decoding=\"async\" width=\"102\" height=\"150\" src=\"https:\/\/archive.sana.sy\/tr\/wp-content\/uploads\/2015\/12\/Esad-4-102x150.jpg\" class=\"attachment-thumbnail size-thumbnail\" alt=\"\" srcset=\"https:\/\/archive.sana.sy\/tr\/wp-content\/uploads\/2015\/12\/Esad-4-102x150.jpg 102w, https:\/\/archive.sana.sy\/tr\/wp-content\/uploads\/2015\/12\/Esad-4-205x300.jpg 205w, https:\/\/archive.sana.sy\/tr\/wp-content\/uploads\/2015\/12\/Esad-4-768x1126.jpg 768w, https:\/\/archive.sana.sy\/tr\/wp-content\/uploads\/2015\/12\/Esad-4-699x1024.jpg 699w\" sizes=\"auto, (max-width: 102px) 100vw, 102px\" \/><\/a>\n\t\t\t<\/div><\/figure><figure class='gallery-item'>\n\t\t\t<div class='gallery-icon landscape'>\n\t\t\t\t<a href='https:\/\/archive.sana.sy\/tr\/wp-content\/uploads\/2015\/12\/03-1.jpg'><img loading=\"lazy\" decoding=\"async\" width=\"150\" height=\"93\" src=\"https:\/\/archive.sana.sy\/tr\/wp-content\/uploads\/2015\/12\/03-1-150x93.jpg\" class=\"attachment-thumbnail size-thumbnail\" alt=\"\" srcset=\"https:\/\/archive.sana.sy\/tr\/wp-content\/uploads\/2015\/12\/03-1-150x93.jpg 150w, https:\/\/archive.sana.sy\/tr\/wp-content\/uploads\/2015\/12\/03-1-300x186.jpg 300w, https:\/\/archive.sana.sy\/tr\/wp-content\/uploads\/2015\/12\/03-1-768x475.jpg 768w, https:\/\/archive.sana.sy\/tr\/wp-content\/uploads\/2015\/12\/03-1-1024x633.jpg 1024w\" sizes=\"auto, (max-width: 150px) 100vw, 150px\" \/><\/a>\n\t\t\t<\/div><\/figure>\n\t\t<\/div>\n\n<p>&nbsp;<\/p>\n","protected":false},"excerpt":{"rendered":"<p>Cumhurba\u015fkan\u0131 el Esad \u0130spanya\u2019n\u0131n resmi haber ajans\u0131 EFE\u2019ye r\u00f6portaj veriyo &nbsp;<\/p>\n","protected":false},"author":1,"featured_media":54995,"comment_status":"closed","ping_status":"closed","sticky":false,"template":"","format":"standard","meta":{"footnotes":""},"categories":[6459],"tags":[18065],"class_list":["post-55019","post","type-post","status-publish","format-standard","has-post-thumbnail","","category-sana-fotolarl","tag-cumhurbaskani-el-esad-ispanyanin-resmi-haber-ajansi-efeye-roportaj-veriyor"],"_links":{"self":[{"href":"https:\/\/archive.sana.sy\/tr\/index.php?rest_route=\/wp\/v2\/posts\/55019","targetHints":{"allow":["GET"]}}],"collection":[{"href":"https:\/\/archive.sana.sy\/tr\/index.php?rest_route=\/wp\/v2\/posts"}],"about":[{"href":"https:\/\/archive.sana.sy\/tr\/index.php?rest_route=\/wp\/v2\/types\/post"}],"author":[{"embeddable":true,"href":"https:\/\/archive.sana.sy\/tr\/index.php?rest_route=\/wp\/v2\/users\/1"}],"replies":[{"embeddable":true,"href":"https:\/\/archive.sana.sy\/tr\/index.php?rest_route=%2Fwp%2Fv2%2Fcomments&post=55019"}],"version-history":[{"count":0,"href":"https:\/\/archive.sana.sy\/tr\/index.php?rest_route=\/wp\/v2\/posts\/55019\/revisions"}],"wp:featuredmedia":[{"embeddable":true,"href":"https:\/\/archive.sana.sy\/tr\/index.php?rest_route=\/wp\/v2\/media\/54995"}],"wp:attachment":[{"href":"https:\/\/archive.sana.sy\/tr\/index.php?rest_route=%2Fwp%2Fv2%2Fmedia&parent=55019"}],"wp:term":[{"taxonomy":"category","embeddable":true,"href":"https:\/\/archive.sana.sy\/tr\/index.php?rest_route=%2Fwp%2Fv2%2Fcategories&post=55019"},{"taxonomy":"post_tag","embeddable":true,"href":"https:\/\/archive.sana.sy\/tr\/index.php?rest_route=%2Fwp%2Fv2%2Ftags&post=55019"}],"curies":[{"name":"wp","href":"https:\/\/api.w.org\/{rel}","templated":true}]}}