{"id":55022,"date":"2015-12-12T12:14:12","date_gmt":"2015-12-12T10:14:12","guid":{"rendered":"http:\/\/www.sana.sy\/tr\/?p=55022"},"modified":"2015-12-12T12:14:12","modified_gmt":"2015-12-12T10:14:12","slug":"sananin-homs-muhabiri-eli-kanli-teror-cetelerinin-homs-kentinin-zehra-semtinde-ahli-hastanesi-ile-nahda-cemiyeti-arasinda-bombali-bir-araci-havaya-ucurduklarini-aktarirken-hain-saldirida-ilk","status":"publish","type":"post","link":"https:\/\/archive.sana.sy\/tr\/?p=55022","title":{"rendered":"SANA\u2019n\u0131n Homs muhabiri eli kanl\u0131 ter\u00f6r \u00e7etelerinin Homs Kentinin Zehra Semtinde Ahli Hastanesi ile Nahda Cemiyeti aras\u0131nda bombal\u0131 bir arac\u0131 havaya u\u00e7urduklar\u0131n\u0131 aktar\u0131rken, hain sald\u0131r\u0131da ilk verilere g\u00f6re bir\u00e7ok sivil vatanda\u015f\u0131n \u015fehit ve yaral\u0131 d\u00fc\u015ft\u00fcklerini belirtti."},"content":{"rendered":"<p>SANA\u2019n\u0131n Homs muhabiri eli kanl\u0131 ter\u00f6r \u00e7etelerinin Homs Kentinin Zehra Semtinde Ahli Hastanesi ile Nahda Cemiyeti aras\u0131nda bombal\u0131 bir arac\u0131 havaya u\u00e7urduklar\u0131n\u0131 aktar\u0131rken, hain sald\u0131r\u0131da ilk verilere g\u00f6re bir\u00e7ok sivil vatanda\u015f\u0131n \u015fehit ve yaral\u0131 d\u00fc\u015ft\u00fcklerini belirtti.<\/p>\n","protected":false},"excerpt":{"rendered":"<p>SANA\u2019n\u0131n Homs muhabiri eli kanl\u0131 ter\u00f6r \u00e7etelerinin Homs Kentinin Zehra Semtinde Ahli Hastanesi ile Nahda Cemiyeti aras\u0131nda bombal\u0131 bir arac\u0131 havaya u\u00e7urduklar\u0131n\u0131 aktar\u0131rken, hain sald\u0131r\u0131da ilk verilere g\u00f6re bir\u00e7ok sivil vatanda\u015f\u0131n \u015fehit ve yaral\u0131 d\u00fc\u015ft\u00fcklerini belirtti.<\/p>\n","protected":false},"author":1,"featured_media":0,"comment_status":"closed","ping_status":"closed","sticky":false,"template":"","format":"standard","meta":{"footnotes":""},"categories":[17991],"tags":[],"class_list":["post-55022","post","type-post","status-publish","format-standard","","category-son-dakika"],"_links":{"self":[{"href":"https:\/\/archive.sana.sy\/tr\/index.php?rest_route=\/wp\/v2\/posts\/55022","targetHints":{"allow":["GET"]}}],"collection":[{"href":"https:\/\/archive.sana.sy\/tr\/index.php?rest_route=\/wp\/v2\/posts"}],"about":[{"href":"https:\/\/archive.sana.sy\/tr\/index.php?rest_route=\/wp\/v2\/types\/post"}],"author":[{"embeddable":true,"href":"https:\/\/archive.sana.sy\/tr\/index.php?rest_route=\/wp\/v2\/users\/1"}],"replies":[{"embeddable":true,"href":"https:\/\/archive.sana.sy\/tr\/index.php?rest_route=%2Fwp%2Fv2%2Fcomments&post=55022"}],"version-history":[{"count":0,"href":"https:\/\/archive.sana.sy\/tr\/index.php?rest_route=\/wp\/v2\/posts\/55022\/revisions"}],"wp:attachment":[{"href":"https:\/\/archive.sana.sy\/tr\/index.php?rest_route=%2Fwp%2Fv2%2Fmedia&parent=55022"}],"wp:term":[{"taxonomy":"category","embeddable":true,"href":"https:\/\/archive.sana.sy\/tr\/index.php?rest_route=%2Fwp%2Fv2%2Fcategories&post=55022"},{"taxonomy":"post_tag","embeddable":true,"href":"https:\/\/archive.sana.sy\/tr\/index.php?rest_route=%2Fwp%2Fv2%2Ftags&post=55022"}],"curies":[{"name":"wp","href":"https:\/\/api.w.org\/{rel}","templated":true}]}}