{"id":55040,"date":"2015-12-12T12:32:52","date_gmt":"2015-12-12T10:32:52","guid":{"rendered":"http:\/\/www.sana.sy\/tr\/?p=55040"},"modified":"2015-12-12T12:32:52","modified_gmt":"2015-12-12T10:32:52","slug":"homs-emniyet-mudurlugunde-bir-kaynak-sanaya-aciklamasinda-hain-ve-korkak-bombali-eylemde-ilk-verilere-gore-savunmasiz-sivil-vatandaslardan-8-kisinin-sehit-25-kisinin-de-yarali-dustugunu-beli","status":"publish","type":"post","link":"https:\/\/archive.sana.sy\/tr\/?p=55040","title":{"rendered":"Homs Emniyet M\u00fcd\u00fcrl\u00fc\u011f\u00fcnde bir kaynak SANA\u2019ya a\u00e7\u0131klamas\u0131nda hain ve korkak bombal\u0131 eylemde ilk verilere g\u00f6re savunmas\u0131z sivil vatanda\u015flardan 8 ki\u015finin \u015fehit, 25 ki\u015finin de yaral\u0131 d\u00fc\u015ft\u00fc\u011f\u00fcn\u00fc belirtti."},"content":{"rendered":"<p>Homs Emniyet M\u00fcd\u00fcrl\u00fc\u011f\u00fcnde bir kaynak SANA\u2019ya a\u00e7\u0131klamas\u0131nda hain ve korkak bombal\u0131 eylemde ilk verilere g\u00f6re savunmas\u0131z sivil vatanda\u015flardan 8 ki\u015finin \u015fehit, 25 ki\u015finin de yaral\u0131 d\u00fc\u015ft\u00fc\u011f\u00fcn\u00fc belirtti.<\/p>\n","protected":false},"excerpt":{"rendered":"<p>Homs Emniyet M\u00fcd\u00fcrl\u00fc\u011f\u00fcnde bir kaynak SANA\u2019ya a\u00e7\u0131klamas\u0131nda hain ve korkak bombal\u0131 eylemde ilk verilere g\u00f6re savunmas\u0131z sivil vatanda\u015flardan 8 ki\u015finin \u015fehit, 25 ki\u015finin de yaral\u0131 d\u00fc\u015ft\u00fc\u011f\u00fcn\u00fc belirtti.<\/p>\n","protected":false},"author":1,"featured_media":0,"comment_status":"closed","ping_status":"closed","sticky":false,"template":"","format":"standard","meta":{"footnotes":""},"categories":[17991],"tags":[],"class_list":["post-55040","post","type-post","status-publish","format-standard","","category-son-dakika"],"_links":{"self":[{"href":"https:\/\/archive.sana.sy\/tr\/index.php?rest_route=\/wp\/v2\/posts\/55040","targetHints":{"allow":["GET"]}}],"collection":[{"href":"https:\/\/archive.sana.sy\/tr\/index.php?rest_route=\/wp\/v2\/posts"}],"about":[{"href":"https:\/\/archive.sana.sy\/tr\/index.php?rest_route=\/wp\/v2\/types\/post"}],"author":[{"embeddable":true,"href":"https:\/\/archive.sana.sy\/tr\/index.php?rest_route=\/wp\/v2\/users\/1"}],"replies":[{"embeddable":true,"href":"https:\/\/archive.sana.sy\/tr\/index.php?rest_route=%2Fwp%2Fv2%2Fcomments&post=55040"}],"version-history":[{"count":0,"href":"https:\/\/archive.sana.sy\/tr\/index.php?rest_route=\/wp\/v2\/posts\/55040\/revisions"}],"wp:attachment":[{"href":"https:\/\/archive.sana.sy\/tr\/index.php?rest_route=%2Fwp%2Fv2%2Fmedia&parent=55040"}],"wp:term":[{"taxonomy":"category","embeddable":true,"href":"https:\/\/archive.sana.sy\/tr\/index.php?rest_route=%2Fwp%2Fv2%2Fcategories&post=55040"},{"taxonomy":"post_tag","embeddable":true,"href":"https:\/\/archive.sana.sy\/tr\/index.php?rest_route=%2Fwp%2Fv2%2Ftags&post=55040"}],"curies":[{"name":"wp","href":"https:\/\/api.w.org\/{rel}","templated":true}]}}