{"id":55046,"date":"2015-12-12T08:10:52","date_gmt":"2015-12-12T06:10:52","guid":{"rendered":"http:\/\/www.sana.sy\/tr\/?p=55046"},"modified":"2015-12-12T14:48:27","modified_gmt":"2015-12-12T12:48:27","slug":"herhangi-bir-hedefin-tereddutsuz-imha-edilmesi-talimatlari-verdim","status":"publish","type":"post","link":"https:\/\/archive.sana.sy\/tr\/?p=55046","title":{"rendered":"Herhangi Bir Hedefin Teredd\u00fcts\u00fcz \u0130mha Edilmesi Talimatlar\u0131 Verdim"},"content":{"rendered":"<p>MOSKOVA \u2013 Rusya Ba\u015fkan\u0131 Vladimir Putin Rusya&#8217;n\u0131n Suriye&#8217;de bulundu\u011fu hava operasyonlar\u0131n ter\u00f6re kar\u015f\u0131 sava\u015f\u0131nda Suriye&#8217;ye yard\u0131m etmekle birlikte d\u00fcnyan\u0131n her yerinden gelip Suriye&#8217;den daha ba\u015fka b\u00f6lgelere yay\u0131lmay\u0131 hedefleyen ter\u00f6ristleri yok etme ama\u00e7l\u0131 oldu\u011funu belirtti.<\/p>\n<p>Rusya Savunma Bakanl\u0131\u011f\u0131 heyetinin d\u00fcn d\u00fczenledi\u011fi geni\u015fletilmi\u015f toplant\u0131da konu\u015fan Putin; Rusya&#8217;n\u0131n muhtelif b\u00f6lgelerinden ve etniklerinden Suriye&#8217;de faaliyet g\u00f6steren radikal ter\u00f6ristlerin bulundu\u011funa dikkat \u00e7ekti. Putin Rusya&#8217;ya kar\u015f\u0131 ciddi bir tehlike te\u015fkil eden bu ve Suriye&#8217;de g\u00fc\u00e7lenip ba\u015fka b\u00f6lgelere yay\u0131lmaya \u00e7al\u0131\u015fan ter\u00f6ristlere kar\u015f\u0131 Rus operasyonlar\u0131n istihbarat ve \u00f6zel g\u00fc\u00e7lerle koordinasyon i\u00e7inde dakik operasyonlarda bulundu\u011funu ifade etti.<\/p>\n<p>Rus hava g\u00fc\u00e7lerinin Suriye ordusunun yan\u0131 s\u0131ra bir k\u0131s\u0131m b\u00f6lgelerde tekfircilere kar\u015f\u0131 sava\u015fan \u2018\u00d6SO\u2019\u2019ya da yard\u0131m etti\u011fini ifade eden Putin; bu operasyonlarda \u00f6nemli ba\u015far\u0131lar\u0131n kaydedildi\u011fini belirtti.<\/p>\n<p>Putin; Suriye&#8217;de ter\u00f6re kar\u015f\u0131 sava\u015fan Rus g\u00fc\u00e7lerine tehlike te\u015fkil edecek herhangi bir hedefin kesinlikle ve teredd\u00fcts\u00fcz imha edilece\u011finin alt\u0131n\u0131 \u00e7izdi. Rus g\u00fc\u00e7lerinin korunmas\u0131 i\u00e7in ek hava savunma icraatlar\u0131 al\u0131nd\u0131\u011f\u0131n\u0131 ve operasyonlara kat\u0131lan Rus u\u00e7aklar\u0131n savunma u\u00e7aklar\u0131yla korunduklar\u0131na dikkat \u00e7eken Putin; Rus g\u00fc\u00e7lere kar\u015f\u0131 provokat\u00f6r eylemde bulunacak her hedefin teredd\u00fcts\u00fcz imha edilmesi y\u00f6n\u00fcnde kesin talimatlar verdi\u011fini belirtti.<\/p>\n<p>Di\u011fer yandan ba\u015fkan Putin Rus G\u00fcvenlik Konseyi ile d\u00fczenledi\u011fi acil oturumda Rus hava g\u00fc\u00e7lerinin Suriye&#8217;de ter\u00f6re kar\u015f\u0131 operasyonlar\u0131n seyrini masaya yat\u0131rd\u0131.<\/p>\n","protected":false},"excerpt":{"rendered":"<p>MOSKOVA \u2013 Rusya Ba\u015fkan\u0131 Vladimir Putin Rusya&#8217;n\u0131n Suriye&#8217;de bulundu\u011fu hava operasyonlar\u0131n ter\u00f6re kar\u015f\u0131 sava\u015f\u0131nda Suriye&#8217;ye yard\u0131m etmekle birlikte d\u00fcnyan\u0131n her yerinden gelip Suriye&#8217;den daha ba\u015fka b\u00f6lgelere yay\u0131lmay\u0131 hedefleyen ter\u00f6ristleri yok etme ama\u00e7l\u0131 oldu\u011funu belirtti. Rusya Savunma Bakanl\u0131\u011f\u0131 heyetinin d\u00fcn d\u00fczenledi\u011fi geni\u015fletilmi\u015f toplant\u0131da konu\u015fan Putin; Rusya&#8217;n\u0131n muhtelif b\u00f6lgelerinden ve etniklerinden Suriye&#8217;de faaliyet g\u00f6steren radikal ter\u00f6ristlerin bulundu\u011funa &hellip;<\/p>\n","protected":false},"author":1,"featured_media":55048,"comment_status":"closed","ping_status":"closed","sticky":false,"template":"","format":"standard","meta":{"footnotes":""},"categories":[458,459,17988],"tags":[16904],"class_list":["post-55046","post","type-post","status-publish","format-standard","has-post-thumbnail","","category-dunya1","category-haberler-arap-uluslararasi-politika","category-son-haberler","tag-rusya-baskani-vladimir-putin"],"_links":{"self":[{"href":"https:\/\/archive.sana.sy\/tr\/index.php?rest_route=\/wp\/v2\/posts\/55046","targetHints":{"allow":["GET"]}}],"collection":[{"href":"https:\/\/archive.sana.sy\/tr\/index.php?rest_route=\/wp\/v2\/posts"}],"about":[{"href":"https:\/\/archive.sana.sy\/tr\/index.php?rest_route=\/wp\/v2\/types\/post"}],"author":[{"embeddable":true,"href":"https:\/\/archive.sana.sy\/tr\/index.php?rest_route=\/wp\/v2\/users\/1"}],"replies":[{"embeddable":true,"href":"https:\/\/archive.sana.sy\/tr\/index.php?rest_route=%2Fwp%2Fv2%2Fcomments&post=55046"}],"version-history":[{"count":0,"href":"https:\/\/archive.sana.sy\/tr\/index.php?rest_route=\/wp\/v2\/posts\/55046\/revisions"}],"wp:featuredmedia":[{"embeddable":true,"href":"https:\/\/archive.sana.sy\/tr\/index.php?rest_route=\/wp\/v2\/media\/55048"}],"wp:attachment":[{"href":"https:\/\/archive.sana.sy\/tr\/index.php?rest_route=%2Fwp%2Fv2%2Fmedia&parent=55046"}],"wp:term":[{"taxonomy":"category","embeddable":true,"href":"https:\/\/archive.sana.sy\/tr\/index.php?rest_route=%2Fwp%2Fv2%2Fcategories&post=55046"},{"taxonomy":"post_tag","embeddable":true,"href":"https:\/\/archive.sana.sy\/tr\/index.php?rest_route=%2Fwp%2Fv2%2Ftags&post=55046"}],"curies":[{"name":"wp","href":"https:\/\/api.w.org\/{rel}","templated":true}]}}