{"id":55047,"date":"2015-12-12T13:15:27","date_gmt":"2015-12-12T11:15:27","guid":{"rendered":"http:\/\/www.sana.sy\/tr\/?p=55047"},"modified":"2015-12-12T13:15:27","modified_gmt":"2015-12-12T11:15:27","slug":"lazkiye-kirsalinda-turkiyede-resmi-ve-gayri-resmi-taraflarin-destekledikleri-tekfirci-ve-vatan-haini-teror-cetelere-yonelik-operasyonlari-kapsaminda-ordu-birliklerimiz-kuz-dagini-erdogan-cetelerinde","status":"publish","type":"post","link":"https:\/\/archive.sana.sy\/tr\/?p=55047","title":{"rendered":"Lazkiye k\u0131rsal\u0131nda T\u00fcrkiye&#8217;de resmi ve gayr\u0131 resmi taraflar\u0131n destekledikleri tekfirci ve vatan haini ter\u00f6r \u00e7etelere y\u00f6nelik operasyonlar\u0131 kapsam\u0131nda ordu birliklerimiz K\u00fcz Da\u011f\u0131n\u0131 Erdo\u011fan \u00e7etelerinden temizleyerek kontrol ve g\u00fcvenli\u011fini eline ge\u00e7irdi."},"content":{"rendered":"<p>Lazkiye k\u0131rsal\u0131nda T\u00fcrkiye&#8217;de resmi ve gayr\u0131 resmi taraflar\u0131n destekledikleri tekfirci ve vatan haini ter\u00f6r \u00e7etelere y\u00f6nelik operasyonlar\u0131 kapsam\u0131nda ordu birliklerimiz K\u00fcz Da\u011f\u0131n\u0131 Erdo\u011fan \u00e7etelerinden temizleyerek kontrol ve g\u00fcvenli\u011fini eline ge\u00e7irdi.<\/p>\n","protected":false},"excerpt":{"rendered":"<p>Lazkiye k\u0131rsal\u0131nda T\u00fcrkiye&#8217;de resmi ve gayr\u0131 resmi taraflar\u0131n destekledikleri tekfirci ve vatan haini ter\u00f6r \u00e7etelere y\u00f6nelik operasyonlar\u0131 kapsam\u0131nda ordu birliklerimiz K\u00fcz Da\u011f\u0131n\u0131 Erdo\u011fan \u00e7etelerinden temizleyerek kontrol ve g\u00fcvenli\u011fini eline ge\u00e7irdi.<\/p>\n","protected":false},"author":1,"featured_media":0,"comment_status":"closed","ping_status":"closed","sticky":false,"template":"","format":"standard","meta":{"footnotes":""},"categories":[17991],"tags":[],"class_list":["post-55047","post","type-post","status-publish","format-standard","","category-son-dakika"],"_links":{"self":[{"href":"https:\/\/archive.sana.sy\/tr\/index.php?rest_route=\/wp\/v2\/posts\/55047","targetHints":{"allow":["GET"]}}],"collection":[{"href":"https:\/\/archive.sana.sy\/tr\/index.php?rest_route=\/wp\/v2\/posts"}],"about":[{"href":"https:\/\/archive.sana.sy\/tr\/index.php?rest_route=\/wp\/v2\/types\/post"}],"author":[{"embeddable":true,"href":"https:\/\/archive.sana.sy\/tr\/index.php?rest_route=\/wp\/v2\/users\/1"}],"replies":[{"embeddable":true,"href":"https:\/\/archive.sana.sy\/tr\/index.php?rest_route=%2Fwp%2Fv2%2Fcomments&post=55047"}],"version-history":[{"count":0,"href":"https:\/\/archive.sana.sy\/tr\/index.php?rest_route=\/wp\/v2\/posts\/55047\/revisions"}],"wp:attachment":[{"href":"https:\/\/archive.sana.sy\/tr\/index.php?rest_route=%2Fwp%2Fv2%2Fmedia&parent=55047"}],"wp:term":[{"taxonomy":"category","embeddable":true,"href":"https:\/\/archive.sana.sy\/tr\/index.php?rest_route=%2Fwp%2Fv2%2Fcategories&post=55047"},{"taxonomy":"post_tag","embeddable":true,"href":"https:\/\/archive.sana.sy\/tr\/index.php?rest_route=%2Fwp%2Fv2%2Ftags&post=55047"}],"curies":[{"name":"wp","href":"https:\/\/api.w.org\/{rel}","templated":true}]}}