{"id":5505,"date":"2014-07-19T14:22:07","date_gmt":"2014-07-19T11:22:07","guid":{"rendered":"http:\/\/www.sana.sy\/tr\/?p=5505"},"modified":"2014-07-20T14:00:25","modified_gmt":"2014-07-20T11:00:25","slug":"iki-koy-ordunun-kontrolunde","status":"publish","type":"post","link":"https:\/\/archive.sana.sy\/tr\/?p=5505","title":{"rendered":"\u0130ki K\u00f6y Ordunun Kontrol\u00fcnde"},"content":{"rendered":"<p>DEYREZZOR \u2013 Vatan koruyucular\u0131 ordu birliklerimiz Deyrezzor k\u0131rsal\u0131n\u0131n bat\u0131s\u0131na d\u00fc\u015fen Ayya\u015f ve Ayn Bucuma k\u00f6ylerini tekfirci ve hain ter\u00f6r \u00e7etelerinden tamamen temizleyerek k\u00f6y halk\u0131n\u0131n can ve mal g\u00fcvenli\u011fini sa\u011flad\u0131.<\/p>\n<p>Deyrezzor Valili\u011finde yetkili bir kaynak SANA\u2019ya a\u00e7\u0131klamas\u0131nda; ordu birliklerimizin b\u00f6lgede s\u00f6z konusu iki k\u00f6y\u00fc kontrollerine ge\u00e7irmeleriyle Hrayta, \u015emaytiye ve Mheymida k\u00f6ylerinin ordu namlular\u0131n\u0131n kontrol\u00fcne ge\u00e7tiklerini belirtti.<\/p>\n<p>Kaynak iki k\u00f6y\u00fcn ter\u00f6r \u00e7etelerinden temizlenmesi s\u0131ras\u0131nda olduk\u00e7a y\u00fcksek say\u0131da ter\u00f6ristin \u00f6l\u00fc ve yaral\u0131 ele ge\u00e7irildiklerini aktard\u0131.<\/p>\n<p>&nbsp;<\/p>\n","protected":false},"excerpt":{"rendered":"<p>DEYREZZOR \u2013 Vatan koruyucular\u0131 ordu birliklerimiz Deyrezzor k\u0131rsal\u0131n\u0131n bat\u0131s\u0131na d\u00fc\u015fen Ayya\u015f ve Ayn Bucuma k\u00f6ylerini tekfirci ve hain ter\u00f6r \u00e7etelerinden tamamen temizleyerek k\u00f6y halk\u0131n\u0131n can ve mal g\u00fcvenli\u011fini sa\u011flad\u0131. Deyrezzor Valili\u011finde yetkili bir kaynak SANA\u2019ya a\u00e7\u0131klamas\u0131nda; ordu birliklerimizin b\u00f6lgede s\u00f6z konusu iki k\u00f6y\u00fc kontrollerine ge\u00e7irmeleriyle Hrayta, \u015emaytiye ve Mheymida k\u00f6ylerinin ordu namlular\u0131n\u0131n kontrol\u00fcne ge\u00e7tiklerini belirtti. &hellip;<\/p>\n","protected":false},"author":1,"featured_media":5506,"comment_status":"closed","ping_status":"closed","sticky":false,"template":"","format":"standard","meta":{"footnotes":""},"categories":[575],"tags":[1199],"class_list":["post-5505","post","type-post","status-publish","format-standard","has-post-thumbnail","","category-olaylar-ve-gercekler","tag-iki-koy-ordunun-kontrolunde"],"_links":{"self":[{"href":"https:\/\/archive.sana.sy\/tr\/index.php?rest_route=\/wp\/v2\/posts\/5505","targetHints":{"allow":["GET"]}}],"collection":[{"href":"https:\/\/archive.sana.sy\/tr\/index.php?rest_route=\/wp\/v2\/posts"}],"about":[{"href":"https:\/\/archive.sana.sy\/tr\/index.php?rest_route=\/wp\/v2\/types\/post"}],"author":[{"embeddable":true,"href":"https:\/\/archive.sana.sy\/tr\/index.php?rest_route=\/wp\/v2\/users\/1"}],"replies":[{"embeddable":true,"href":"https:\/\/archive.sana.sy\/tr\/index.php?rest_route=%2Fwp%2Fv2%2Fcomments&post=5505"}],"version-history":[{"count":0,"href":"https:\/\/archive.sana.sy\/tr\/index.php?rest_route=\/wp\/v2\/posts\/5505\/revisions"}],"wp:featuredmedia":[{"embeddable":true,"href":"https:\/\/archive.sana.sy\/tr\/index.php?rest_route=\/wp\/v2\/media\/5506"}],"wp:attachment":[{"href":"https:\/\/archive.sana.sy\/tr\/index.php?rest_route=%2Fwp%2Fv2%2Fmedia&parent=5505"}],"wp:term":[{"taxonomy":"category","embeddable":true,"href":"https:\/\/archive.sana.sy\/tr\/index.php?rest_route=%2Fwp%2Fv2%2Fcategories&post=5505"},{"taxonomy":"post_tag","embeddable":true,"href":"https:\/\/archive.sana.sy\/tr\/index.php?rest_route=%2Fwp%2Fv2%2Ftags&post=5505"}],"curies":[{"name":"wp","href":"https:\/\/api.w.org\/{rel}","templated":true}]}}