{"id":55057,"date":"2015-12-12T09:31:38","date_gmt":"2015-12-12T07:31:38","guid":{"rendered":"http:\/\/www.sana.sy\/tr\/?p=55057"},"modified":"2015-12-12T13:51:24","modified_gmt":"2015-12-12T11:51:24","slug":"isid-liderinin-bas-yardimcisi-yaralandi","status":"publish","type":"post","link":"https:\/\/archive.sana.sy\/tr\/?p=55057","title":{"rendered":"I\u015e\u0130D Liderinin Ba\u015f Yard\u0131mc\u0131s\u0131 Yaraland\u0131"},"content":{"rendered":"<p>BA\u011eDAT \u2013 Irak \u0130\u00e7i\u015fleri Bakanl\u0131\u011f\u0131 Irak g\u00fc\u00e7lerinin Cezire B\u00f6lgesinde ger\u00e7ekle\u015ftirdikleri nitelikli bir operasyonda I\u015e\u0130D liderinin birinci yard\u0131mc\u0131s\u0131 \u2018Ebu Ali el Anbari\u2019nin yaraland\u0131\u011f\u0131n\u0131 belirtti.<\/p>\n<p>I\u015e\u0130D lideri \u2018Ebu Bekir el Ba\u011fdadi\u2019 bir s\u00fcre \u00f6nce Irak hava g\u00fc\u00e7lerinin I\u015e\u0130D konvoyunu bombalamalar\u0131 sonucunda yaralanm\u0131\u015ft\u0131. \u0130ngiliz Daily Mail Gazetesi istihbarat kaynaklar\u0131na dayand\u0131rd\u0131\u011f\u0131 haberinde Ba\u011fdadi\u2019nin T\u00fcrkiye&#8217;de Erdo\u011fan hastanelerinde tedavi g\u00f6rmesi ard\u0131ndan Libya&#8217;ya ta\u015f\u0131nd\u0131\u011f\u0131n\u0131 belirtti.<\/p>\n<p>Cezayirli \u015euruk Gazetesi de benzer bir haberde Ba\u011fdadi ve Boko Haram ter\u00f6r \u00f6rg\u00fct\u00fcn\u00fcn liderinin de Libya&#8217;n\u0131n Sirte Kentinde sakland\u0131klar\u0131n\u0131 ifade etmi\u015fti.<\/p>\n","protected":false},"excerpt":{"rendered":"<p>BA\u011eDAT \u2013 Irak \u0130\u00e7i\u015fleri Bakanl\u0131\u011f\u0131 Irak g\u00fc\u00e7lerinin Cezire B\u00f6lgesinde ger\u00e7ekle\u015ftirdikleri nitelikli bir operasyonda I\u015e\u0130D liderinin birinci yard\u0131mc\u0131s\u0131 \u2018Ebu Ali el Anbari\u2019nin yaraland\u0131\u011f\u0131n\u0131 belirtti. I\u015e\u0130D lideri \u2018Ebu Bekir el Ba\u011fdadi\u2019 bir s\u00fcre \u00f6nce Irak hava g\u00fc\u00e7lerinin I\u015e\u0130D konvoyunu bombalamalar\u0131 sonucunda yaralanm\u0131\u015ft\u0131. \u0130ngiliz Daily Mail Gazetesi istihbarat kaynaklar\u0131na dayand\u0131rd\u0131\u011f\u0131 haberinde Ba\u011fdadi\u2019nin T\u00fcrkiye&#8217;de Erdo\u011fan hastanelerinde tedavi g\u00f6rmesi ard\u0131ndan &hellip;<\/p>\n","protected":false},"author":1,"featured_media":55063,"comment_status":"closed","ping_status":"closed","sticky":false,"template":"","format":"standard","meta":{"footnotes":""},"categories":[458,459,17988],"tags":[18068,18069],"class_list":["post-55057","post","type-post","status-publish","format-standard","has-post-thumbnail","","category-dunya1","category-haberler-arap-uluslararasi-politika","category-son-haberler","tag-irak-icisleri-bakanligi","tag-isid-liderinin-birinci-yardimcisi-ebu-ali-el-anbari"],"_links":{"self":[{"href":"https:\/\/archive.sana.sy\/tr\/index.php?rest_route=\/wp\/v2\/posts\/55057","targetHints":{"allow":["GET"]}}],"collection":[{"href":"https:\/\/archive.sana.sy\/tr\/index.php?rest_route=\/wp\/v2\/posts"}],"about":[{"href":"https:\/\/archive.sana.sy\/tr\/index.php?rest_route=\/wp\/v2\/types\/post"}],"author":[{"embeddable":true,"href":"https:\/\/archive.sana.sy\/tr\/index.php?rest_route=\/wp\/v2\/users\/1"}],"replies":[{"embeddable":true,"href":"https:\/\/archive.sana.sy\/tr\/index.php?rest_route=%2Fwp%2Fv2%2Fcomments&post=55057"}],"version-history":[{"count":0,"href":"https:\/\/archive.sana.sy\/tr\/index.php?rest_route=\/wp\/v2\/posts\/55057\/revisions"}],"wp:featuredmedia":[{"embeddable":true,"href":"https:\/\/archive.sana.sy\/tr\/index.php?rest_route=\/wp\/v2\/media\/55063"}],"wp:attachment":[{"href":"https:\/\/archive.sana.sy\/tr\/index.php?rest_route=%2Fwp%2Fv2%2Fmedia&parent=55057"}],"wp:term":[{"taxonomy":"category","embeddable":true,"href":"https:\/\/archive.sana.sy\/tr\/index.php?rest_route=%2Fwp%2Fv2%2Fcategories&post=55057"},{"taxonomy":"post_tag","embeddable":true,"href":"https:\/\/archive.sana.sy\/tr\/index.php?rest_route=%2Fwp%2Fv2%2Ftags&post=55057"}],"curies":[{"name":"wp","href":"https:\/\/api.w.org\/{rel}","templated":true}]}}