{"id":5508,"date":"2014-07-19T15:32:57","date_gmt":"2014-07-19T12:32:57","guid":{"rendered":"http:\/\/www.sana.sy\/tr\/?p=5508"},"modified":"2014-07-19T15:35:12","modified_gmt":"2014-07-19T12:35:12","slug":"suriye-terorle-mucadelenin-sembolu-oldu","status":"publish","type":"post","link":"https:\/\/archive.sana.sy\/tr\/?p=5508","title":{"rendered":"Suriye Ter\u00f6rle M\u00fccadelenin Sembol\u00fc Oldu"},"content":{"rendered":"<p>BEYRUT \u2013 D\u0131\u015fi\u015fleri ve Gurbet\u00e7iler Bakan\u0131 Yard\u0131mc\u0131s\u0131 Faysal Mikdat; Suriye&#8217;nin Cumhurba\u015fkan\u0131 Be\u015f\u015far el Esad ile birlikte ba\u015fta siyonist ve tekfirci \u015fekilleri olmak \u00fczere ter\u00f6r\u00fcn t\u00fcm y\u00f6ntemleri, \u015fekilleri ve \u015fekilleriyle ter\u00f6re kar\u015f\u0131 m\u00fccadelede milli ve uluslar aras\u0131 bir sembol haline geldi\u011fini belirtti.<\/p>\n<p>L\u00fcbnanl\u0131 el Bina Gazetesinin bug\u00fcnk\u00fc say\u0131s\u0131nda yay\u0131nlad\u0131\u011f\u0131 makalesinde Mikdat; Suriye&#8217;nin maruz kald\u0131\u011f\u0131 ve Bat\u0131l\u0131 devletlerin yan\u0131 s\u0131ra b\u00f6lgesel ve Arap rejimlerin destekledikleri ter\u00f6r\u00fcn sadece Suriye&#8217;yi de\u011fil, ayn\u0131 zamanda b\u00f6lge devletleri ve halklar\u0131n\u0131 da hedef ald\u0131\u011f\u0131n\u0131n alt\u0131n\u0131 \u00e7izdi.<\/p>\n<p>Mikdat Suriye&#8217;nin maruz kald\u0131\u011f\u0131 evrensel ter\u00f6r sald\u0131r\u0131s\u0131nda milletin onurunu ve ilkelerini savunmakla birlikte dayatma ve bask\u0131lara boyun e\u011fmeme m\u00fccadelesinde \u00fcst\u00fcne d\u00fc\u015fen misyonu \u00fcstlendi\u011fini ifade etti.<\/p>\n<p>Suriye&#8217;nin ge\u00e7en 3 y\u0131l boyunca ABD, Avrupa, T\u00fcrkiye h\u00fck\u00fcmeti ve kimi Arap rejimleri taraf\u0131ndan benzeri g\u00f6r\u00fclmemi\u015f bask\u0131 ve dayatmalara maruz kalmas\u0131n\u0131n yan\u0131nda d\u00fcnyan\u0131n her k\u00f6\u015fesinden toplanan tekfirci ve kiral\u0131k ter\u00f6r \u00e7etelerine her t\u00fcrl\u00fc deste\u011fin sa\u011fland\u0131\u011f\u0131na dikkat \u00e7eken Mikdat; Suriye&#8217;nin t\u00fcm bu dayatma ve ter\u00f6r sava\u015f\u0131na Cumhurba\u015fkan\u0131 el Esad\u2019\u0131n bilin\u00e7li politikas\u0131, Suriye halk\u0131n\u0131n vatanseverli\u011fi ve kahraman ordusunun fedakarl\u0131klar\u0131 sayesinde destans\u0131 bir m\u00fccadele sergiledi\u011finin alt\u0131n\u0131 \u00e7izdi.<\/p>\n<p>El Esad\u2019\u0131n yemin konu\u015fmas\u0131na de\u011finen Mikdat; konu\u015fman\u0131n Suriye halk\u0131n\u0131n iradesi ve idealleriyle tamamen uyumlu oldu\u011funa dikkat \u00e7ekti. Mikdat el Esad\u2019\u0131n k\u00f6lelik, ta\u015feronluk ve boyun e\u011fme zaman\u0131nda onurlu dik ba\u015fl\u0131 ve efendilik konu\u015fmas\u0131 oldu\u011funu s\u00f6yledi. El Esad\u2019\u0131n konu\u015fmas\u0131nda uzun s\u00fcrecin stratejisini belirledi\u011fine dikkat \u00e7ekerken; Suriye ve hatta t\u00fcm b\u00f6lgenin tan\u0131k oldu\u011fu sorunlara \u00e7\u00f6z\u00fcm \u00fcretme stratejisinden s\u00f6z etti\u011fine vurgu yapt\u0131.<\/p>\n","protected":false},"excerpt":{"rendered":"<p>BEYRUT \u2013 D\u0131\u015fi\u015fleri ve Gurbet\u00e7iler Bakan\u0131 Yard\u0131mc\u0131s\u0131 Faysal Mikdat; Suriye&#8217;nin Cumhurba\u015fkan\u0131 Be\u015f\u015far el Esad ile birlikte ba\u015fta siyonist ve tekfirci \u015fekilleri olmak \u00fczere ter\u00f6r\u00fcn t\u00fcm y\u00f6ntemleri, \u015fekilleri ve \u015fekilleriyle ter\u00f6re kar\u015f\u0131 m\u00fccadelede milli ve uluslar aras\u0131 bir sembol haline geldi\u011fini belirtti. L\u00fcbnanl\u0131 el Bina Gazetesinin bug\u00fcnk\u00fc say\u0131s\u0131nda yay\u0131nlad\u0131\u011f\u0131 makalesinde Mikdat; Suriye&#8217;nin maruz kald\u0131\u011f\u0131 ve Bat\u0131l\u0131 &hellip;<\/p>\n","protected":false},"author":1,"featured_media":5509,"comment_status":"closed","ping_status":"closed","sticky":false,"template":"","format":"standard","meta":{"footnotes":""},"categories":[558,556,458],"tags":[1200],"class_list":["post-5508","post","type-post","status-publish","format-standard","has-post-thumbnail","","category-arap-basini","category-basin","category-dunya1","tag-suriye-terorle-mucadelenin-sembolu-oldu"],"_links":{"self":[{"href":"https:\/\/archive.sana.sy\/tr\/index.php?rest_route=\/wp\/v2\/posts\/5508","targetHints":{"allow":["GET"]}}],"collection":[{"href":"https:\/\/archive.sana.sy\/tr\/index.php?rest_route=\/wp\/v2\/posts"}],"about":[{"href":"https:\/\/archive.sana.sy\/tr\/index.php?rest_route=\/wp\/v2\/types\/post"}],"author":[{"embeddable":true,"href":"https:\/\/archive.sana.sy\/tr\/index.php?rest_route=\/wp\/v2\/users\/1"}],"replies":[{"embeddable":true,"href":"https:\/\/archive.sana.sy\/tr\/index.php?rest_route=%2Fwp%2Fv2%2Fcomments&post=5508"}],"version-history":[{"count":0,"href":"https:\/\/archive.sana.sy\/tr\/index.php?rest_route=\/wp\/v2\/posts\/5508\/revisions"}],"wp:featuredmedia":[{"embeddable":true,"href":"https:\/\/archive.sana.sy\/tr\/index.php?rest_route=\/wp\/v2\/media\/5509"}],"wp:attachment":[{"href":"https:\/\/archive.sana.sy\/tr\/index.php?rest_route=%2Fwp%2Fv2%2Fmedia&parent=5508"}],"wp:term":[{"taxonomy":"category","embeddable":true,"href":"https:\/\/archive.sana.sy\/tr\/index.php?rest_route=%2Fwp%2Fv2%2Fcategories&post=5508"},{"taxonomy":"post_tag","embeddable":true,"href":"https:\/\/archive.sana.sy\/tr\/index.php?rest_route=%2Fwp%2Fv2%2Ftags&post=5508"}],"curies":[{"name":"wp","href":"https:\/\/api.w.org\/{rel}","templated":true}]}}