{"id":5511,"date":"2014-07-20T14:30:56","date_gmt":"2014-07-20T11:30:56","guid":{"rendered":"http:\/\/www.sana.sy\/tr\/?p=5511"},"modified":"2014-07-21T11:13:27","modified_gmt":"2014-07-21T08:13:27","slug":"isgalci-israilin-yeni-katliami-bilanco-12-sehit-direnis-de-14-israil-askerinin-oldugunu-ilan-etti","status":"publish","type":"post","link":"https:\/\/archive.sana.sy\/tr\/?p=5511","title":{"rendered":"\u0130\u015fgalci \u0130srail&#8217;in Yeni Katliam\u0131 Bilan\u00e7o 12 \u015eehit.. Direni\u015f de 14 \u0130srail Askerinin \u00d6ld\u00fc\u011f\u00fcn\u00fc \u0130lan Etti"},"content":{"rendered":"<p>GAZZE \u2013\u00a0Filistinli t\u0131bbi kaynaklar siyonist i\u015fgal ordusunun Gazze Kentinin do\u011fusuna d\u00fc\u015fen \u015eucaiye Semtinde bulunduklar\u0131 insanl\u0131k d\u0131\u015f\u0131 vah\u015fi katliam\u0131n bilan\u00e7osunun 44 \u015fehit, 380 yaral\u0131ya y\u00fckseldi\u011fini belirtti.<\/p>\n<p>Kaynaklar \u0130srail sald\u0131r\u0131lar\u0131n\u0131n ba\u015flamas\u0131ndan bu yana 400\u2019e yak\u0131n Filistinlinin \u015fehit, 3050\u2019ye yak\u0131n Filistinlinin de yaral\u0131 d\u00fc\u015ft\u00fcklerini ifade etti.<\/p>\n<p>Filistinli t\u0131bbi kaynaklar son a\u00e7\u0131klamada i\u015fgal sava\u015f u\u00e7aklar\u0131n\u0131n Gazze Kesimine bombard\u0131manlar\u0131nda Filistinli 16 ki\u015finin \u015fehit d\u00fc\u015ft\u00fcklerini a\u00e7\u0131klad\u0131.<\/p>\n<p>\u0130\u015fgal y\u00f6netiminin Filistin halk\u0131na y\u00f6nelik kara sald\u0131r\u0131lar\u0131n\u0131n \u00e7emberini geni\u015fletme niyetini ilan etti\u011fi bir zamanda da \u0130\u015fgal u\u00e7aklar\u0131n\u0131n muhtelif b\u00f6lgelere y\u00f6nelik s\u00fcregelen bombard\u0131manlar\u0131 sonucunda 6 Filistinli \u015fehit d\u00fc\u015fm\u00fc\u015ft\u00fc.<\/p>\n<p>Gazze\u2019nin g\u00fcneyindeki Rafah\u2019ta ise i\u015fgal botlar\u0131n\u0131n kentteki sivillerin evlerine geli\u015fig\u00fczel f\u0131rlatt\u0131klar\u0131 f\u00fczeler sonucunda 2 Filistinli \u015fehit d\u00fc\u015fm\u00fc\u015f 4 ki\u015fi de yaralanm\u0131\u015ft\u0131.<\/p>\n<p>\u0130\u015fgalin Gazze\u2019ye s\u00fcregelen bombard\u0131manlar\u0131 sonucunda bu sabah da 5 Filistinli \u015fehit d\u00fc\u015fm\u00fc\u015f 20 ki\u015fi de yaralanm\u0131\u015ft\u0131.<\/p>\n<p>\u00d6te yandan \u0130\u015fgalci \u0130srail g\u00fc\u00e7leri sald\u0131r\u0131lar\u0131n 13. G\u00fcn\u00fcne girdi\u011fi ve \u00e7o\u011fu kad\u0131n, \u00e7ocuk ve ya\u015fl\u0131lardan olu\u015fan 350\u2019den fazla Filistinlinin \u015fehit d\u00fc\u015ft\u00fc\u011f\u00fc bir zamanda Gazze\u2019ye y\u00f6nelik kara harekat\u0131n\u0131n \u00e7emberini geni\u015fletme karar\u0131 ald\u0131\u011f\u0131n\u0131 ilan etti.<\/p>\n<p><span style=\"color: #0000ff\">Direni\u015f Kesimin Do\u011fusunda D\u00fczenledi\u011fi Pusuda 14 \u0130\u015fgal Askeri \u00d6ld\u00fcrd\u00fc\u011f\u00fcn\u00fc \u0130lan Etti<\/span><\/p>\n<p>\u0130\u015fgalci \u0130srail\u2019in Gazze\u2019ye y\u00f6nelik s\u00fcregelen barbar sald\u0131r\u0131lar\u0131na kar\u015f\u0131l\u0131k olarak da Filistin direni\u015fi \u0130\u015fgal g\u00fc\u00e7lerinin Gazze Kesiminin do\u011fusunda y\u00fczlerce metre giren bir askeri birli\u011fine kar\u015f\u0131 kurdu\u011fu pusu sonucunda 14 \u0130srail askerini \u00f6ld\u00fcrd\u00fc\u011f\u00fcn\u00fc ilan etti.<\/p>\n<p>El Kassam Tugaylar\u0131 Filistinli SAFA haber ajans\u0131n\u0131n yay\u0131nlad\u0131\u011f\u0131 beyan\u0131nda, bir i\u015fgal g\u00fcc\u00fcn\u00fcn el Tuffah Semtinin do\u011fusunda Vefa Hastanesine 500 m uzakl\u0131kta ilerlemeye \u00e7al\u0131\u015ft\u0131\u011f\u0131n\u0131 ve daha \u00f6nceden haz\u0131rlanm\u0131\u015f bir pusuya d\u00fc\u015f\u00fcr\u00fcld\u00fc\u011f\u00fcn\u00fc ifade ederek, bu g\u00fcc\u00fcn ilerlemesi ard\u0131ndan Filistinli direni\u015f\u00e7ilerin tanklar\u0131n bir ka\u00e7 varil patlay\u0131c\u0131lar\u0131ndan olu\u015fan may\u0131n tarlas\u0131na ge\u00e7mesine izin verdiklerini, asker ta\u015f\u0131yan bir arac\u0131n arkalar\u0131ndan gelmesiyle birlikte may\u0131nlar\u0131n patlat\u0131ld\u0131\u011f\u0131n\u0131 ve \u0130srailli g\u00fcc\u00fcn tamamen \u00f6ld\u00fcr\u00fcld\u00fc\u011f\u00fcn\u00fc s\u00f6yledi.<\/p>\n<p>Beyanda Filistinli direni\u015f\u00e7ilerin asker ta\u015f\u0131yan ara\u00e7lar\u0131n yan\u0131na giderek kap\u0131lar\u0131n\u0131 a\u00e7t\u0131klar\u0131n\u0131 ve i\u00e7inde bulunan 14 \u0130srailli askeri \u00f6ld\u00fcrd\u00fcklerine dikkat \u00e7ekti.<\/p>\n<p>Bu arada \u0130srailli 2. Kanal Televizyonu, d\u00fcn gece ve bu sabah Gazze\u2019de meydana gelen \u00e7at\u0131\u015fmalarda \u0130srail i\u015fgal g\u00fc\u00e7lerinden 27 askerin yaralanarak Berzilay ve Soroka hastanelerine nakledildiklerini itiraf etti.<\/p>\n","protected":false},"excerpt":{"rendered":"<p>GAZZE \u2013\u00a0Filistinli t\u0131bbi kaynaklar siyonist i\u015fgal ordusunun Gazze Kentinin do\u011fusuna d\u00fc\u015fen \u015eucaiye Semtinde bulunduklar\u0131 insanl\u0131k d\u0131\u015f\u0131 vah\u015fi katliam\u0131n bilan\u00e7osunun 44 \u015fehit, 380 yaral\u0131ya y\u00fckseldi\u011fini belirtti. Kaynaklar \u0130srail sald\u0131r\u0131lar\u0131n\u0131n ba\u015flamas\u0131ndan bu yana 400\u2019e yak\u0131n Filistinlinin \u015fehit, 3050\u2019ye yak\u0131n Filistinlinin de yaral\u0131 d\u00fc\u015ft\u00fcklerini ifade etti. Filistinli t\u0131bbi kaynaklar son a\u00e7\u0131klamada i\u015fgal sava\u015f u\u00e7aklar\u0131n\u0131n Gazze Kesimine bombard\u0131manlar\u0131nda Filistinli &hellip;<\/p>\n","protected":false},"author":1,"featured_media":5512,"comment_status":"closed","ping_status":"closed","sticky":false,"template":"","format":"standard","meta":{"footnotes":""},"categories":[458,459,447],"tags":[1201],"class_list":["post-5511","post","type-post","status-publish","format-standard","has-post-thumbnail","","category-dunya1","category-haberler-arap-uluslararasi-politika","category-politika","tag-isgalci-israilin-yeni-katliami-bilanco-12-sehit-direnis-de-14-israil-askerinin-oldugunu-ilan-etti"],"_links":{"self":[{"href":"https:\/\/archive.sana.sy\/tr\/index.php?rest_route=\/wp\/v2\/posts\/5511","targetHints":{"allow":["GET"]}}],"collection":[{"href":"https:\/\/archive.sana.sy\/tr\/index.php?rest_route=\/wp\/v2\/posts"}],"about":[{"href":"https:\/\/archive.sana.sy\/tr\/index.php?rest_route=\/wp\/v2\/types\/post"}],"author":[{"embeddable":true,"href":"https:\/\/archive.sana.sy\/tr\/index.php?rest_route=\/wp\/v2\/users\/1"}],"replies":[{"embeddable":true,"href":"https:\/\/archive.sana.sy\/tr\/index.php?rest_route=%2Fwp%2Fv2%2Fcomments&post=5511"}],"version-history":[{"count":0,"href":"https:\/\/archive.sana.sy\/tr\/index.php?rest_route=\/wp\/v2\/posts\/5511\/revisions"}],"wp:featuredmedia":[{"embeddable":true,"href":"https:\/\/archive.sana.sy\/tr\/index.php?rest_route=\/wp\/v2\/media\/5512"}],"wp:attachment":[{"href":"https:\/\/archive.sana.sy\/tr\/index.php?rest_route=%2Fwp%2Fv2%2Fmedia&parent=5511"}],"wp:term":[{"taxonomy":"category","embeddable":true,"href":"https:\/\/archive.sana.sy\/tr\/index.php?rest_route=%2Fwp%2Fv2%2Fcategories&post=5511"},{"taxonomy":"post_tag","embeddable":true,"href":"https:\/\/archive.sana.sy\/tr\/index.php?rest_route=%2Fwp%2Fv2%2Ftags&post=5511"}],"curies":[{"name":"wp","href":"https:\/\/api.w.org\/{rel}","templated":true}]}}