{"id":55139,"date":"2015-12-12T18:06:23","date_gmt":"2015-12-12T16:06:23","guid":{"rendered":"http:\/\/www.sana.sy\/tr\/?p=55139"},"modified":"2015-12-12T18:00:55","modified_gmt":"2015-12-12T16:00:55","slug":"bakanlik-mektubunda-bu-gibi-teror-eylemlerinin-karsisinda-sessiz-kalma-ve-kinanmamalarinin-dis-destekli-radikal-teror-orgutlere-tesvik-teskil-ettigi-gibi-dunyanin-bircok-devletinden-gelen-bu-teroristl","status":"publish","type":"post","link":"https:\/\/archive.sana.sy\/tr\/?p=55139","title":{"rendered":"Bakanl\u0131k mektubunda bu gibi ter\u00f6r eylemlerinin kar\u015f\u0131s\u0131nda sessiz kalma ve k\u0131nanmamalar\u0131n\u0131n d\u0131\u015f destekli radikal ter\u00f6r \u00f6rg\u00fctlere te\u015fvik te\u015fkil etti\u011fi gibi d\u00fcnyan\u0131n bir\u00e7ok devletinden gelen bu ter\u00f6ristlere finans sa\u011flayan, g\u00fcvenli bar\u0131nak ve ge\u00e7idin yan\u0131 s\u0131ra silah temin eden kimi devlet rejimlerini i\u00e7in de dayanak olu\u015fturdu\u011funun alt\u0131n\u0131 \u00e7izdi."},"content":{"rendered":"<p>Bakanl\u0131k mektubunda bu gibi ter\u00f6r eylemlerinin kar\u015f\u0131s\u0131nda sessiz kalma ve k\u0131nanmamalar\u0131n\u0131n d\u0131\u015f destekli radikal ter\u00f6r \u00f6rg\u00fctlere te\u015fvik te\u015fkil etti\u011fi gibi d\u00fcnyan\u0131n bir\u00e7ok devletinden gelen bu ter\u00f6ristlere finans sa\u011flayan, g\u00fcvenli bar\u0131nak ve ge\u00e7idin yan\u0131 s\u0131ra silah temin eden kimi devlet rejimlerini i\u00e7in de dayanak olu\u015fturdu\u011funun alt\u0131n\u0131 \u00e7izdi.<\/p>\n","protected":false},"excerpt":{"rendered":"<p>Bakanl\u0131k mektubunda bu gibi ter\u00f6r eylemlerinin kar\u015f\u0131s\u0131nda sessiz kalma ve k\u0131nanmamalar\u0131n\u0131n d\u0131\u015f destekli radikal ter\u00f6r \u00f6rg\u00fctlere te\u015fvik te\u015fkil etti\u011fi gibi d\u00fcnyan\u0131n bir\u00e7ok devletinden gelen bu ter\u00f6ristlere finans sa\u011flayan, g\u00fcvenli bar\u0131nak ve ge\u00e7idin yan\u0131 s\u0131ra silah temin eden kimi devlet rejimlerini i\u00e7in de dayanak olu\u015fturdu\u011funun alt\u0131n\u0131 \u00e7izdi.<\/p>\n","protected":false},"author":1,"featured_media":0,"comment_status":"closed","ping_status":"closed","sticky":false,"template":"","format":"standard","meta":{"footnotes":""},"categories":[17991],"tags":[],"class_list":["post-55139","post","type-post","status-publish","format-standard","","category-son-dakika"],"_links":{"self":[{"href":"https:\/\/archive.sana.sy\/tr\/index.php?rest_route=\/wp\/v2\/posts\/55139","targetHints":{"allow":["GET"]}}],"collection":[{"href":"https:\/\/archive.sana.sy\/tr\/index.php?rest_route=\/wp\/v2\/posts"}],"about":[{"href":"https:\/\/archive.sana.sy\/tr\/index.php?rest_route=\/wp\/v2\/types\/post"}],"author":[{"embeddable":true,"href":"https:\/\/archive.sana.sy\/tr\/index.php?rest_route=\/wp\/v2\/users\/1"}],"replies":[{"embeddable":true,"href":"https:\/\/archive.sana.sy\/tr\/index.php?rest_route=%2Fwp%2Fv2%2Fcomments&post=55139"}],"version-history":[{"count":0,"href":"https:\/\/archive.sana.sy\/tr\/index.php?rest_route=\/wp\/v2\/posts\/55139\/revisions"}],"wp:attachment":[{"href":"https:\/\/archive.sana.sy\/tr\/index.php?rest_route=%2Fwp%2Fv2%2Fmedia&parent=55139"}],"wp:term":[{"taxonomy":"category","embeddable":true,"href":"https:\/\/archive.sana.sy\/tr\/index.php?rest_route=%2Fwp%2Fv2%2Fcategories&post=55139"},{"taxonomy":"post_tag","embeddable":true,"href":"https:\/\/archive.sana.sy\/tr\/index.php?rest_route=%2Fwp%2Fv2%2Ftags&post=55139"}],"curies":[{"name":"wp","href":"https:\/\/api.w.org\/{rel}","templated":true}]}}