{"id":55145,"date":"2015-12-12T18:26:26","date_gmt":"2015-12-12T16:26:26","guid":{"rendered":"http:\/\/www.sana.sy\/tr\/?p=55145"},"modified":"2015-12-12T18:28:59","modified_gmt":"2015-12-12T16:28:59","slug":"tum-taraflar-temel-bir-noktada-uzlasti","status":"publish","type":"post","link":"https:\/\/archive.sana.sy\/tr\/?p=55145","title":{"rendered":"T\u00fcm Taraflar Temel Bir Noktada Uzla\u015ft\u0131"},"content":{"rendered":"<p>MOSKOVA \u2013 Rusya D\u0131\u015fi\u015fleri Bakanl\u0131\u011f\u0131 son olarak Suudi Arabistan rejiminin provokasyonu ve organizasyonuyla Riyad\u2019ta toplanan \u2018Suriyeli muhaliflerin\u2019 kendilerine t\u00fcm Suriye muhalefeti ve Suriye halk\u0131 ad\u0131na konu\u015fma yetkisi vermelerini reddetti\u011fini belirtti.<\/p>\n<p>Rus bakanl\u0131k bug\u00fcn yay\u0131nlad\u0131\u011f\u0131 resmi beyanda; Riyad bulu\u015fmas\u0131nda Suriyeli t\u00fcm muhaliflerin yer almad\u0131\u011f\u0131na dikkat \u00e7ekerek, bunun da sonu\u00e7 bildirisinin i\u00e7eri\u011fine a\u00e7\u0131k bir \u015fekilde yans\u0131d\u0131\u011f\u0131n\u0131 ifade etti.<\/p>\n<p>Moskova\u2019n\u0131n kapsaml\u0131 ve ger\u00e7ek bir siyasi s\u00fcre\u00e7 i\u00e7in istisnas\u0131z t\u00fcm Suriyelileri bir araya getirme \u00e7abalar\u0131n\u0131 s\u00fcrd\u00fcrece\u011fini ifade eden bakanl\u0131k; Suriye krizine ili\u015fkin uluslar aras\u0131 ekipte bulunan herkesin temel bir noktada uzla\u015fma sa\u011flad\u0131klar\u0131n\u0131 belirtti. Bakanl\u0131k bu noktan\u0131n da sonu\u00e7 itibar\u0131yla al\u0131nacak her karar\u0131n Suriye halk\u0131n\u0131n bizzat kendisi taraf\u0131ndan onaylan\u0131p kararla\u015ft\u0131r\u0131lmas\u0131 gere\u011fi oldu\u011funun alt\u0131n\u0131 \u00e7izdi.<\/p>\n<p>\u00d6te yandan Rus bakanl\u0131k \u2018Suriye dostlar\u0131n\u0131n\u2019 14 Aral\u0131k tarihinde toplanma karar\u0131n\u0131n Rusya&#8217;y\u0131 deh\u015fete d\u00fc\u015f\u00fcrd\u00fc\u011f\u00fcn\u00fc ifade etti.<\/p>\n","protected":false},"excerpt":{"rendered":"<p>MOSKOVA \u2013 Rusya D\u0131\u015fi\u015fleri Bakanl\u0131\u011f\u0131 son olarak Suudi Arabistan rejiminin provokasyonu ve organizasyonuyla Riyad\u2019ta toplanan \u2018Suriyeli muhaliflerin\u2019 kendilerine t\u00fcm Suriye muhalefeti ve Suriye halk\u0131 ad\u0131na konu\u015fma yetkisi vermelerini reddetti\u011fini belirtti. Rus bakanl\u0131k bug\u00fcn yay\u0131nlad\u0131\u011f\u0131 resmi beyanda; Riyad bulu\u015fmas\u0131nda Suriyeli t\u00fcm muhaliflerin yer almad\u0131\u011f\u0131na dikkat \u00e7ekerek, bunun da sonu\u00e7 bildirisinin i\u00e7eri\u011fine a\u00e7\u0131k bir \u015fekilde yans\u0131d\u0131\u011f\u0131n\u0131 ifade &hellip;<\/p>\n","protected":false},"author":1,"featured_media":29225,"comment_status":"closed","ping_status":"closed","sticky":false,"template":"","format":"standard","meta":{"footnotes":""},"categories":[458,459,17988],"tags":[18071],"class_list":["post-55145","post","type-post","status-publish","format-standard","has-post-thumbnail","","category-dunya1","category-haberler-arap-uluslararasi-politika","category-son-haberler","tag-tum-taraflar-temel-bir-noktada-uzlasti"],"_links":{"self":[{"href":"https:\/\/archive.sana.sy\/tr\/index.php?rest_route=\/wp\/v2\/posts\/55145","targetHints":{"allow":["GET"]}}],"collection":[{"href":"https:\/\/archive.sana.sy\/tr\/index.php?rest_route=\/wp\/v2\/posts"}],"about":[{"href":"https:\/\/archive.sana.sy\/tr\/index.php?rest_route=\/wp\/v2\/types\/post"}],"author":[{"embeddable":true,"href":"https:\/\/archive.sana.sy\/tr\/index.php?rest_route=\/wp\/v2\/users\/1"}],"replies":[{"embeddable":true,"href":"https:\/\/archive.sana.sy\/tr\/index.php?rest_route=%2Fwp%2Fv2%2Fcomments&post=55145"}],"version-history":[{"count":0,"href":"https:\/\/archive.sana.sy\/tr\/index.php?rest_route=\/wp\/v2\/posts\/55145\/revisions"}],"wp:featuredmedia":[{"embeddable":true,"href":"https:\/\/archive.sana.sy\/tr\/index.php?rest_route=\/wp\/v2\/media\/29225"}],"wp:attachment":[{"href":"https:\/\/archive.sana.sy\/tr\/index.php?rest_route=%2Fwp%2Fv2%2Fmedia&parent=55145"}],"wp:term":[{"taxonomy":"category","embeddable":true,"href":"https:\/\/archive.sana.sy\/tr\/index.php?rest_route=%2Fwp%2Fv2%2Fcategories&post=55145"},{"taxonomy":"post_tag","embeddable":true,"href":"https:\/\/archive.sana.sy\/tr\/index.php?rest_route=%2Fwp%2Fv2%2Ftags&post=55145"}],"curies":[{"name":"wp","href":"https:\/\/api.w.org\/{rel}","templated":true}]}}