{"id":55148,"date":"2015-12-12T18:47:07","date_gmt":"2015-12-12T16:47:07","guid":{"rendered":"http:\/\/www.sana.sy\/tr\/?p=55148"},"modified":"2015-12-13T16:21:36","modified_gmt":"2015-12-13T14:21:36","slug":"sessizlik-teroristlere-tesvik-destekci-rejimlere-de-guc-dayanagi-olusturuyor","status":"publish","type":"post","link":"https:\/\/archive.sana.sy\/tr\/?p=55148","title":{"rendered":"Sessizlik Ter\u00f6ristlere Te\u015fvik, Destek\u00e7i Rejimlere de G\u00fc\u00e7 Dayana\u011f\u0131 Olu\u015fturuyor"},"content":{"rendered":"<p>\u015eAM \u2013 D\u0131\u015fi\u015fleri ve Gurbet\u00e7iler Bakanl\u0131\u011f\u0131 Homs ve Haseke kentlerinin maruz kald\u0131klar\u0131 bombal\u0131 ter\u00f6r eylemleri konusunda BM genel sekreteri ve G\u00fcvenlik Konseyi ba\u015fkan\u0131na e\u015f iki resmi mektup g\u00f6nderdi.<\/p>\n<p>Bakanl\u0131k mektubunda bu gibi ter\u00f6r eylemlerinin kar\u015f\u0131s\u0131nda sessiz kalma ve k\u0131nanmamalar\u0131n\u0131n d\u0131\u015f destekli radikal ter\u00f6r \u00f6rg\u00fctlere te\u015fvik te\u015fkil etti\u011fi gibi d\u00fcnyan\u0131n bir\u00e7ok devletinden gelen bu ter\u00f6ristlere finans sa\u011flayan, g\u00fcvenli bar\u0131nak ve ge\u00e7idin yan\u0131 s\u0131ra silah temin eden kimi devlet rejimlerini i\u00e7in de dayanak olu\u015fturdu\u011funun alt\u0131n\u0131 \u00e7izdi.<\/p>\n<p>\u0130nsanl\u0131\u011fa kar\u015f\u0131 su\u00e7lar i\u015fleyen ter\u00f6ristlerin Suriye&#8217;nin muhtelif kentlerine geli\u015fi g\u00fczel silahlarla sald\u0131r\u0131p savunmas\u0131z sivil vatanda\u015flar\u0131 vah\u015fice hedef ald\u0131klar\u0131na dikkat \u00e7eken bakanl\u0131k; bu sald\u0131r\u0131larda y\u00fczlerce masum insan\u0131n \u015fehit, \u00e7ok say\u0131da insan\u0131n da yaral\u0131 d\u00fc\u015ft\u00fcklerini, hizmet kurumlar\u0131 ve \u015febekelerinin de b\u00fcy\u00fck hasar g\u00f6rd\u00fc\u011f\u00fcne dikkat \u00e7ekti.<\/p>\n<p>Bakanl\u0131k I\u015e\u0130D tekfircilerinin d\u00fcn ak\u015fam saatlerinde Haseke Kentinin yakla\u015f\u0131k 40 km bat\u0131s\u0131na d\u00fc\u015fen Tel Temir Beldesinde iki mazot tankerinin yan\u0131 s\u0131ra \u015feker y\u00fckl\u00fc bir arac\u0131 havaya u\u00e7urdu\u011funu belirtti. Bombal\u0131 eylemlerin insanlar\u0131n kalabal\u0131k olduklar\u0131 sa\u011fl\u0131k merkezi yak\u0131nlar\u0131na ek olarak belde \u00e7ar\u015f\u0131s\u0131 ve merkezi sebze meyve pazar\u0131nda meydana geldiklerine dikkat \u00e7eken bakanl\u0131k, 60 vatanda\u015f\u0131n \u015fehit, onlarca vatanda\u015f\u0131n da yaral\u0131 d\u00fc\u015fmelerine yol a\u00e7t\u0131klar\u0131n\u0131 ifade etti.<\/p>\n<p>Bakanl\u0131k mektubunda ayr\u0131ca I\u015e\u0130D ve Nusra Cephesi tekfircilerinin ise bug\u00fcn sabah saatlerinde sahte plaka ta\u015f\u0131yan ve \u015fiddetli etkiye sahip 200 kilo patlay\u0131c\u0131 ile haz\u0131rlanm\u0131\u015f bir ambulans arac\u0131n\u0131 Homs Kentinin Zehra Semtinde bir sa\u011fl\u0131k merkezi yak\u0131nlar\u0131na park edip havaya u\u00e7urduklar\u0131n\u0131 ifade ederken burada da savunmas\u0131z insanlardan 16 vatanda\u015f\u0131n \u015fehit, onlarca vatanda\u015f\u0131n yaral\u0131 d\u00fc\u015ft\u00fcklerine dikkat \u00e7ekti.<\/p>\n<p>T\u00fcrkiye, Suudi Arabistan ve Katar gibi ter\u00f6re destekleri art\u0131k herkes taraf\u0131ndan bilinen devletlerin d\u00fcnyan\u0131n bir\u00e7ok \u00fclkesinden gelen kiral\u0131k ve tekfircilere bol keseden finans, silah ve m\u00fchimmat\u0131n yan\u0131 s\u0131ra siyasi ve medyatik destekleri olmasayd\u0131 bu vah\u015fetlerin devam etmelerinin m\u00fcmk\u00fcn olmad\u0131\u011f\u0131n\u0131 bir kez daha vurgulayan bakanl\u0131k; kad\u0131n, \u00e7ocuk ve ya\u015fl\u0131lardan savunmas\u0131z sivillerin kurban gitti\u011fi bu ter\u00f6r sald\u0131r\u0131lar\u0131n\u0131n BM veya G\u00fcvenlik Konseyinde hi\u00e7bir \u015fekilde k\u0131nanmamalar\u0131n\u0131n esef verici bir durum oldu\u011funa vurgu yapt\u0131.<\/p>\n<p>G\u00fcvenlik Konseyinin ter\u00f6rle m\u00fccadele ve finans kaynaklar\u0131n\u0131n kurutulmas\u0131yla ilgili kararlar\u0131n\u0131 hat\u0131rlatan bakanl\u0131k; G\u00fcvenlik Konseyi ve BM\u2019den bu kararlar\u0131 ciddi ve tarafs\u0131z bir \u015fekilde hayata ge\u00e7irmekle birlikte bu ter\u00f6r eylemlerini k\u0131namalar\u0131n\u0131 talep etti.<\/p>\n","protected":false},"excerpt":{"rendered":"<p>\u015eAM \u2013 D\u0131\u015fi\u015fleri ve Gurbet\u00e7iler Bakanl\u0131\u011f\u0131 Homs ve Haseke kentlerinin maruz kald\u0131klar\u0131 bombal\u0131 ter\u00f6r eylemleri konusunda BM genel sekreteri ve G\u00fcvenlik Konseyi ba\u015fkan\u0131na e\u015f iki resmi mektup g\u00f6nderdi. Bakanl\u0131k mektubunda bu gibi ter\u00f6r eylemlerinin kar\u015f\u0131s\u0131nda sessiz kalma ve k\u0131nanmamalar\u0131n\u0131n d\u0131\u015f destekli radikal ter\u00f6r \u00f6rg\u00fctlere te\u015fvik te\u015fkil etti\u011fi gibi d\u00fcnyan\u0131n bir\u00e7ok devletinden gelen bu ter\u00f6ristlere finans &hellip;<\/p>\n","protected":false},"author":1,"featured_media":54806,"comment_status":"closed","ping_status":"closed","sticky":false,"template":"","format":"standard","meta":{"footnotes":""},"categories":[479,2554,2555,478],"tags":[18073,18072],"class_list":["post-55148","post","type-post","status-publish","format-standard","has-post-thumbnail","","category-haberler-yerel","category-suriye-ve-dunya","category-suriye-ve-turkiye","category-yerel","tag-destekci-rejimlere-de-guc-dayanagi-olusturuyor","tag-sessizlik-teroristlere-tesvik"],"_links":{"self":[{"href":"https:\/\/archive.sana.sy\/tr\/index.php?rest_route=\/wp\/v2\/posts\/55148","targetHints":{"allow":["GET"]}}],"collection":[{"href":"https:\/\/archive.sana.sy\/tr\/index.php?rest_route=\/wp\/v2\/posts"}],"about":[{"href":"https:\/\/archive.sana.sy\/tr\/index.php?rest_route=\/wp\/v2\/types\/post"}],"author":[{"embeddable":true,"href":"https:\/\/archive.sana.sy\/tr\/index.php?rest_route=\/wp\/v2\/users\/1"}],"replies":[{"embeddable":true,"href":"https:\/\/archive.sana.sy\/tr\/index.php?rest_route=%2Fwp%2Fv2%2Fcomments&post=55148"}],"version-history":[{"count":0,"href":"https:\/\/archive.sana.sy\/tr\/index.php?rest_route=\/wp\/v2\/posts\/55148\/revisions"}],"wp:featuredmedia":[{"embeddable":true,"href":"https:\/\/archive.sana.sy\/tr\/index.php?rest_route=\/wp\/v2\/media\/54806"}],"wp:attachment":[{"href":"https:\/\/archive.sana.sy\/tr\/index.php?rest_route=%2Fwp%2Fv2%2Fmedia&parent=55148"}],"wp:term":[{"taxonomy":"category","embeddable":true,"href":"https:\/\/archive.sana.sy\/tr\/index.php?rest_route=%2Fwp%2Fv2%2Fcategories&post=55148"},{"taxonomy":"post_tag","embeddable":true,"href":"https:\/\/archive.sana.sy\/tr\/index.php?rest_route=%2Fwp%2Fv2%2Ftags&post=55148"}],"curies":[{"name":"wp","href":"https:\/\/api.w.org\/{rel}","templated":true}]}}