{"id":5515,"date":"2014-07-20T10:57:47","date_gmt":"2014-07-20T07:57:47","guid":{"rendered":"http:\/\/www.sana.sy\/tr\/?p=5515"},"modified":"2014-07-20T10:57:47","modified_gmt":"2014-07-20T07:57:47","slug":"el-esadin-hitabi-suriye-halki-ve-ordusunun-direnisini-taclandirdi","status":"publish","type":"post","link":"https:\/\/archive.sana.sy\/tr\/?p=5515","title":{"rendered":"El Esad\u2019\u0131n Hitab\u0131 Suriye Halk\u0131 ve Ordusunun Direni\u015fini Ta\u00e7land\u0131rd\u0131"},"content":{"rendered":"<p>BA\u015eKENTLER \u2013 L\u00fcbnanl\u0131 Milletvekili Mervan Faris; Cumhurba\u015fkan\u0131 Be\u015f\u015far el Esad\u2019\u0131n Anayasal Yemin T\u00f6reninde yapt\u0131\u011f\u0131 konu\u015fman\u0131n var olan Arap davalar\u0131na ili\u015fkin ulusal \u00e7izgiyi g\u00fc\u00e7lendirdi\u011fini ve vurgu yapt\u0131\u011f\u0131 \u00f6nemli ilkeler arac\u0131l\u0131\u011f\u0131yla uluslararas\u0131 duruma yeni semboller ekledi\u011fini dile getirdi.<\/p>\n<p>L\u00fcbnan\u2019da yay\u0131nlanan el Bina gazetesinin d\u00fcnk\u00fc say\u0131s\u0131nda \u201cel Esad\u2019\u0131n Hitab\u0131 .. Filistin\u2019in Hitab\u0131\u201d ba\u015fl\u0131kl\u0131 bir makalesi yay\u0131nlanan Faris; el Esad\u2019\u0131n konu\u015fmas\u0131nda \u00f6ne \u00e7\u0131kan \u00f6zg\u00fcven ve ulusalc\u0131 ilkelerin, direni\u015f\u00e7i Suriye Arap Ordusunun olu\u015fturdu\u011fu temellere dayand\u0131\u011f\u0131n\u0131 ifade etti.<\/p>\n<p><span>Hitap Azim ve \u0130rade Yans\u0131mas\u0131 Oldu<\/span><\/p>\n<p><span>\u201cHitap Onay, Azim ve \u0130rade\u201d ba\u015fl\u0131\u011f\u0131 alt\u0131nda benzer bir makalesi yay\u0131nlanan L\u00fcbnanl\u0131 Yazar Nurettin el Cemal; Cumhurba\u015fkan\u0131 el Esad\u2019\u0131n Anayasal Yemin T\u00f6reninde yapt\u0131\u011f\u0131 konu\u015fmayla ilgili yap\u0131lan yorum ve analizlerin t\u00fcm\u00fcn\u00fcn; konu\u015fmada sona eren bir a\u015famadan yeni bir a\u015famaya ge\u00e7i\u015f konu\u015fmas\u0131 oldu\u011funa dikkat \u00e7ektiklerini ifade etti.<\/span><\/p>\n<p><span>Suriyelilerin se\u00e7imlere g\u00f6sterdikleri b\u00fcy\u00fck kat\u0131l\u0131m\u0131n, kendilerini hedef alan sald\u0131r\u0131 ve d\u00fc\u015fmanlara net bir cevap te\u015fkil etti\u011fine dikkat \u00e7eken Cemal; el Esad\u2019\u0131n konu\u015fmas\u0131n\u0131n en belirgin y\u00f6n\u00fc gelece\u011fe y\u00f6nelik y\u00f6nlendirmelerinin yan\u0131 s\u0131ra Suriye\u2019ye kar\u015f\u0131 sava\u015f plan\u0131 ile b\u00f6lgedeki Arap-Siyonizm \u00e7at\u0131\u015fmas\u0131 aras\u0131ndaki ba\u011flant\u0131y\u0131 net olarak ortaya koymas\u0131 oldu\u011funu vurgulad\u0131.<\/span><\/p>\n<p><span>Yemin T\u00f6reni Aile Toplant\u0131s\u0131 Gibiydi<\/span><\/p>\n<p><span>L\u00fcbnanl\u0131 Yazar \u0130lyas A\u015fi ise \u201cYemin T\u00f6reni Bir Aile Toplant\u0131s\u0131 Gibiydi\u201d ba\u015fl\u0131kl\u0131 makalesinde Cumhurba\u015fkan\u0131 el Esad\u2019\u0131n konu\u015fmas\u0131n\u0131n b\u00fct\u00fcn Suriyelilerin g\u00fcnl\u00fck ya\u015famlar\u0131ndaki sohbetlerinde s\u00f6ylediklerine ve g\u00fcnl\u00fcklerine yazd\u0131klar\u0131na g\u00fcven yans\u0131tt\u0131\u011f\u0131na i\u015faret etti.<\/span><\/p>\n<p><span>El Esad\u2019\u0131n konu\u015fmas\u0131nda ne pazarl\u0131ktan eser olmad\u0131\u011f\u0131n\u0131n alt\u0131n\u0131 \u00e7izen A\u015fi; yemin t\u00f6reni konu\u015fmas\u0131nda el Esad\u2019\u0131n, her fiilin ger\u00e7ek ve direkt ismini kulland\u0131\u011f\u0131n\u0131 beyan etti.<\/span><\/p>\n<p><span>Hitap Ulusal \u00c7al\u0131\u015fma Program\u0131 Te\u015fkil Etti<\/span><\/p>\n<p><span>L\u00fcbnan\u2019da el Nas\u0131ri Ulusal Organisazyonu Ba\u015fkan\u0131 Semir \u015earkis, SANA muhabirine verdi\u011fi r\u00f6portaj\u0131nda Cumhurba\u015fkan\u0131 el Esad\u2019\u0131n konu\u015fmas\u0131n\u0131n i\u00e7, d\u0131\u015f, askeri, idari ve akla gelecek b\u00fct\u00fcn alanlarda net ve a\u00e7\u0131k bir ulusal \u00e7al\u0131\u015fma program\u0131 te\u015fkil etti\u011fini dile getirdi.<\/span><\/p>\n<p><span>El Esad\u2019\u0131n yemin t\u00f6renindeki konu\u015fmas\u0131n\u0131 tarihi bir hitap olarak nitelendiren \u015earkis; konu\u015fman\u0131n, direni\u015fi destekleyen ilerici ve Arap ulusal devletlerin en \u00f6nemlisini hedef alan d\u00fc\u015fman-ter\u00f6r sava\u015f\u0131n\u0131n u\u011frad\u0131\u011f\u0131 hezimeti g\u00f6zler \u00f6n\u00fcne serdi\u011finin alt\u0131n\u0131 \u00e7izdi.<\/span><\/p>\n<p><span>Tunuslular: Halk ve Ordunun Direni\u015fi Ta\u00e7land\u0131r\u0131ld\u0131<\/span><\/p>\n<p><span>Tunus\u2019ta bulunan SANA muhabirine r\u00f6portaj veren Tunus Ulusal Cephe Partisi Siyasi B\u00fcro \u00dcyesi Ali el Fallah; Cumhurba\u015fkan\u0131 el Esad\u2019\u0131n anayasal yemin t\u00f6reninde yapt\u0131\u011f\u0131 konu\u015fman\u0131n, Suriye halk\u0131 ve ordusunun ter\u00f6re kar\u015f\u0131 sergiledi\u011fi muazzam direni\u015fi ta\u00e7land\u0131rd\u0131\u011f\u0131n\u0131 ifade etti.<\/span><\/p>\n<p><span>El Esad\u2019\u0131n konu\u015fmas\u0131nda \u00f6n\u00fcm\u00fczdeki s\u00fcrece ili\u015fkin izlenecek yeniden in\u015fa ve kalk\u0131nma stratejisini net ve \u015feffaf bir \u015fekilde \u00e7izdi\u011fine dikkat \u00e7eken Fallah; gelece\u011fe ili\u015fkin b\u00fct\u00fcn strateji ve planlarda Suriye halk\u0131 ve Arap ulusunun \u00e7\u0131karlar\u0131n\u0131n temel al\u0131nmas\u0131n\u0131n, konu\u015fman\u0131n as\u0131l niteli\u011fini ortaya koydu\u011funu vurgulad\u0131.<\/span><\/p>\n<p><span>Suriye Halk\u0131 Ordusu ve Destek\u00e7ilerine Moral Motivasyon Kayna\u011f\u0131 Oldu<\/span><\/p>\n<p><span>Tunuslu Yazar Ahmet el Nazif\u2019de verdi\u011fi benzer bir r\u00f6portajda el Esad\u2019\u0131n konu\u015fmas\u0131n\u0131n, Suriye\u2019yi hedef alan ter\u00f6r sald\u0131r\u0131lar\u0131n\u0131n ba\u015flamas\u0131ndan \u00fc\u00e7 sene sonras\u0131nda bile Suriye halk\u0131, ordusu ve y\u00f6netiminin g\u00fcc\u00fcn\u00fcn hi\u00e7bir \u015fekilde eksilmedi\u011fini yans\u0131tt\u0131\u011f\u0131n\u0131 ifade etti.<\/span><\/p>\n<p><span>El Esad\u2019\u0131n konu\u015fmas\u0131n\u0131n, b\u00fct\u00fcn Suriye halk\u0131na, ordusuna ve Suriye\u2019nin direni\u015fini destekleyen herkese bir moral ve motivasyon kayna\u011f\u0131 oldu\u011funa dikkat \u00e7eken Nazif; konu\u015fman\u0131n Suriye topraklar\u0131n\u0131n ter\u00f6rden tamamen temizlenece\u011fi g\u00fcnlerin yak\u0131nl\u0131\u011f\u0131n\u0131 m\u00fcjdeledi\u011fini ibraz etti.<\/span><\/p>\n<p><span>Muazzam Zaferi Yans\u0131tan Tarihi Bir Hitap<\/span><\/p>\n<p><span>Tunuslu Yazar Hatim el \u015eal\u011fami; Cumhurba\u015fkan\u0131 el Esad\u2019\u0131n yemin t\u00f6reni konu\u015fmas\u0131n\u0131 Suriyelilerin b\u00fct\u00fcn d\u00fc\u015fmanlar\u0131na kar\u015f\u0131 kazand\u0131klar\u0131 muazzam zaferi yans\u0131tan tarihi bir hitap olarak de\u011ferlendirdi.<\/span><\/p>\n<p><span>El Esad\u2019\u0131n konu\u015fmas\u0131nda, yeniden in\u015fa s\u00fcreci haritas\u0131 ve plan\u0131n\u0131n ana ba\u015fl\u0131klar\u0131n\u0131 belirledi\u011fine dikkat \u00e7eken \u015eal\u011fami; konu\u015fmada, Suriye halk\u0131n\u0131n ho\u015fg\u00f6r\u00fc, vefa, vatanseverlik ve vatana ba\u011fl\u0131l\u0131k ilkelerine dayanan k\u00f6kl\u00fc k\u00fclt\u00fcr\u00fc ve bu k\u00fclt\u00fcr\u00fcn meyvesi olan direni\u015fin kar\u015f\u0131s\u0131nda hi\u00e7bir d\u00fc\u015fman komplo ve plan\u0131n ba\u015far\u0131l\u0131 olamayaca\u011f\u0131n\u0131n g\u00fcvencesi bulundu\u011funu ekledi.<\/span><\/p>\n<p><span>Rusya\u2019da \u0130ran \u00c7a\u011fda\u015f Ara\u015ft\u0131rmalar Merkezi Genel M\u00fcd\u00fcr\u00fc Recep Safarov; Cumhurba\u015fkan\u0131 el Esad\u2019\u0131n yemin t\u00f6reninde yapt\u0131\u011f\u0131 konu\u015fman\u0131n g\u00fc\u00e7l\u00fc bir etki yaratan tarihi bir konu\u015fma oldu\u011funu ifade etti.<\/span><\/p>\n<p><span>Suriye Televizyonunda d\u00fcn yay\u0131nlanan r\u00f6portaj\u0131nda el Esad\u2019\u0131n ge\u00e7ti\u011fimiz \u00fc\u00e7 y\u0131ll\u0131k s\u00fcreci, Suriye\u2019ye kar\u015f\u0131 kurulan komplonun siyasi, tarihi ve askeri boyutlar\u0131na ili\u015fkin ger\u00e7ek\u00e7i ve b\u00fct\u00fcnl\u00fckl\u00fc bir de\u011ferlendirme sundu\u011funa i\u015faret eden Safarov; el Esad\u2019\u0131n hitab\u0131n\u0131n, \u00e7\u0131karlar\u0131n\u0131n bilincinde olan, dostunu ve d\u00fc\u015fman\u0131n\u0131 tan\u0131yan, birbirine ve vatan\u0131na s\u0131ms\u0131k\u0131 kenetlenen bir halk\u0131n direni\u015fi ve iradesinin hitab\u0131 oldu\u011funu vurgulad\u0131.<\/span><\/p>\n<p><span>Konu\u015fmada Zul\u00fcm Kar\u015f\u0131s\u0131nda Teslim Olmayan Bir Halk\u0131n Duru\u015fu Yans\u0131d\u0131<\/span><\/p>\n<p><span>Rusya Bilim Akademisine Ba\u011fl\u0131 Do\u011fubilimi Enstit\u00fcs\u00fcnde Ara\u015ft\u0131rmac\u0131 Boris Davlov; Cumhurba\u015fkan\u0131 el Esad\u2019\u0131n konu\u015fmas\u0131nda Suriye halk\u0131n\u0131n ger\u00e7ek direni\u015f\u00e7ilerden olu\u015ftu\u011funu ortaya koydu\u011funa de\u011finerek uygulanan b\u00fct\u00fcn zul\u00fcm ve vah\u015fete ra\u011fmen d\u00fc\u015fman\u0131n kar\u015f\u0131s\u0131nda teslim olmayan bir halk\u0131n duru\u015funun yans\u0131d\u0131\u011f\u0131n\u0131 beyan etti.<\/span><\/p>\n<p><span>Ya\u015fanan b\u00fct\u00fcn zor ko\u015fullara ra\u011fmen Suriye halk\u0131, ordusu ve y\u00f6netiminin b\u00fcy\u00fck ba\u015far\u0131lara imza att\u0131\u011f\u0131na dikkat \u00e7eken Davlov; Suriye\u2019nin yeniden in\u015fa edilece\u011fini ve in\u015fa s\u00fcrecinde \u015fekillenecek Demokratik Suriye Devletinin b\u00f6lgenin en muazzam g\u00fcc\u00fc haline gelece\u011fi \u00f6ng\u00f6r\u00fcs\u00fcnde bulundu.<\/span><\/p>\n","protected":false},"excerpt":{"rendered":"<p>BA\u015eKENTLER \u2013 L\u00fcbnanl\u0131 Milletvekili Mervan Faris; Cumhurba\u015fkan\u0131 Be\u015f\u015far el Esad\u2019\u0131n Anayasal Yemin T\u00f6reninde yapt\u0131\u011f\u0131 konu\u015fman\u0131n var olan Arap davalar\u0131na ili\u015fkin ulusal \u00e7izgiyi g\u00fc\u00e7lendirdi\u011fini ve vurgu yapt\u0131\u011f\u0131 \u00f6nemli ilkeler arac\u0131l\u0131\u011f\u0131yla uluslararas\u0131 duruma yeni semboller ekledi\u011fini dile getirdi. L\u00fcbnan\u2019da yay\u0131nlanan el Bina gazetesinin d\u00fcnk\u00fc say\u0131s\u0131nda \u201cel Esad\u2019\u0131n Hitab\u0131 .. Filistin\u2019in Hitab\u0131\u201d ba\u015fl\u0131kl\u0131 bir makalesi yay\u0131nlanan Faris; el &hellip;<\/p>\n","protected":false},"author":1,"featured_media":5516,"comment_status":"closed","ping_status":"closed","sticky":false,"template":"","format":"standard","meta":{"footnotes":""},"categories":[458,447],"tags":[1202],"class_list":["post-5515","post","type-post","status-publish","format-standard","has-post-thumbnail","","category-dunya1","category-politika","tag-el-esadin-hitabi-suriye-halki-ve-ordusunun-direnisini-taclandirdi"],"_links":{"self":[{"href":"https:\/\/archive.sana.sy\/tr\/index.php?rest_route=\/wp\/v2\/posts\/5515","targetHints":{"allow":["GET"]}}],"collection":[{"href":"https:\/\/archive.sana.sy\/tr\/index.php?rest_route=\/wp\/v2\/posts"}],"about":[{"href":"https:\/\/archive.sana.sy\/tr\/index.php?rest_route=\/wp\/v2\/types\/post"}],"author":[{"embeddable":true,"href":"https:\/\/archive.sana.sy\/tr\/index.php?rest_route=\/wp\/v2\/users\/1"}],"replies":[{"embeddable":true,"href":"https:\/\/archive.sana.sy\/tr\/index.php?rest_route=%2Fwp%2Fv2%2Fcomments&post=5515"}],"version-history":[{"count":0,"href":"https:\/\/archive.sana.sy\/tr\/index.php?rest_route=\/wp\/v2\/posts\/5515\/revisions"}],"wp:featuredmedia":[{"embeddable":true,"href":"https:\/\/archive.sana.sy\/tr\/index.php?rest_route=\/wp\/v2\/media\/5516"}],"wp:attachment":[{"href":"https:\/\/archive.sana.sy\/tr\/index.php?rest_route=%2Fwp%2Fv2%2Fmedia&parent=5515"}],"wp:term":[{"taxonomy":"category","embeddable":true,"href":"https:\/\/archive.sana.sy\/tr\/index.php?rest_route=%2Fwp%2Fv2%2Fcategories&post=5515"},{"taxonomy":"post_tag","embeddable":true,"href":"https:\/\/archive.sana.sy\/tr\/index.php?rest_route=%2Fwp%2Fv2%2Ftags&post=5515"}],"curies":[{"name":"wp","href":"https:\/\/api.w.org\/{rel}","templated":true}]}}