{"id":55154,"date":"2015-12-13T09:10:16","date_gmt":"2015-12-13T07:10:16","guid":{"rendered":"http:\/\/www.sana.sy\/tr\/?p=55154"},"modified":"2015-12-13T09:10:16","modified_gmt":"2015-12-13T07:10:16","slug":"lazkiyede-patlayici-ve-funye-yuklu-bir-arac-ele-gecirildi","status":"publish","type":"post","link":"https:\/\/archive.sana.sy\/tr\/?p=55154","title":{"rendered":"Lazkiye\u2019de Patlay\u0131c\u0131 ve F\u00fcnye Y\u00fckl\u00fc Bir Ara\u00e7 Ele Ge\u00e7irildi"},"content":{"rendered":"<p>LAZK\u0130YE \u2013 G\u00fcvenlik Birimlerimiz d\u00fcn Lazkiye\u2019de Ceble y\u00f6n\u00fcnde seyreden patlay\u0131c\u0131 ve f\u00fcnye y\u00fckl\u00fc bir araca el koyarak ara\u00e7ta bulunan ve araca refakat eden \u015fah\u0131slar\u0131 tutuklad\u0131.<\/p>\n<p>Lazkiye Valili\u011finde Yetkili Bir Kaynak SANA muhabirine yapt\u0131\u011f\u0131 a\u00e7\u0131klamada Ceble kendi y\u00f6n\u00fcnde seyreden ve i\u00e7inde b\u00fcy\u00fck miktarda patlay\u0131c\u0131-f\u00fcnye bulunan Skoda t\u00fcr\u00fc bir araca el konuldu\u011funu ifade ederek ara\u00e7ta bulunan \u015fof\u00f6r ve refakat\u00e7ilerinin de tutukland\u0131\u011f\u0131n\u0131 belirtti.<\/p>\n<p>Kaynak; ara\u00e7ta bulunan \u015fof\u00f6r ve refakat\u00e7isinin sorgu s\u0131ras\u0131nda patlay\u0131c\u0131lar\u0131 Halep kendinden ald\u0131klar\u0131n\u0131 ve ve bu patlay\u0131c\u0131larla Ceble Kentinde FAW marka bir araca patlay\u0131c\u0131 d\u00fczene\u011fi haz\u0131rlamay\u0131 planlad\u0131klar\u0131n\u0131 itiraf ettiklerini dikkat \u00e7ekerek s\u00f6z konusu FAW markal\u0131 arac\u0131n da ele ge\u00e7irildi\u011fini aktard\u0131.<\/p>\n<div id='gallery-1' class='gallery galleryid-55154 gallery-columns-2 gallery-size-large'><figure class='gallery-item'>\n\t\t\t<div class='gallery-icon landscape'>\n\t\t\t\t<a href='https:\/\/archive.sana.sy\/tr\/wp-content\/uploads\/2015\/12\/lazkiye-2-1.jpg'><img loading=\"lazy\" decoding=\"async\" width=\"618\" height=\"346\" src=\"https:\/\/archive.sana.sy\/tr\/wp-content\/uploads\/2015\/12\/lazkiye-2-1.jpg\" class=\"attachment-large size-large\" alt=\"\" srcset=\"https:\/\/archive.sana.sy\/tr\/wp-content\/uploads\/2015\/12\/lazkiye-2-1.jpg 660w, https:\/\/archive.sana.sy\/tr\/wp-content\/uploads\/2015\/12\/lazkiye-2-1-150x84.jpg 150w, https:\/\/archive.sana.sy\/tr\/wp-content\/uploads\/2015\/12\/lazkiye-2-1-300x168.jpg 300w\" sizes=\"auto, (max-width: 618px) 100vw, 618px\" \/><\/a>\n\t\t\t<\/div><\/figure><figure class='gallery-item'>\n\t\t\t<div class='gallery-icon landscape'>\n\t\t\t\t<a href='https:\/\/archive.sana.sy\/tr\/wp-content\/uploads\/2015\/12\/lazkiye-3-1.jpg'><img loading=\"lazy\" decoding=\"async\" width=\"618\" height=\"464\" src=\"https:\/\/archive.sana.sy\/tr\/wp-content\/uploads\/2015\/12\/lazkiye-3-1.jpg\" class=\"attachment-large size-large\" alt=\"\" srcset=\"https:\/\/archive.sana.sy\/tr\/wp-content\/uploads\/2015\/12\/lazkiye-3-1.jpg 852w, https:\/\/archive.sana.sy\/tr\/wp-content\/uploads\/2015\/12\/lazkiye-3-1-150x113.jpg 150w, https:\/\/archive.sana.sy\/tr\/wp-content\/uploads\/2015\/12\/lazkiye-3-1-300x225.jpg 300w, https:\/\/archive.sana.sy\/tr\/wp-content\/uploads\/2015\/12\/lazkiye-3-1-768x577.jpg 768w\" sizes=\"auto, (max-width: 618px) 100vw, 618px\" \/><\/a>\n\t\t\t<\/div><\/figure>\n\t\t<\/div>\n\n<p>F.B. &#8211; R.H.<\/p>\n","protected":false},"excerpt":{"rendered":"<p>LAZK\u0130YE \u2013 G\u00fcvenlik Birimlerimiz d\u00fcn Lazkiye\u2019de Ceble y\u00f6n\u00fcnde seyreden patlay\u0131c\u0131 ve f\u00fcnye y\u00fckl\u00fc bir araca el koyarak ara\u00e7ta bulunan ve araca refakat eden \u015fah\u0131slar\u0131 tutuklad\u0131. Lazkiye Valili\u011finde Yetkili Bir Kaynak SANA muhabirine yapt\u0131\u011f\u0131 a\u00e7\u0131klamada Ceble kendi y\u00f6n\u00fcnde seyreden ve i\u00e7inde b\u00fcy\u00fck miktarda patlay\u0131c\u0131-f\u00fcnye bulunan Skoda t\u00fcr\u00fc bir araca el konuldu\u011funu ifade ederek ara\u00e7ta bulunan \u015fof\u00f6r &hellip;<\/p>\n","protected":false},"author":1,"featured_media":55155,"comment_status":"closed","ping_status":"closed","sticky":false,"template":"","format":"standard","meta":{"footnotes":""},"categories":[479,575,478],"tags":[18074],"class_list":["post-55154","post","type-post","status-publish","format-standard","has-post-thumbnail","","category-haberler-yerel","category-olaylar-ve-gercekler","category-yerel","tag-lazkiyede-patlayici-ve-funye-yuklu-bir-arac-ele-gecirildi"],"_links":{"self":[{"href":"https:\/\/archive.sana.sy\/tr\/index.php?rest_route=\/wp\/v2\/posts\/55154","targetHints":{"allow":["GET"]}}],"collection":[{"href":"https:\/\/archive.sana.sy\/tr\/index.php?rest_route=\/wp\/v2\/posts"}],"about":[{"href":"https:\/\/archive.sana.sy\/tr\/index.php?rest_route=\/wp\/v2\/types\/post"}],"author":[{"embeddable":true,"href":"https:\/\/archive.sana.sy\/tr\/index.php?rest_route=\/wp\/v2\/users\/1"}],"replies":[{"embeddable":true,"href":"https:\/\/archive.sana.sy\/tr\/index.php?rest_route=%2Fwp%2Fv2%2Fcomments&post=55154"}],"version-history":[{"count":0,"href":"https:\/\/archive.sana.sy\/tr\/index.php?rest_route=\/wp\/v2\/posts\/55154\/revisions"}],"wp:featuredmedia":[{"embeddable":true,"href":"https:\/\/archive.sana.sy\/tr\/index.php?rest_route=\/wp\/v2\/media\/55155"}],"wp:attachment":[{"href":"https:\/\/archive.sana.sy\/tr\/index.php?rest_route=%2Fwp%2Fv2%2Fmedia&parent=55154"}],"wp:term":[{"taxonomy":"category","embeddable":true,"href":"https:\/\/archive.sana.sy\/tr\/index.php?rest_route=%2Fwp%2Fv2%2Fcategories&post=55154"},{"taxonomy":"post_tag","embeddable":true,"href":"https:\/\/archive.sana.sy\/tr\/index.php?rest_route=%2Fwp%2Fv2%2Ftags&post=55154"}],"curies":[{"name":"wp","href":"https:\/\/api.w.org\/{rel}","templated":true}]}}