{"id":55159,"date":"2015-12-13T11:00:15","date_gmt":"2015-12-13T09:00:15","guid":{"rendered":"http:\/\/www.sana.sy\/tr\/?p=55159"},"modified":"2015-12-13T12:52:30","modified_gmt":"2015-12-13T10:52:30","slug":"halaki-hukumet-butun-zorluklara-ragmen-vatandaslarin-temel-ihtiyaclarini-karsiliyor","status":"publish","type":"post","link":"https:\/\/archive.sana.sy\/tr\/?p=55159","title":{"rendered":"Halaki: H\u00fck\u00fcmet B\u00fct\u00fcn Zorluklara Ra\u011fmen Vatanda\u015flar\u0131n Temel \u0130htiya\u00e7lar\u0131n\u0131 Kar\u015f\u0131l\u0131yor (video)"},"content":{"rendered":"<p>\u015eAM \u2013 Ba\u015fbakan Vail el Halaki, h\u00fck\u00fcmetin maruz kald\u0131\u011f\u0131 ter\u00f6r sald\u0131r\u0131lar ve ekonomik yapt\u0131r\u0131mlara kar\u015f\u0131 acil \u00e7\u00f6z\u00fcm y\u00f6ntemleri geli\u015ftirerek ter\u00f6rle m\u00fccadeleye paralel olarak ve hi\u00e7bir taviz vermeden vatanda\u015flar\u0131n ya\u015famsal temel ihtiya\u00e7lar\u0131n\u0131 kar\u015f\u0131lamay\u0131 ba\u015fard\u0131\u011f\u0131n\u0131 ifade etti.<\/p>\n<p>\u015eam K\u0131rsal\u0131nda el Tell Kentinde bulunan Parti Haz\u0131rl\u0131k Okulundaki Parti Haz\u0131rl\u0131k Kursu kat\u0131l\u0131mc\u0131lar\u0131yla d\u00fcn bir araya gelen Halaki; h\u00fck\u00fcmetin ya\u015fanmakta olan kriz ko\u015fullar\u0131nda b\u00fct\u00fcn zorluklara ve meydan okumalara ba\u015far\u0131yla g\u00f6\u011f\u00fcs gerdi\u011fini dile getirerek Suriye\u2019nin dillere destan direni\u015finin mayas\u0131nda Cumhurba\u015fkan\u0131 Be\u015f\u015far el Esad\u2019\u0131n g\u00fc\u00e7l\u00fc \u00f6ng\u00f6r\u00fc ve cesaretinin yan\u0131 s\u0131ra kahraman ordumuz ve vefal\u0131 halk\u0131m\u0131z\u0131n vatan\u0131na duydu\u011fu ba\u011fl\u0131l\u0131k bulundu\u011funu belirtti.<\/p>\n<p>H\u00fck\u00fcmetin siyasi, ekonomik, sosyal ve di\u011fer b\u00fct\u00fcn alanlardaki faaliyet ve planlar\u0131na ili\u015fkin anlat\u0131mlarda bulunan Halaki; \u00f6n\u00fcm\u00fczdeki s\u00fcre\u00e7te h\u00fck\u00fcmet faaliyetlerinin, ter\u00f6r olaylar\u0131 sonucu hasar g\u00f6ren b\u00f6lge, kurum ve kurulu\u015flar\u0131n yeniden in\u015fas\u0131 ve vatanda\u015flara sunulan hizmet seviyesinin \u00fcst d\u00fczeylere y\u00fckseltilmesi y\u00f6n\u00fcnde s\u00fcrece\u011fini beyan etti.<\/p>\n<p>Parti kadrolar\u0131n\u0131n \u00f6n\u00fcm\u00fczdeki s\u00fcre\u00e7te b\u00fcy\u00fck bir misyona sahip olacaklar\u0131na i\u015faret eden Halaki; tekfirci d\u00fc\u015f\u00fcncelere kar\u015f\u0131 toplumsal yap\u0131y\u0131 g\u00fc\u00e7lendirmek i\u00e7in toplumun b\u00fct\u00fcn kesimlerinin bilin\u00e7lendirilmesi ve g\u00fc\u00e7lendirilmesi gerekti\u011fini ve bu g\u00f6revin parti kadrolar\u0131n\u0131n omuzlar\u0131nda oldu\u011funu ibraz etti.<\/p>\n<div id='gallery-1' class='gallery galleryid-55159 gallery-columns-2 gallery-size-large'><figure class='gallery-item'>\n\t\t\t<div class='gallery-icon landscape'>\n\t\t\t\t<a href='https:\/\/archive.sana.sy\/tr\/wp-content\/uploads\/2015\/12\/halaki-1.jpg'><img loading=\"lazy\" decoding=\"async\" width=\"618\" height=\"346\" src=\"https:\/\/archive.sana.sy\/tr\/wp-content\/uploads\/2015\/12\/halaki-1.jpg\" class=\"attachment-large size-large\" alt=\"\" srcset=\"https:\/\/archive.sana.sy\/tr\/wp-content\/uploads\/2015\/12\/halaki-1.jpg 660w, https:\/\/archive.sana.sy\/tr\/wp-content\/uploads\/2015\/12\/halaki-1-150x84.jpg 150w, https:\/\/archive.sana.sy\/tr\/wp-content\/uploads\/2015\/12\/halaki-1-300x168.jpg 300w\" sizes=\"auto, (max-width: 618px) 100vw, 618px\" \/><\/a>\n\t\t\t<\/div><\/figure><figure class='gallery-item'>\n\t\t\t<div class='gallery-icon landscape'>\n\t\t\t\t<a href='https:\/\/archive.sana.sy\/tr\/wp-content\/uploads\/2015\/12\/halaki-2.jpg'><img loading=\"lazy\" decoding=\"async\" width=\"618\" height=\"346\" src=\"https:\/\/archive.sana.sy\/tr\/wp-content\/uploads\/2015\/12\/halaki-2.jpg\" class=\"attachment-large size-large\" alt=\"\" srcset=\"https:\/\/archive.sana.sy\/tr\/wp-content\/uploads\/2015\/12\/halaki-2.jpg 660w, https:\/\/archive.sana.sy\/tr\/wp-content\/uploads\/2015\/12\/halaki-2-150x84.jpg 150w, https:\/\/archive.sana.sy\/tr\/wp-content\/uploads\/2015\/12\/halaki-2-300x168.jpg 300w\" sizes=\"auto, (max-width: 618px) 100vw, 618px\" \/><\/a>\n\t\t\t<\/div><\/figure>\n\t\t<\/div>\n\n<p>https:\/\/www.youtube.com\/watch?v=SYxi4G6cMNI<\/p>\n<p>F.B. &#8211; R.H.<\/p>\n","protected":false},"excerpt":{"rendered":"<p>\u015eAM \u2013 Ba\u015fbakan Vail el Halaki, h\u00fck\u00fcmetin maruz kald\u0131\u011f\u0131 ter\u00f6r sald\u0131r\u0131lar ve ekonomik yapt\u0131r\u0131mlara kar\u015f\u0131 acil \u00e7\u00f6z\u00fcm y\u00f6ntemleri geli\u015ftirerek ter\u00f6rle m\u00fccadeleye paralel olarak ve hi\u00e7bir taviz vermeden vatanda\u015flar\u0131n ya\u015famsal temel ihtiya\u00e7lar\u0131n\u0131 kar\u015f\u0131lamay\u0131 ba\u015fard\u0131\u011f\u0131n\u0131 ifade etti. \u015eam K\u0131rsal\u0131nda el Tell Kentinde bulunan Parti Haz\u0131rl\u0131k Okulundaki Parti Haz\u0131rl\u0131k Kursu kat\u0131l\u0131mc\u0131lar\u0131yla d\u00fcn bir araya gelen Halaki; h\u00fck\u00fcmetin ya\u015fanmakta &hellip;<\/p>\n","protected":false},"author":1,"featured_media":55160,"comment_status":"closed","ping_status":"closed","sticky":false,"template":"","format":"standard","meta":{"footnotes":""},"categories":[479,17988,478],"tags":[18075],"class_list":["post-55159","post","type-post","status-publish","format-standard","has-post-thumbnail","","category-haberler-yerel","category-son-haberler","category-yerel","tag-halaki-hukumet-butun-zorluklara-ragmen-vatandaslarin-temel-ihtiyaclarini-karsiliyor"],"_links":{"self":[{"href":"https:\/\/archive.sana.sy\/tr\/index.php?rest_route=\/wp\/v2\/posts\/55159","targetHints":{"allow":["GET"]}}],"collection":[{"href":"https:\/\/archive.sana.sy\/tr\/index.php?rest_route=\/wp\/v2\/posts"}],"about":[{"href":"https:\/\/archive.sana.sy\/tr\/index.php?rest_route=\/wp\/v2\/types\/post"}],"author":[{"embeddable":true,"href":"https:\/\/archive.sana.sy\/tr\/index.php?rest_route=\/wp\/v2\/users\/1"}],"replies":[{"embeddable":true,"href":"https:\/\/archive.sana.sy\/tr\/index.php?rest_route=%2Fwp%2Fv2%2Fcomments&post=55159"}],"version-history":[{"count":0,"href":"https:\/\/archive.sana.sy\/tr\/index.php?rest_route=\/wp\/v2\/posts\/55159\/revisions"}],"wp:featuredmedia":[{"embeddable":true,"href":"https:\/\/archive.sana.sy\/tr\/index.php?rest_route=\/wp\/v2\/media\/55160"}],"wp:attachment":[{"href":"https:\/\/archive.sana.sy\/tr\/index.php?rest_route=%2Fwp%2Fv2%2Fmedia&parent=55159"}],"wp:term":[{"taxonomy":"category","embeddable":true,"href":"https:\/\/archive.sana.sy\/tr\/index.php?rest_route=%2Fwp%2Fv2%2Fcategories&post=55159"},{"taxonomy":"post_tag","embeddable":true,"href":"https:\/\/archive.sana.sy\/tr\/index.php?rest_route=%2Fwp%2Fv2%2Ftags&post=55159"}],"curies":[{"name":"wp","href":"https:\/\/api.w.org\/{rel}","templated":true}]}}