{"id":55164,"date":"2015-12-13T09:15:11","date_gmt":"2015-12-13T07:15:11","guid":{"rendered":"http:\/\/www.sana.sy\/tr\/?p=55164"},"modified":"2015-12-13T16:07:05","modified_gmt":"2015-12-13T14:07:05","slug":"odessada-suriye-fahri-konsoloslugunun-katilimiyla-noel-hayir-kermesi-acildi","status":"publish","type":"post","link":"https:\/\/archive.sana.sy\/tr\/?p=55164","title":{"rendered":"Odessa\u2019da Suriye Fahri Konsoloslu\u011funun Kat\u0131l\u0131m\u0131yla Noel Hay\u0131r Kermesi A\u00e7\u0131ld\u0131"},"content":{"rendered":"<p>ODESSA \u2013 Ukrayna\u2019n\u0131n Odessa kentinde 5. Noel Diplomatik Hay\u0131r Kermesi, Suriye Fahri Konsoloslu\u011funun kat\u0131l\u0131m\u0131 ile a\u00e7\u0131ld\u0131.<\/p>\n<p>Odessa Liman\u0131nda bulunan Fuar Merkezinde a\u00e7\u0131lan kermes Ukrayna D\u0131\u015fi\u015fleri Bakanl\u0131\u011f\u0131n\u0131n deste\u011fi ile Odesa Kentindeki Diplomatlar taraf\u0131ndan d\u00fczenleniyor.<\/p>\n<p>Bilinece\u011fi \u00fczere Noel Hay\u0131r Kermesi her y\u0131l farkl\u0131 \u00fclkelerin gelenek ve g\u00f6reneklerini tan\u0131tmak amac\u0131yla d\u00fczenleniyor. Kermeste el i\u015fleri, geleneksel yemekler, t\u0131bbi malzemeler, \u00e7ocuk \u00fcr\u00fcnleri ve daha bir\u00e7ok stant yer al\u0131yor.<\/p>\n<div id='gallery-1' class='gallery galleryid-55164 gallery-columns-2 gallery-size-medium'><figure class='gallery-item'>\n\t\t\t<div class='gallery-icon landscape'>\n\t\t\t\t<a href='https:\/\/archive.sana.sy\/tr\/wp-content\/uploads\/2015\/12\/Fuar-2.gif'><img loading=\"lazy\" decoding=\"async\" width=\"300\" height=\"200\" src=\"https:\/\/archive.sana.sy\/tr\/wp-content\/uploads\/2015\/12\/Fuar-2-300x200.gif\" class=\"attachment-medium size-medium\" alt=\"\" srcset=\"https:\/\/archive.sana.sy\/tr\/wp-content\/uploads\/2015\/12\/Fuar-2-300x200.gif 300w, https:\/\/archive.sana.sy\/tr\/wp-content\/uploads\/2015\/12\/Fuar-2-150x100.gif 150w\" sizes=\"auto, (max-width: 300px) 100vw, 300px\" \/><\/a>\n\t\t\t<\/div><\/figure><figure class='gallery-item'>\n\t\t\t<div class='gallery-icon landscape'>\n\t\t\t\t<a href='https:\/\/archive.sana.sy\/tr\/wp-content\/uploads\/2015\/12\/Fuar-3.gif'><img loading=\"lazy\" decoding=\"async\" width=\"300\" height=\"200\" src=\"https:\/\/archive.sana.sy\/tr\/wp-content\/uploads\/2015\/12\/Fuar-3-300x200.gif\" class=\"attachment-medium size-medium\" alt=\"\" srcset=\"https:\/\/archive.sana.sy\/tr\/wp-content\/uploads\/2015\/12\/Fuar-3-300x200.gif 300w, https:\/\/archive.sana.sy\/tr\/wp-content\/uploads\/2015\/12\/Fuar-3-150x100.gif 150w\" sizes=\"auto, (max-width: 300px) 100vw, 300px\" \/><\/a>\n\t\t\t<\/div><\/figure>\n\t\t<\/div>\n\n<p>F.B. &#8211; R.H.<\/p>\n","protected":false},"excerpt":{"rendered":"<p>ODESSA \u2013 Ukrayna\u2019n\u0131n Odessa kentinde 5. Noel Diplomatik Hay\u0131r Kermesi, Suriye Fahri Konsoloslu\u011funun kat\u0131l\u0131m\u0131 ile a\u00e7\u0131ld\u0131. Odessa Liman\u0131nda bulunan Fuar Merkezinde a\u00e7\u0131lan kermes Ukrayna D\u0131\u015fi\u015fleri Bakanl\u0131\u011f\u0131n\u0131n deste\u011fi ile Odesa Kentindeki Diplomatlar taraf\u0131ndan d\u00fczenleniyor. Bilinece\u011fi \u00fczere Noel Hay\u0131r Kermesi her y\u0131l farkl\u0131 \u00fclkelerin gelenek ve g\u00f6reneklerini tan\u0131tmak amac\u0131yla d\u00fczenleniyor. Kermeste el i\u015fleri, geleneksel yemekler, t\u0131bbi malzemeler, &hellip;<\/p>\n","protected":false},"author":1,"featured_media":55167,"comment_status":"closed","ping_status":"closed","sticky":false,"template":"","format":"standard","meta":{"footnotes":""},"categories":[458,485,459,486,17988],"tags":[18076],"class_list":["post-55164","post","type-post","status-publish","format-standard","has-post-thumbnail","","category-dunya1","category-is-ve-sermaye","category-haberler-arap-uluslararasi-politika","category-haberler-is-ve-sermaye","category-son-haberler","tag-odessada-suriye-fahri-konsoloslugunun-katilimiyla-noel-hayir-kermesi-acildi"],"_links":{"self":[{"href":"https:\/\/archive.sana.sy\/tr\/index.php?rest_route=\/wp\/v2\/posts\/55164","targetHints":{"allow":["GET"]}}],"collection":[{"href":"https:\/\/archive.sana.sy\/tr\/index.php?rest_route=\/wp\/v2\/posts"}],"about":[{"href":"https:\/\/archive.sana.sy\/tr\/index.php?rest_route=\/wp\/v2\/types\/post"}],"author":[{"embeddable":true,"href":"https:\/\/archive.sana.sy\/tr\/index.php?rest_route=\/wp\/v2\/users\/1"}],"replies":[{"embeddable":true,"href":"https:\/\/archive.sana.sy\/tr\/index.php?rest_route=%2Fwp%2Fv2%2Fcomments&post=55164"}],"version-history":[{"count":0,"href":"https:\/\/archive.sana.sy\/tr\/index.php?rest_route=\/wp\/v2\/posts\/55164\/revisions"}],"wp:featuredmedia":[{"embeddable":true,"href":"https:\/\/archive.sana.sy\/tr\/index.php?rest_route=\/wp\/v2\/media\/55167"}],"wp:attachment":[{"href":"https:\/\/archive.sana.sy\/tr\/index.php?rest_route=%2Fwp%2Fv2%2Fmedia&parent=55164"}],"wp:term":[{"taxonomy":"category","embeddable":true,"href":"https:\/\/archive.sana.sy\/tr\/index.php?rest_route=%2Fwp%2Fv2%2Fcategories&post=55164"},{"taxonomy":"post_tag","embeddable":true,"href":"https:\/\/archive.sana.sy\/tr\/index.php?rest_route=%2Fwp%2Fv2%2Ftags&post=55164"}],"curies":[{"name":"wp","href":"https:\/\/api.w.org\/{rel}","templated":true}]}}