{"id":55169,"date":"2015-12-13T13:21:31","date_gmt":"2015-12-13T11:21:31","guid":{"rendered":"http:\/\/www.sana.sy\/tr\/?p=55169"},"modified":"2015-12-13T13:21:31","modified_gmt":"2015-12-13T11:21:31","slug":"viyana-toplantilarina-aykiridir","status":"publish","type":"post","link":"https:\/\/archive.sana.sy\/tr\/?p=55169","title":{"rendered":"Viyana Toplant\u0131lar\u0131na Ayk\u0131r\u0131d\u0131r"},"content":{"rendered":"<p>TAHRAN \u2013 \u0130ran D\u0131\u015fi\u015fleri Bakan\u0131 Yard\u0131mc\u0131s\u0131 H\u00fcseyin Emir Abd\u00fcllehyan \u0130ran\u2019\u0131n Suudi rejiminin Riyad\u2019ta \u2018Suriye muhalefeti\u2019 ad\u0131 alt\u0131nda d\u00fczenledi\u011fi bulu\u015fma ve Suudi rejiminin \u2018Suriye muhalefet heyetini\u2019 te\u015fkil etme \u00e7abalar\u0131n\u0131 reddetti\u011fini belirterek, t\u00fcm bunlar\u0131n Viyana\u2019da \u00fcst\u00fcne anla\u015f\u0131lan ilkelerle \u00e7eli\u015fti\u011finin alt\u0131n\u0131 \u00e7izdi.<\/p>\n<p>Abd\u00fcllehyan BM Suriye temsilcisi Staffan de Mistura ile telefon g\u00f6r\u00fc\u015fmesinde; Suriye&#8217;deki krizin ancak ve ancak diyalog ve siyasi \u00e7\u00f6z\u00fcme inanan muhalefet ile Suriye h\u00fck\u00fcmeti aras\u0131nda diyalog yoluyla sa\u011flanacak bar\u0131\u015f\u00e7\u0131l yollarla m\u00fcmk\u00fcn oldu\u011funun alt\u0131n\u0131 \u00e7izdi. Suriye&#8217;de siyasi \u00e7\u00f6z\u00fcme inanan muhalif gruplar listesi ve ter\u00f6r \u00f6rg\u00fctleri listesi haz\u0131rlaman\u0131n BM\u2019nin g\u00f6revi oldu\u011funa dikkat \u00e7eken Abd\u00fcllehyan; \u0130ran\u2019\u0131n bu y\u00f6ndeki \u00e7abalar\u0131 destekledi\u011fini s\u00f6yledi.<\/p>\n<p>Telefon g\u00f6r\u00fc\u015fmesinde de Mistura \u0130ran\u2019\u0131n Suriye&#8217;deki krizin \u00e7\u00f6z\u00fcm\u00fcnde \u00f6nemli bir role sahip odlu\u011funa vurgu yapt\u0131.<\/p>\n<p>R.H.<\/p>\n","protected":false},"excerpt":{"rendered":"<p>TAHRAN \u2013 \u0130ran D\u0131\u015fi\u015fleri Bakan\u0131 Yard\u0131mc\u0131s\u0131 H\u00fcseyin Emir Abd\u00fcllehyan \u0130ran\u2019\u0131n Suudi rejiminin Riyad\u2019ta \u2018Suriye muhalefeti\u2019 ad\u0131 alt\u0131nda d\u00fczenledi\u011fi bulu\u015fma ve Suudi rejiminin \u2018Suriye muhalefet heyetini\u2019 te\u015fkil etme \u00e7abalar\u0131n\u0131 reddetti\u011fini belirterek, t\u00fcm bunlar\u0131n Viyana\u2019da \u00fcst\u00fcne anla\u015f\u0131lan ilkelerle \u00e7eli\u015fti\u011finin alt\u0131n\u0131 \u00e7izdi. Abd\u00fcllehyan BM Suriye temsilcisi Staffan de Mistura ile telefon g\u00f6r\u00fc\u015fmesinde; Suriye&#8217;deki krizin ancak ve ancak diyalog &hellip;<\/p>\n","protected":false},"author":1,"featured_media":55173,"comment_status":"closed","ping_status":"closed","sticky":false,"template":"","format":"standard","meta":{"footnotes":""},"categories":[458,459,17988],"tags":[18077],"class_list":["post-55169","post","type-post","status-publish","format-standard","has-post-thumbnail","","category-dunya1","category-haberler-arap-uluslararasi-politika","category-son-haberler","tag-viyana-toplantilarina-aykiridir"],"_links":{"self":[{"href":"https:\/\/archive.sana.sy\/tr\/index.php?rest_route=\/wp\/v2\/posts\/55169","targetHints":{"allow":["GET"]}}],"collection":[{"href":"https:\/\/archive.sana.sy\/tr\/index.php?rest_route=\/wp\/v2\/posts"}],"about":[{"href":"https:\/\/archive.sana.sy\/tr\/index.php?rest_route=\/wp\/v2\/types\/post"}],"author":[{"embeddable":true,"href":"https:\/\/archive.sana.sy\/tr\/index.php?rest_route=\/wp\/v2\/users\/1"}],"replies":[{"embeddable":true,"href":"https:\/\/archive.sana.sy\/tr\/index.php?rest_route=%2Fwp%2Fv2%2Fcomments&post=55169"}],"version-history":[{"count":0,"href":"https:\/\/archive.sana.sy\/tr\/index.php?rest_route=\/wp\/v2\/posts\/55169\/revisions"}],"wp:featuredmedia":[{"embeddable":true,"href":"https:\/\/archive.sana.sy\/tr\/index.php?rest_route=\/wp\/v2\/media\/55173"}],"wp:attachment":[{"href":"https:\/\/archive.sana.sy\/tr\/index.php?rest_route=%2Fwp%2Fv2%2Fmedia&parent=55169"}],"wp:term":[{"taxonomy":"category","embeddable":true,"href":"https:\/\/archive.sana.sy\/tr\/index.php?rest_route=%2Fwp%2Fv2%2Fcategories&post=55169"},{"taxonomy":"post_tag","embeddable":true,"href":"https:\/\/archive.sana.sy\/tr\/index.php?rest_route=%2Fwp%2Fv2%2Ftags&post=55169"}],"curies":[{"name":"wp","href":"https:\/\/api.w.org\/{rel}","templated":true}]}}