{"id":55193,"date":"2015-12-13T15:29:52","date_gmt":"2015-12-13T13:29:52","guid":{"rendered":"http:\/\/www.sana.sy\/tr\/?p=55193"},"modified":"2015-12-14T16:35:59","modified_gmt":"2015-12-14T14:35:59","slug":"ulusal-uzlasmalar-onceliklidir","status":"publish","type":"post","link":"https:\/\/archive.sana.sy\/tr\/?p=55193","title":{"rendered":"Ulusal Uzla\u015fmalar \u00d6nceliklidir"},"content":{"rendered":"<p>\u015eAM \u2013 Ba\u015fbakan Yard\u0131mc\u0131s\u0131 D\u0131\u015fi\u015fleri ve Gurbet\u00e7iler Bakan\u0131 Velid el Muallim; BM genel sekreterinin insani i\u015fler vekili Stephen O\u2019Brien ve ona e\u015flik eden heyeti kabul etti.<\/p>\n<p><img loading=\"lazy\" decoding=\"async\" class=\"alignright wp-image-55198 size-medium\" src=\"http:\/\/www.sana.sy\/tr\/wp-content\/uploads\/2015\/12\/1-7-300x150.jpg\" alt=\"1\" width=\"300\" height=\"150\" srcset=\"https:\/\/archive.sana.sy\/tr\/wp-content\/uploads\/2015\/12\/1-7-300x150.jpg 300w, https:\/\/archive.sana.sy\/tr\/wp-content\/uploads\/2015\/12\/1-7-150x75.jpg 150w, https:\/\/archive.sana.sy\/tr\/wp-content\/uploads\/2015\/12\/1-7.jpg 660w\" sizes=\"auto, (max-width: 300px) 100vw, 300px\" \/>G\u00f6r\u00fc\u015fmede Muallim BM\u2019ye tabi \u00f6rg\u00fctlerin \u00e7al\u0131\u015fmalar\u0131 ve alanlar\u0131 kapsam\u0131nda insani konulara ve insani yard\u0131m takdim etmeye ba\u011fl\u0131 kalmalar\u0131 \u00f6nemine dikkat \u00e7ekti.<\/p>\n<p>Suriye&#8217;nin \u00fclke genelinde g\u00fcvenlik ve istikrar\u0131n sa\u011flanmas\u0131 program\u0131nda ulusal uzla\u015fmalara \u00f6ncelik ve b\u00fcy\u00fck \u00f6nem verdi\u011fini belirten Muallim; bu y\u00f6nde sa\u011flanan ba\u015far\u0131lara i\u015faret etti.<\/p>\n<p>O\u2019Brien Suriye&#8217;ye ziyaretinin Suriye halk\u0131na insani yard\u0131m \u00e7al\u0131\u015fmalar\u0131 ve ger\u00e7ek durumu yak\u0131ndan izleme ama\u00e7l\u0131 oldu\u011funa dikkat \u00e7ekerken, Suriye h\u00fck\u00fcmetinin BM \u00f6rg\u00fctlerine sa\u011flad\u0131\u011f\u0131 kolayl\u0131klar\u0131n takdire \u015fayan oldu\u011funu s\u00f6yledi. O\u2019Brien insani \u00e7al\u0131\u015fmalarda Suriye h\u00fck\u00fcmeti ile BM \u00f6rg\u00fctleri aras\u0131ndaki i\u015fbirli\u011fi ve koordinasyonun devam etmesi temennisinde bulundu.<\/p>\n<p>Muallim ile g\u00f6r\u00fc\u015fmesinden \u00f6nce O\u2019Brien D\u0131\u015fi\u015fleri ve Gurbet\u00e7iler Bakan\u0131 Yard\u0131mc\u0131s\u0131 Faysal Mikdat ile bir araya gelerek insani yard\u0131mlar\u0131n ihtiya\u00e7 sahiplerine ula\u015ft\u0131r\u0131lmas\u0131 konusunu ayr\u0131nt\u0131l\u0131 bir \u015fekilde ele alm\u0131\u015ft\u0131.<\/p>\n","protected":false},"excerpt":{"rendered":"<p>\u015eAM \u2013 Ba\u015fbakan Yard\u0131mc\u0131s\u0131 D\u0131\u015fi\u015fleri ve Gurbet\u00e7iler Bakan\u0131 Velid el Muallim; BM genel sekreterinin insani i\u015fler vekili Stephen O\u2019Brien ve ona e\u015flik eden heyeti kabul etti. G\u00f6r\u00fc\u015fmede Muallim BM\u2019ye tabi \u00f6rg\u00fctlerin \u00e7al\u0131\u015fmalar\u0131 ve alanlar\u0131 kapsam\u0131nda insani konulara ve insani yard\u0131m takdim etmeye ba\u011fl\u0131 kalmalar\u0131 \u00f6nemine dikkat \u00e7ekti. Suriye&#8217;nin \u00fclke genelinde g\u00fcvenlik ve istikrar\u0131n sa\u011flanmas\u0131 program\u0131nda &hellip;<\/p>\n","protected":false},"author":1,"featured_media":55197,"comment_status":"closed","ping_status":"closed","sticky":false,"template":"","format":"standard","meta":{"footnotes":""},"categories":[479,17988,478],"tags":[16772,18079],"class_list":["post-55193","post","type-post","status-publish","format-standard","has-post-thumbnail","","category-haberler-yerel","category-son-haberler","category-yerel","tag-basbakan-yardimcisi-disisleri-ve-gurbetciler-bakani-velid-el-muallim","tag-bm-genel-sekreterinin-insani-isler-vekili-stephen-obrien"],"_links":{"self":[{"href":"https:\/\/archive.sana.sy\/tr\/index.php?rest_route=\/wp\/v2\/posts\/55193","targetHints":{"allow":["GET"]}}],"collection":[{"href":"https:\/\/archive.sana.sy\/tr\/index.php?rest_route=\/wp\/v2\/posts"}],"about":[{"href":"https:\/\/archive.sana.sy\/tr\/index.php?rest_route=\/wp\/v2\/types\/post"}],"author":[{"embeddable":true,"href":"https:\/\/archive.sana.sy\/tr\/index.php?rest_route=\/wp\/v2\/users\/1"}],"replies":[{"embeddable":true,"href":"https:\/\/archive.sana.sy\/tr\/index.php?rest_route=%2Fwp%2Fv2%2Fcomments&post=55193"}],"version-history":[{"count":0,"href":"https:\/\/archive.sana.sy\/tr\/index.php?rest_route=\/wp\/v2\/posts\/55193\/revisions"}],"wp:featuredmedia":[{"embeddable":true,"href":"https:\/\/archive.sana.sy\/tr\/index.php?rest_route=\/wp\/v2\/media\/55197"}],"wp:attachment":[{"href":"https:\/\/archive.sana.sy\/tr\/index.php?rest_route=%2Fwp%2Fv2%2Fmedia&parent=55193"}],"wp:term":[{"taxonomy":"category","embeddable":true,"href":"https:\/\/archive.sana.sy\/tr\/index.php?rest_route=%2Fwp%2Fv2%2Fcategories&post=55193"},{"taxonomy":"post_tag","embeddable":true,"href":"https:\/\/archive.sana.sy\/tr\/index.php?rest_route=%2Fwp%2Fv2%2Ftags&post=55193"}],"curies":[{"name":"wp","href":"https:\/\/api.w.org\/{rel}","templated":true}]}}