{"id":55196,"date":"2015-12-13T11:40:04","date_gmt":"2015-12-13T09:40:04","guid":{"rendered":"http:\/\/www.sana.sy\/tr\/?p=55196"},"modified":"2015-12-13T16:08:34","modified_gmt":"2015-12-13T14:08:34","slug":"suriyeye-yonelik-bombardimani-durdurun","status":"publish","type":"post","link":"https:\/\/archive.sana.sy\/tr\/?p=55196","title":{"rendered":"Suriye&#8217;ye Y\u00f6nelik Bombard\u0131man\u0131 Durdurun"},"content":{"rendered":"<p>LONDRA \u2013 \u0130ngiltere&#8217;nin ABD komutas\u0131nda I\u015e\u0130D\u2019e y\u00f6nelik s\u00f6zde te\u015fkil edilen uluslar aras\u0131 koalisyona kat\u0131lmas\u0131 ve Suriye&#8217;de hava operasyonlar\u0131nda bulunmas\u0131n\u0131 protesto eden y\u00fczlerce ki\u015fi bug\u00fcn yeniden Londra\u2019n\u0131n merkezinde topland\u0131.<\/p>\n<p>\u0130ngiliz Daily Mail Gazetesinin aktard\u0131\u011f\u0131 haberde \u0130ngiliz y\u00fczlerce vatanda\u015f\u0131n BBC Binas\u0131 \u00f6n\u00fcnde toplanarak \u0130ngiltere Ba\u015fbakan\u0131 David Cameron\u2019un izledi\u011fi d\u0131\u015f politika ve \u0130ngiltere&#8217;nin uluslar aras\u0131 koalisyona kat\u0131lmas\u0131n\u0131 protesto etti.<\/p>\n<p>Haberde eylemciler \u2018Suriye&#8217;ye Y\u00f6nelik Bombard\u0131man\u0131 Durdurun\u2019 ve \u2018Sava\u015f Provokat\u00f6rlerini Kovun\u2019 yaz\u0131l\u0131 pankartlar\u0131n yan\u0131 s\u0131ra Cameron ve eski ba\u015fbakanlar\u0131 Tony Blair ile alay eden karikat\u00fcrler ta\u015f\u0131d\u0131\u011f\u0131 kaydedildi.<\/p>\n","protected":false},"excerpt":{"rendered":"<p>LONDRA \u2013 \u0130ngiltere&#8217;nin ABD komutas\u0131nda I\u015e\u0130D\u2019e y\u00f6nelik s\u00f6zde te\u015fkil edilen uluslar aras\u0131 koalisyona kat\u0131lmas\u0131 ve Suriye&#8217;de hava operasyonlar\u0131nda bulunmas\u0131n\u0131 protesto eden y\u00fczlerce ki\u015fi bug\u00fcn yeniden Londra\u2019n\u0131n merkezinde topland\u0131. \u0130ngiliz Daily Mail Gazetesinin aktard\u0131\u011f\u0131 haberde \u0130ngiliz y\u00fczlerce vatanda\u015f\u0131n BBC Binas\u0131 \u00f6n\u00fcnde toplanarak \u0130ngiltere Ba\u015fbakan\u0131 David Cameron\u2019un izledi\u011fi d\u0131\u015f politika ve \u0130ngiltere&#8217;nin uluslar aras\u0131 koalisyona kat\u0131lmas\u0131n\u0131 protesto &hellip;<\/p>\n","protected":false},"author":1,"featured_media":55204,"comment_status":"closed","ping_status":"closed","sticky":false,"template":"","format":"standard","meta":{"footnotes":""},"categories":[458,459,17988],"tags":[17226,10056,18081],"class_list":["post-55196","post","type-post","status-publish","format-standard","has-post-thumbnail","","category-dunya1","category-haberler-arap-uluslararasi-politika","category-son-haberler","tag-gosteri","tag-londra","tag-suriyeye-yonelik-bombardimani-durdurun"],"_links":{"self":[{"href":"https:\/\/archive.sana.sy\/tr\/index.php?rest_route=\/wp\/v2\/posts\/55196","targetHints":{"allow":["GET"]}}],"collection":[{"href":"https:\/\/archive.sana.sy\/tr\/index.php?rest_route=\/wp\/v2\/posts"}],"about":[{"href":"https:\/\/archive.sana.sy\/tr\/index.php?rest_route=\/wp\/v2\/types\/post"}],"author":[{"embeddable":true,"href":"https:\/\/archive.sana.sy\/tr\/index.php?rest_route=\/wp\/v2\/users\/1"}],"replies":[{"embeddable":true,"href":"https:\/\/archive.sana.sy\/tr\/index.php?rest_route=%2Fwp%2Fv2%2Fcomments&post=55196"}],"version-history":[{"count":0,"href":"https:\/\/archive.sana.sy\/tr\/index.php?rest_route=\/wp\/v2\/posts\/55196\/revisions"}],"wp:featuredmedia":[{"embeddable":true,"href":"https:\/\/archive.sana.sy\/tr\/index.php?rest_route=\/wp\/v2\/media\/55204"}],"wp:attachment":[{"href":"https:\/\/archive.sana.sy\/tr\/index.php?rest_route=%2Fwp%2Fv2%2Fmedia&parent=55196"}],"wp:term":[{"taxonomy":"category","embeddable":true,"href":"https:\/\/archive.sana.sy\/tr\/index.php?rest_route=%2Fwp%2Fv2%2Fcategories&post=55196"},{"taxonomy":"post_tag","embeddable":true,"href":"https:\/\/archive.sana.sy\/tr\/index.php?rest_route=%2Fwp%2Fv2%2Ftags&post=55196"}],"curies":[{"name":"wp","href":"https:\/\/api.w.org\/{rel}","templated":true}]}}