{"id":55275,"date":"2015-12-14T13:10:13","date_gmt":"2015-12-14T11:10:13","guid":{"rendered":"http:\/\/www.sana.sy\/tr\/?p=55275"},"modified":"2015-12-14T13:10:13","modified_gmt":"2015-12-14T11:10:13","slug":"atalarimizin-mirasini-nesillerimize-gururla-aktaracagiz","status":"publish","type":"post","link":"https:\/\/archive.sana.sy\/tr\/?p=55275","title":{"rendered":"Atalar\u0131m\u0131z\u0131n Miras\u0131n\u0131 Nesillerimize Gururla Aktaraca\u011f\u0131z"},"content":{"rendered":"<p>GOLAN \u2013 \u0130srail i\u015fgali alt\u0131ndaki Golan topraklar\u0131nda ya\u015fayan yurtta\u015flar\u0131m\u0131z; siyonist \u0130srail&#8217;in Suriye&#8217;nin Golan topraklar\u0131n\u0131 sanal varl\u0131\u011f\u0131na katma karar\u0131n\u0131n 34. Y\u0131ld\u00f6n\u00fcm\u00fcnde asil Suriyeli Arap kimliklerine s\u0131ms\u0131k\u0131 tutunduklar\u0131n\u0131, anavatanlar\u0131 haricinde hi\u00e7bir alternatifi kabul etmeyeceklerini bir kez daha vurgulad\u0131lar.<\/p>\n<p>Golanl\u0131 yurtta\u015flar\u0131m\u0131z \u0130srail&#8217;in dayatmalar\u0131n\u0131 ve kendi kanunlar\u0131n\u0131 Suriyelilere dayatma \u00e7abalar\u0131 ve icraatlar\u0131n\u0131 mutlak bir \u015fekilde reddettiklerini ifade ederken, anavatanlar\u0131 Suriye, ordusu ve liderinin yan\u0131nda olduklar\u0131n\u0131 vurgulad\u0131. Suriye ordusunun vatan topraklar\u0131n\u0131n her kar\u0131\u015f topra\u011f\u0131n\u0131 \u00e7ok uluslu tekfirciler ve ter\u00f6rden temizleme m\u00fccadelesini desteklediklerini ifade eden yurtta\u015flar\u0131m\u0131z, Suriye ile omuz omuza i\u015fgale ve ter\u00f6re kar\u015f\u0131 m\u00fccadelelerini azimle s\u00fcrd\u00fcreceklerini belirtti.<\/p>\n<p>Golanl\u0131lar\u0131n atalar\u0131ndan onur ve \u015fan miras\u0131 ald\u0131klar\u0131na dikkat \u00e7eken yurtta\u015flar\u0131m\u0131z Suriye&#8217;ye ba\u011fl\u0131l\u0131kla temsil olan bu miras\u0131 emanet olarak ta\u015f\u0131y\u0131p t\u00fcm nesillere aktarman\u0131n kendileri i\u00e7in bir onur te\u015fkil etti\u011fini ifade etti.<\/p>\n<p>\u0130\u015fgalci \u0130srail 14 Aral\u0131k 1981 y\u0131l\u0131nda Suriye&#8217;nin Golan topraklar\u0131n\u0131 sanal varl\u0131\u011f\u0131na katma ve kendi kanunlar\u0131n\u0131 dayatma karar\u0131 al\u0131rken; Suriye diplomasisinin \u00fcst\u00fcn \u00e7abalar\u0131 sonucunda BM G\u00fcvenlik Konseyi bu karar\u0131n kanunsuz ve ge\u00e7ersiz oldu\u011funu vurgulayan, \u0130srail\u2019den i\u015fgali alt\u0131ndaki Golan ahalisine herhangi bir dayatmada bulunmay\u0131 yasaklayan 497 say\u0131l\u0131 karar\u0131 17 Aral\u0131k 1981 tarihinde onaylad\u0131.<\/p>\n<p>R.H.<\/p>\n","protected":false},"excerpt":{"rendered":"<p>GOLAN \u2013 \u0130srail i\u015fgali alt\u0131ndaki Golan topraklar\u0131nda ya\u015fayan yurtta\u015flar\u0131m\u0131z; siyonist \u0130srail&#8217;in Suriye&#8217;nin Golan topraklar\u0131n\u0131 sanal varl\u0131\u011f\u0131na katma karar\u0131n\u0131n 34. Y\u0131ld\u00f6n\u00fcm\u00fcnde asil Suriyeli Arap kimliklerine s\u0131ms\u0131k\u0131 tutunduklar\u0131n\u0131, anavatanlar\u0131 haricinde hi\u00e7bir alternatifi kabul etmeyeceklerini bir kez daha vurgulad\u0131lar. Golanl\u0131 yurtta\u015flar\u0131m\u0131z \u0130srail&#8217;in dayatmalar\u0131n\u0131 ve kendi kanunlar\u0131n\u0131 Suriyelilere dayatma \u00e7abalar\u0131 ve icraatlar\u0131n\u0131 mutlak bir \u015fekilde reddettiklerini ifade ederken, anavatanlar\u0131 &hellip;<\/p>\n","protected":false},"author":1,"featured_media":55278,"comment_status":"closed","ping_status":"closed","sticky":false,"template":"","format":"standard","meta":{"footnotes":""},"categories":[479,17988,478],"tags":[18084],"class_list":["post-55275","post","type-post","status-publish","format-standard","has-post-thumbnail","","category-haberler-yerel","category-son-haberler","category-yerel","tag-atalarimizin-mirasini-nesillerimize-gururla-aktaracagiz"],"_links":{"self":[{"href":"https:\/\/archive.sana.sy\/tr\/index.php?rest_route=\/wp\/v2\/posts\/55275","targetHints":{"allow":["GET"]}}],"collection":[{"href":"https:\/\/archive.sana.sy\/tr\/index.php?rest_route=\/wp\/v2\/posts"}],"about":[{"href":"https:\/\/archive.sana.sy\/tr\/index.php?rest_route=\/wp\/v2\/types\/post"}],"author":[{"embeddable":true,"href":"https:\/\/archive.sana.sy\/tr\/index.php?rest_route=\/wp\/v2\/users\/1"}],"replies":[{"embeddable":true,"href":"https:\/\/archive.sana.sy\/tr\/index.php?rest_route=%2Fwp%2Fv2%2Fcomments&post=55275"}],"version-history":[{"count":0,"href":"https:\/\/archive.sana.sy\/tr\/index.php?rest_route=\/wp\/v2\/posts\/55275\/revisions"}],"wp:featuredmedia":[{"embeddable":true,"href":"https:\/\/archive.sana.sy\/tr\/index.php?rest_route=\/wp\/v2\/media\/55278"}],"wp:attachment":[{"href":"https:\/\/archive.sana.sy\/tr\/index.php?rest_route=%2Fwp%2Fv2%2Fmedia&parent=55275"}],"wp:term":[{"taxonomy":"category","embeddable":true,"href":"https:\/\/archive.sana.sy\/tr\/index.php?rest_route=%2Fwp%2Fv2%2Fcategories&post=55275"},{"taxonomy":"post_tag","embeddable":true,"href":"https:\/\/archive.sana.sy\/tr\/index.php?rest_route=%2Fwp%2Fv2%2Ftags&post=55275"}],"curies":[{"name":"wp","href":"https:\/\/api.w.org\/{rel}","templated":true}]}}