{"id":55280,"date":"2015-12-14T09:00:37","date_gmt":"2015-12-14T07:00:37","guid":{"rendered":"http:\/\/www.sana.sy\/tr\/?p=55280"},"modified":"2015-12-14T13:19:50","modified_gmt":"2015-12-14T11:19:50","slug":"direnis-gucleri-isidli-onlarca-tekfirciyi-oldurdu","status":"publish","type":"post","link":"https:\/\/archive.sana.sy\/tr\/?p=55280","title":{"rendered":"Direni\u015f G\u00fc\u00e7leri I\u015e\u0130D\u2019li Onlarca Tekfirciyi \u00d6ld\u00fcrd\u00fc"},"content":{"rendered":"<p>BEYRUT \u2013 L\u00fcbnan ulusal direni\u015f g\u00fc\u00e7leri d\u00fcn L\u00fcbnan&#8217;\u0131n el Ka Da\u011flar\u0131nda el Hamra Tepelerine s\u0131zmaya \u00e7al\u0131\u015fan I\u015e\u0130D tekfircilerine kar\u015f\u0131 koyma \u00e7at\u0131\u015fmalar\u0131nda I\u015e\u0130D\u2019li onlarca tekfirciyi \u00f6ld\u00fcrd\u00fc.<\/p>\n<p>L\u00fcbnanl\u0131 el Menar Televizyonunun d\u00fcn gece saatlerinde yay\u0131nlad\u0131\u011f\u0131 haberde; say\u0131 ve ekipmanlar\u0131yla b\u00fcy\u00fck kay\u0131plar veren I\u015e\u0130D tekfircilerinden sa\u011f kalanlar\u0131n Ersal B\u00f6lgesine do\u011fru geri ka\u00e7t\u0131klar\u0131 belirtildi.<\/p>\n<p>L\u00fcbnan direni\u015f g\u00fc\u00e7leri ge\u00e7en \u00c7ar\u015famba g\u00fcn\u00fc L\u00fcbnan&#8217;\u0131n Bika B\u00f6lgesinin Ersal da\u011flar\u0131nda Kaide \u00d6rg\u00fct\u00fcn\u00fcn Suriye kolu Nusra Cephesinin bariz bir komutan\u0131n\u0131 \u00f6ld\u00fcrm\u00fc\u015flerdi.<\/p>\n<p>R.H.<\/p>\n","protected":false},"excerpt":{"rendered":"<p>BEYRUT \u2013 L\u00fcbnan ulusal direni\u015f g\u00fc\u00e7leri d\u00fcn L\u00fcbnan&#8217;\u0131n el Ka Da\u011flar\u0131nda el Hamra Tepelerine s\u0131zmaya \u00e7al\u0131\u015fan I\u015e\u0130D tekfircilerine kar\u015f\u0131 koyma \u00e7at\u0131\u015fmalar\u0131nda I\u015e\u0130D\u2019li onlarca tekfirciyi \u00f6ld\u00fcrd\u00fc. L\u00fcbnanl\u0131 el Menar Televizyonunun d\u00fcn gece saatlerinde yay\u0131nlad\u0131\u011f\u0131 haberde; say\u0131 ve ekipmanlar\u0131yla b\u00fcy\u00fck kay\u0131plar veren I\u015e\u0130D tekfircilerinden sa\u011f kalanlar\u0131n Ersal B\u00f6lgesine do\u011fru geri ka\u00e7t\u0131klar\u0131 belirtildi. L\u00fcbnan direni\u015f g\u00fc\u00e7leri ge\u00e7en \u00c7ar\u015famba &hellip;<\/p>\n","protected":false},"author":1,"featured_media":55281,"comment_status":"closed","ping_status":"closed","sticky":false,"template":"","format":"standard","meta":{"footnotes":""},"categories":[458,459,17988],"tags":[18085],"class_list":["post-55280","post","type-post","status-publish","format-standard","has-post-thumbnail","","category-dunya1","category-haberler-arap-uluslararasi-politika","category-son-haberler","tag-direnis-gucleri-isidli-onlarca-tekfirciyi-oldurdu"],"_links":{"self":[{"href":"https:\/\/archive.sana.sy\/tr\/index.php?rest_route=\/wp\/v2\/posts\/55280","targetHints":{"allow":["GET"]}}],"collection":[{"href":"https:\/\/archive.sana.sy\/tr\/index.php?rest_route=\/wp\/v2\/posts"}],"about":[{"href":"https:\/\/archive.sana.sy\/tr\/index.php?rest_route=\/wp\/v2\/types\/post"}],"author":[{"embeddable":true,"href":"https:\/\/archive.sana.sy\/tr\/index.php?rest_route=\/wp\/v2\/users\/1"}],"replies":[{"embeddable":true,"href":"https:\/\/archive.sana.sy\/tr\/index.php?rest_route=%2Fwp%2Fv2%2Fcomments&post=55280"}],"version-history":[{"count":0,"href":"https:\/\/archive.sana.sy\/tr\/index.php?rest_route=\/wp\/v2\/posts\/55280\/revisions"}],"wp:featuredmedia":[{"embeddable":true,"href":"https:\/\/archive.sana.sy\/tr\/index.php?rest_route=\/wp\/v2\/media\/55281"}],"wp:attachment":[{"href":"https:\/\/archive.sana.sy\/tr\/index.php?rest_route=%2Fwp%2Fv2%2Fmedia&parent=55280"}],"wp:term":[{"taxonomy":"category","embeddable":true,"href":"https:\/\/archive.sana.sy\/tr\/index.php?rest_route=%2Fwp%2Fv2%2Fcategories&post=55280"},{"taxonomy":"post_tag","embeddable":true,"href":"https:\/\/archive.sana.sy\/tr\/index.php?rest_route=%2Fwp%2Fv2%2Ftags&post=55280"}],"curies":[{"name":"wp","href":"https:\/\/api.w.org\/{rel}","templated":true}]}}